{"id":11375,"date":"2017-06-13T15:53:32","date_gmt":"2017-06-13T15:53:32","guid":{"rendered":"https:\/\/energie.pt\/mundo-energie-es\/noticias-es\/la-energia-captada-por-paneles-solares-termodinamicos-es-medida-en-el-ambito-del-sce\/"},"modified":"2025-01-23T17:08:00","modified_gmt":"2025-01-23T17:08:00","slug":"la-energia-captada-por-paneles-solares-termodinamicos-es-medida-en-el-ambito-del-sce","status":"publish","type":"post","link":"https:\/\/energie.pt\/es\/mundo-energie\/noticias\/la-energia-captada-por-paneles-solares-termodinamicos-es-medida-en-el-ambito-del-sce\/","title":{"rendered":"LA ENERG\u00cdA CAPTADA POR PANELES SOLARES TERMODIN\u00c1MICOS ES MEDIDA EN EL \u00c1MBITO DEL SCE"},"content":{"rendered":"\n<p>El m\u00e1s reciente proyecto de edificaci\u00f3n colectiva desarrollado por la VISCIVIL fue elaborado de acuerdo con la nueva regulaci\u00f3n, referente a la contabilizaci\u00f3n de la cantidad de energ\u00eda renovable suministrada por la Bomba de Calor. <\/p>\n\n<p>ENERGIE, en estrecha colaboraci\u00f3n con sus colaboradores, tanto proyectistas, agentes como distribuidores, ha estado desarrollando varias acciones de sensibilizaci\u00f3n e informaci\u00f3n por todo el pa\u00eds, promoviendo la implementaci\u00f3n de la tecnolog\u00eda Solar Termodin\u00e1mica. <\/p>\n\n<p>De acuerdo con la nueva regulaci\u00f3n es posible contabilizar la cantidad de energ\u00eda renovable suministrada por la Bomba de Calor en la producci\u00f3n de Aguas Calientes Sanitarias (ACS), de acuerdo con el n\u00ba 3 del art\u00edculo 29 del Decreto Ley n\u00ba 118\/2013. La contabilizaci\u00f3n energ\u00e9tica de estos sistemas se calcular\u00e1 de acuerdo con el Despacho 15793-H\/2013, de 3 de diciembre. <\/p>\n\n<p>Distribuidos por 17 fracciones y dimensionados de acuerdo con la tipolog\u00eda de cada apartamento, los Sistemas Solares Termodin\u00e1micos ECO garantizan las condiciones necesarias para que el edificio sea susceptible de certificaci\u00f3n de acuerdo con la legislaci\u00f3n vigente y obtenga el m\u00e1s elevado \u00edndice de certificaci\u00f3n energ\u00e9tica en la vertiente de producci\u00f3n de Aguas Calientes Sanitarias (ACS).<\/p>\n","protected":false},"excerpt":{"rendered":"<p>El m\u00e1s reciente proyecto de edificaci\u00f3n colectiva desarrollado por la VISCIVIL fue elaborado de acuerdo con la nueva regulaci\u00f3n, referente a la contabilizaci\u00f3n de la cantidad de energ\u00eda renovable suministrada por la Bomba de Calor. ENERGIE, en estrecha colaboraci\u00f3n con sus colaboradores, tanto proyectistas, agentes como distribuidores, ha estado desarrollando varias acciones de sensibilizaci\u00f3n e [&hellip;]<\/p>\n","protected":false},"author":3,"featured_media":10324,"comment_status":"open","ping_status":"closed","sticky":false,"template":"","format":"standard","meta":{"_acf_changed":false,"footnotes":""},"categories":[265,137],"tags":[],"class_list":["post-11375","post","type-post","status-publish","format-standard","has-post-thumbnail","hentry","category-mundo-energie","category-noticias"],"blocksy_meta":{"styles_descriptor":{"styles":{"desktop":"","tablet":"","mobile":""},"google_fonts":[],"version":6}},"acf":{"data_bimensal_da_noticia":"Junio \/ 2017"},"cp_meta_data":{"_encloseme":["1"],"blocksy_post_meta_options":["a:1:{s:17:\"styles_descriptor\";a:3:{s:6:\"styles\";a:3:{s:7:\"desktop\";s:0:\"\";s:6:\"tablet\";s:0:\"\";s:6:\"mobile\";s:0:\"\";}s:12:\"google_fonts\";a:0:{}s:7:\"version\";i:6;}}"],"_wpml_media_duplicate":["1"],"_wpml_media_featured":["1"],"_top_nav_excluded":[""],"_cms_nav_minihome":[""],"_wp_page_template":["default"],"_thumbnail_id":["10324"],"_last_translation_edit_mode":["translation-editor"],"_data_bimensal_da_noticia":["field_627e65cc70022"],"stackable_optimized_css":[""],"stackable_optimized_css_raw":["a:0:{}"],"_yoast_wpseo_primary_category":["1"],"data_bimensal_da_noticia":["Junio \/ 2017"]},"yoast_head":"<!-- This site is optimized with the Yoast SEO plugin v22.8 - https:\/\/yoast.com\/wordpress\/plugins\/seo\/ -->\r\n<title>LA ENERG\u00cdA CAPTADA POR PANELES SOLARES TERMODIN\u00c1MICOS ES MEDIDA EN EL \u00c1MBITO DEL SCE - ENERGIE EST, Lda.<\/title>\r\n<meta name=\"robots\" content=\"index, follow, max-snippet:-1, max-image-preview:large, max-video-preview:-1\" \/>\r\n<link rel=\"canonical\" href=\"https:\/\/energie.pt\/es\/mundo-energie\/noticias\/la-energia-captada-por-paneles-solares-termodinamicos-es-medida-en-el-ambito-del-sce\/\" \/>\r\n<meta property=\"og:locale\" content=\"es_ES\" \/>\r\n<meta property=\"og:type\" content=\"article\" \/>\r\n<meta property=\"og:title\" content=\"LA ENERG\u00cdA CAPTADA POR PANELES SOLARES TERMODIN\u00c1MICOS ES MEDIDA EN EL \u00c1MBITO DEL SCE - ENERGIE EST, Lda.\" \/>\r\n<meta property=\"og:description\" content=\"El m\u00e1s reciente proyecto de edificaci\u00f3n colectiva desarrollado por la VISCIVIL fue elaborado de acuerdo con la nueva regulaci\u00f3n, referente a la contabilizaci\u00f3n de la cantidad de energ\u00eda renovable suministrada por la Bomba de Calor. ENERGIE, en estrecha colaboraci\u00f3n con sus colaboradores, tanto proyectistas, agentes como distribuidores, ha estado desarrollando varias acciones de sensibilizaci\u00f3n e [&hellip;]\" \/>\r\n<meta property=\"og:url\" content=\"https:\/\/energie.pt\/es\/mundo-energie\/noticias\/la-energia-captada-por-paneles-solares-termodinamicos-es-medida-en-el-ambito-del-sce\/\" \/>\r\n<meta property=\"og:site_name\" content=\"ENERGIE EST, Lda.\" \/>\r\n<meta property=\"article:publisher\" content=\"https:\/\/www.facebook.com\/EnergiePortugalEst\/\" \/>\r\n<meta property=\"article:published_time\" content=\"2017-06-13T15:53:32+00:00\" \/>\r\n<meta property=\"article:modified_time\" content=\"2025-01-23T17:08:00+00:00\" \/>\r\n<meta property=\"og:image\" content=\"https:\/\/energie.pt\/wp-content\/uploads\/2022\/06\/junho-2017_viscivil.jpg\" \/>\r\n\t<meta property=\"og:image:width\" content=\"1563\" \/>\r\n\t<meta property=\"og:image:height\" content=\"826\" \/>\r\n\t<meta property=\"og:image:type\" content=\"image\/jpeg\" \/>\r\n<meta name=\"author\" content=\"catiarocha\" \/>\r\n<meta name=\"twitter:card\" content=\"summary_large_image\" \/>\r\n<meta name=\"twitter:label1\" content=\"Escrito por\" \/>\n\t<meta name=\"twitter:data1\" content=\"catiarocha\" \/>\n\t<meta name=\"twitter:label2\" content=\"Tiempo de lectura\" \/>\n\t<meta name=\"twitter:data2\" content=\"1 minuto\" \/>\r\n<script type=\"application\/ld+json\" class=\"yoast-schema-graph\">{\"@context\":\"https:\/\/schema.org\",\"@graph\":[{\"@type\":\"Article\",\"@id\":\"https:\/\/energie.pt\/es\/mundo-energie\/noticias\/la-energia-captada-por-paneles-solares-termodinamicos-es-medida-en-el-ambito-del-sce\/#article\",\"isPartOf\":{\"@id\":\"https:\/\/energie.pt\/es\/mundo-energie\/noticias\/la-energia-captada-por-paneles-solares-termodinamicos-es-medida-en-el-ambito-del-sce\/\"},\"author\":{\"name\":\"catiarocha\",\"@id\":\"https:\/\/energie.pt\/es\/#\/schema\/person\/db40e6f91190f7c107f522c91d27873d\"},\"headline\":\"LA ENERG\u00cdA CAPTADA POR PANELES SOLARES TERMODIN\u00c1MICOS ES MEDIDA EN EL \u00c1MBITO DEL SCE\",\"datePublished\":\"2017-06-13T15:53:32+00:00\",\"dateModified\":\"2025-01-23T17:08:00+00:00\",\"mainEntityOfPage\":{\"@id\":\"https:\/\/energie.pt\/es\/mundo-energie\/noticias\/la-energia-captada-por-paneles-solares-termodinamicos-es-medida-en-el-ambito-del-sce\/\"},\"wordCount\":221,\"commentCount\":0,\"publisher\":{\"@id\":\"https:\/\/energie.pt\/es\/#organization\"},\"image\":{\"@id\":\"https:\/\/energie.pt\/es\/mundo-energie\/noticias\/la-energia-captada-por-paneles-solares-termodinamicos-es-medida-en-el-ambito-del-sce\/#primaryimage\"},\"thumbnailUrl\":\"https:\/\/energie.pt\/wp-content\/uploads\/2022\/06\/junho-2017_viscivil.jpg\",\"articleSection\":[\"Mundo Energie\",\"Noticias\"],\"inLanguage\":\"es\",\"potentialAction\":[{\"@type\":\"CommentAction\",\"name\":\"Comment\",\"target\":[\"https:\/\/energie.pt\/es\/mundo-energie\/noticias\/la-energia-captada-por-paneles-solares-termodinamicos-es-medida-en-el-ambito-del-sce\/#respond\"]}]},{\"@type\":\"WebPage\",\"@id\":\"https:\/\/energie.pt\/es\/mundo-energie\/noticias\/la-energia-captada-por-paneles-solares-termodinamicos-es-medida-en-el-ambito-del-sce\/\",\"url\":\"https:\/\/energie.pt\/es\/mundo-energie\/noticias\/la-energia-captada-por-paneles-solares-termodinamicos-es-medida-en-el-ambito-del-sce\/\",\"name\":\"LA ENERG\u00cdA CAPTADA POR PANELES SOLARES TERMODIN\u00c1MICOS ES MEDIDA EN EL \u00c1MBITO DEL SCE - ENERGIE EST, Lda.\",\"isPartOf\":{\"@id\":\"https:\/\/energie.pt\/es\/#website\"},\"primaryImageOfPage\":{\"@id\":\"https:\/\/energie.pt\/es\/mundo-energie\/noticias\/la-energia-captada-por-paneles-solares-termodinamicos-es-medida-en-el-ambito-del-sce\/#primaryimage\"},\"image\":{\"@id\":\"https:\/\/energie.pt\/es\/mundo-energie\/noticias\/la-energia-captada-por-paneles-solares-termodinamicos-es-medida-en-el-ambito-del-sce\/#primaryimage\"},\"thumbnailUrl\":\"https:\/\/energie.pt\/wp-content\/uploads\/2022\/06\/junho-2017_viscivil.jpg\",\"datePublished\":\"2017-06-13T15:53:32+00:00\",\"dateModified\":\"2025-01-23T17:08:00+00:00\",\"breadcrumb\":{\"@id\":\"https:\/\/energie.pt\/es\/mundo-energie\/noticias\/la-energia-captada-por-paneles-solares-termodinamicos-es-medida-en-el-ambito-del-sce\/#breadcrumb\"},\"inLanguage\":\"es\",\"potentialAction\":[{\"@type\":\"ReadAction\",\"target\":[\"https:\/\/energie.pt\/es\/mundo-energie\/noticias\/la-energia-captada-por-paneles-solares-termodinamicos-es-medida-en-el-ambito-del-sce\/\"]}]},{\"@type\":\"ImageObject\",\"inLanguage\":\"es\",\"@id\":\"https:\/\/energie.pt\/es\/mundo-energie\/noticias\/la-energia-captada-por-paneles-solares-termodinamicos-es-medida-en-el-ambito-del-sce\/#primaryimage\",\"url\":\"https:\/\/energie.pt\/wp-content\/uploads\/2022\/06\/junho-2017_viscivil.jpg\",\"contentUrl\":\"https:\/\/energie.pt\/wp-content\/uploads\/2022\/06\/junho-2017_viscivil.jpg\",\"width\":1563,\"height\":826},{\"@type\":\"BreadcrumbList\",\"@id\":\"https:\/\/energie.pt\/es\/mundo-energie\/noticias\/la-energia-captada-por-paneles-solares-termodinamicos-es-medida-en-el-ambito-del-sce\/#breadcrumb\",\"itemListElement\":[{\"@type\":\"ListItem\",\"position\":1,\"name\":\"P\u00e1gina principal\",\"item\":\"https:\/\/energie.pt\/es\/\"},{\"@type\":\"ListItem\",\"position\":2,\"name\":\"Mundo Energie\",\"item\":\"https:\/\/energie.pt\/es\/category\/mundo-energie\/\"},{\"@type\":\"ListItem\",\"position\":3,\"name\":\"Noticias\",\"item\":\"https:\/\/energie.pt\/es\/category\/mundo-energie\/noticias\/\"},{\"@type\":\"ListItem\",\"position\":4,\"name\":\"LA ENERG\u00cdA CAPTADA POR PANELES SOLARES TERMODIN\u00c1MICOS ES MEDIDA EN EL \u00c1MBITO DEL SCE\"}]},{\"@type\":\"WebSite\",\"@id\":\"https:\/\/energie.pt\/es\/#website\",\"url\":\"https:\/\/energie.pt\/es\/\",\"name\":\"ENERGIE\",\"description\":\"Soluciones de Energ\u00eda Solar Termodin\u00e1mica, Climatizaci\u00f3n, Bombas de Calor y ACS\",\"publisher\":{\"@id\":\"https:\/\/energie.pt\/es\/#organization\"},\"alternateName\":\"ENERGIE\",\"potentialAction\":[{\"@type\":\"SearchAction\",\"target\":{\"@type\":\"EntryPoint\",\"urlTemplate\":\"https:\/\/energie.pt\/es\/?s={search_term_string}\"},\"query-input\":\"required name=search_term_string\"}],\"inLanguage\":\"es\"},{\"@type\":\"Organization\",\"@id\":\"https:\/\/energie.pt\/es\/#organization\",\"name\":\"Energie - Thermodynamic Solar Energy\",\"alternateName\":\"Energie\",\"url\":\"https:\/\/energie.pt\/es\/\",\"logo\":{\"@type\":\"ImageObject\",\"inLanguage\":\"es\",\"@id\":\"https:\/\/energie.pt\/es\/#\/schema\/logo\/image\/\",\"url\":\"https:\/\/energie.pt\/wp-content\/uploads\/2021\/06\/logo_energie.svg\",\"contentUrl\":\"https:\/\/energie.pt\/wp-content\/uploads\/2021\/06\/logo_energie.svg\",\"width\":190,\"height\":55,\"caption\":\"Energie - Thermodynamic Solar Energy\"},\"image\":{\"@id\":\"https:\/\/energie.pt\/es\/#\/schema\/logo\/image\/\"},\"sameAs\":[\"https:\/\/www.facebook.com\/EnergiePortugalEst\/\",\"https:\/\/www.instagram.com\/energieportugal\/\",\"https:\/\/www.youtube.com\/channel\/UCnItbF_zm_YZ1tFqzUcVgPQ\",\"https:\/\/www.linkedin.com\/company\/energieportugal\/\"]},{\"@type\":\"Person\",\"@id\":\"https:\/\/energie.pt\/es\/#\/schema\/person\/db40e6f91190f7c107f522c91d27873d\",\"name\":\"catiarocha\",\"sameAs\":[\"https:\/\/energie.pt\/\"],\"url\":\"https:\/\/energie.pt\/es\/author\/catiarocha\/\"}]}<\/script>\r\n<!-- \/ Yoast SEO plugin. -->","yoast_head_json":{"title":"LA ENERG\u00cdA CAPTADA POR PANELES SOLARES TERMODIN\u00c1MICOS ES MEDIDA EN EL \u00c1MBITO DEL SCE - ENERGIE EST, Lda.","robots":{"index":"index","follow":"follow","max-snippet":"max-snippet:-1","max-image-preview":"max-image-preview:large","max-video-preview":"max-video-preview:-1"},"canonical":"https:\/\/energie.pt\/es\/mundo-energie\/noticias\/la-energia-captada-por-paneles-solares-termodinamicos-es-medida-en-el-ambito-del-sce\/","og_locale":"es_ES","og_type":"article","og_title":"LA ENERG\u00cdA CAPTADA POR PANELES SOLARES TERMODIN\u00c1MICOS ES MEDIDA EN EL \u00c1MBITO DEL SCE - ENERGIE EST, Lda.","og_description":"El m\u00e1s reciente proyecto de edificaci\u00f3n colectiva desarrollado por la VISCIVIL fue elaborado de acuerdo con la nueva regulaci\u00f3n, referente a la contabilizaci\u00f3n de la cantidad de energ\u00eda renovable suministrada por la Bomba de Calor. ENERGIE, en estrecha colaboraci\u00f3n con sus colaboradores, tanto proyectistas, agentes como distribuidores, ha estado desarrollando varias acciones de sensibilizaci\u00f3n e [&hellip;]","og_url":"https:\/\/energie.pt\/es\/mundo-energie\/noticias\/la-energia-captada-por-paneles-solares-termodinamicos-es-medida-en-el-ambito-del-sce\/","og_site_name":"ENERGIE EST, Lda.","article_publisher":"https:\/\/www.facebook.com\/EnergiePortugalEst\/","article_published_time":"2017-06-13T15:53:32+00:00","article_modified_time":"2025-01-23T17:08:00+00:00","og_image":[{"width":1563,"height":826,"url":"https:\/\/energie.pt\/wp-content\/uploads\/2022\/06\/junho-2017_viscivil.jpg","type":"image\/jpeg"}],"author":"catiarocha","twitter_card":"summary_large_image","twitter_misc":{"Escrito por":"catiarocha","Tiempo de lectura":"1 minuto"},"schema":{"@context":"https:\/\/schema.org","@graph":[{"@type":"Article","@id":"https:\/\/energie.pt\/es\/mundo-energie\/noticias\/la-energia-captada-por-paneles-solares-termodinamicos-es-medida-en-el-ambito-del-sce\/#article","isPartOf":{"@id":"https:\/\/energie.pt\/es\/mundo-energie\/noticias\/la-energia-captada-por-paneles-solares-termodinamicos-es-medida-en-el-ambito-del-sce\/"},"author":{"name":"catiarocha","@id":"https:\/\/energie.pt\/es\/#\/schema\/person\/db40e6f91190f7c107f522c91d27873d"},"headline":"LA ENERG\u00cdA CAPTADA POR PANELES SOLARES TERMODIN\u00c1MICOS ES MEDIDA EN EL \u00c1MBITO DEL SCE","datePublished":"2017-06-13T15:53:32+00:00","dateModified":"2025-01-23T17:08:00+00:00","mainEntityOfPage":{"@id":"https:\/\/energie.pt\/es\/mundo-energie\/noticias\/la-energia-captada-por-paneles-solares-termodinamicos-es-medida-en-el-ambito-del-sce\/"},"wordCount":221,"commentCount":0,"publisher":{"@id":"https:\/\/energie.pt\/es\/#organization"},"image":{"@id":"https:\/\/energie.pt\/es\/mundo-energie\/noticias\/la-energia-captada-por-paneles-solares-termodinamicos-es-medida-en-el-ambito-del-sce\/#primaryimage"},"thumbnailUrl":"https:\/\/energie.pt\/wp-content\/uploads\/2022\/06\/junho-2017_viscivil.jpg","articleSection":["Mundo Energie","Noticias"],"inLanguage":"es","potentialAction":[{"@type":"CommentAction","name":"Comment","target":["https:\/\/energie.pt\/es\/mundo-energie\/noticias\/la-energia-captada-por-paneles-solares-termodinamicos-es-medida-en-el-ambito-del-sce\/#respond"]}]},{"@type":"WebPage","@id":"https:\/\/energie.pt\/es\/mundo-energie\/noticias\/la-energia-captada-por-paneles-solares-termodinamicos-es-medida-en-el-ambito-del-sce\/","url":"https:\/\/energie.pt\/es\/mundo-energie\/noticias\/la-energia-captada-por-paneles-solares-termodinamicos-es-medida-en-el-ambito-del-sce\/","name":"LA ENERG\u00cdA CAPTADA POR PANELES SOLARES TERMODIN\u00c1MICOS ES MEDIDA EN EL \u00c1MBITO DEL SCE - ENERGIE EST, Lda.","isPartOf":{"@id":"https:\/\/energie.pt\/es\/#website"},"primaryImageOfPage":{"@id":"https:\/\/energie.pt\/es\/mundo-energie\/noticias\/la-energia-captada-por-paneles-solares-termodinamicos-es-medida-en-el-ambito-del-sce\/#primaryimage"},"image":{"@id":"https:\/\/energie.pt\/es\/mundo-energie\/noticias\/la-energia-captada-por-paneles-solares-termodinamicos-es-medida-en-el-ambito-del-sce\/#primaryimage"},"thumbnailUrl":"https:\/\/energie.pt\/wp-content\/uploads\/2022\/06\/junho-2017_viscivil.jpg","datePublished":"2017-06-13T15:53:32+00:00","dateModified":"2025-01-23T17:08:00+00:00","breadcrumb":{"@id":"https:\/\/energie.pt\/es\/mundo-energie\/noticias\/la-energia-captada-por-paneles-solares-termodinamicos-es-medida-en-el-ambito-del-sce\/#breadcrumb"},"inLanguage":"es","potentialAction":[{"@type":"ReadAction","target":["https:\/\/energie.pt\/es\/mundo-energie\/noticias\/la-energia-captada-por-paneles-solares-termodinamicos-es-medida-en-el-ambito-del-sce\/"]}]},{"@type":"ImageObject","inLanguage":"es","@id":"https:\/\/energie.pt\/es\/mundo-energie\/noticias\/la-energia-captada-por-paneles-solares-termodinamicos-es-medida-en-el-ambito-del-sce\/#primaryimage","url":"https:\/\/energie.pt\/wp-content\/uploads\/2022\/06\/junho-2017_viscivil.jpg","contentUrl":"https:\/\/energie.pt\/wp-content\/uploads\/2022\/06\/junho-2017_viscivil.jpg","width":1563,"height":826},{"@type":"BreadcrumbList","@id":"https:\/\/energie.pt\/es\/mundo-energie\/noticias\/la-energia-captada-por-paneles-solares-termodinamicos-es-medida-en-el-ambito-del-sce\/#breadcrumb","itemListElement":[{"@type":"ListItem","position":1,"name":"P\u00e1gina principal","item":"https:\/\/energie.pt\/es\/"},{"@type":"ListItem","position":2,"name":"Mundo Energie","item":"https:\/\/energie.pt\/es\/category\/mundo-energie\/"},{"@type":"ListItem","position":3,"name":"Noticias","item":"https:\/\/energie.pt\/es\/category\/mundo-energie\/noticias\/"},{"@type":"ListItem","position":4,"name":"LA ENERG\u00cdA CAPTADA POR PANELES SOLARES TERMODIN\u00c1MICOS ES MEDIDA EN EL \u00c1MBITO DEL SCE"}]},{"@type":"WebSite","@id":"https:\/\/energie.pt\/es\/#website","url":"https:\/\/energie.pt\/es\/","name":"ENERGIE","description":"Soluciones de Energ\u00eda Solar Termodin\u00e1mica, Climatizaci\u00f3n, Bombas de Calor y ACS","publisher":{"@id":"https:\/\/energie.pt\/es\/#organization"},"alternateName":"ENERGIE","potentialAction":[{"@type":"SearchAction","target":{"@type":"EntryPoint","urlTemplate":"https:\/\/energie.pt\/es\/?s={search_term_string}"},"query-input":"required name=search_term_string"}],"inLanguage":"es"},{"@type":"Organization","@id":"https:\/\/energie.pt\/es\/#organization","name":"Energie - Thermodynamic Solar Energy","alternateName":"Energie","url":"https:\/\/energie.pt\/es\/","logo":{"@type":"ImageObject","inLanguage":"es","@id":"https:\/\/energie.pt\/es\/#\/schema\/logo\/image\/","url":"https:\/\/energie.pt\/wp-content\/uploads\/2021\/06\/logo_energie.svg","contentUrl":"https:\/\/energie.pt\/wp-content\/uploads\/2021\/06\/logo_energie.svg","width":190,"height":55,"caption":"Energie - Thermodynamic Solar Energy"},"image":{"@id":"https:\/\/energie.pt\/es\/#\/schema\/logo\/image\/"},"sameAs":["https:\/\/www.facebook.com\/EnergiePortugalEst\/","https:\/\/www.instagram.com\/energieportugal\/","https:\/\/www.youtube.com\/channel\/UCnItbF_zm_YZ1tFqzUcVgPQ","https:\/\/www.linkedin.com\/company\/energieportugal\/"]},{"@type":"Person","@id":"https:\/\/energie.pt\/es\/#\/schema\/person\/db40e6f91190f7c107f522c91d27873d","name":"catiarocha","sameAs":["https:\/\/energie.pt\/"],"url":"https:\/\/energie.pt\/es\/author\/catiarocha\/"}]}},"_links":{"self":[{"href":"https:\/\/energie.pt\/es\/wp-json\/wp\/v2\/posts\/11375"}],"collection":[{"href":"https:\/\/energie.pt\/es\/wp-json\/wp\/v2\/posts"}],"about":[{"href":"https:\/\/energie.pt\/es\/wp-json\/wp\/v2\/types\/post"}],"author":[{"embeddable":true,"href":"https:\/\/energie.pt\/es\/wp-json\/wp\/v2\/users\/3"}],"replies":[{"embeddable":true,"href":"https:\/\/energie.pt\/es\/wp-json\/wp\/v2\/comments?post=11375"}],"version-history":[{"count":1,"href":"https:\/\/energie.pt\/es\/wp-json\/wp\/v2\/posts\/11375\/revisions"}],"predecessor-version":[{"id":30596,"href":"https:\/\/energie.pt\/es\/wp-json\/wp\/v2\/posts\/11375\/revisions\/30596"}],"wp:featuredmedia":[{"embeddable":true,"href":"https:\/\/energie.pt\/es\/wp-json\/wp\/v2\/media\/10324"}],"wp:attachment":[{"href":"https:\/\/energie.pt\/es\/wp-json\/wp\/v2\/media?parent=11375"}],"wp:term":[{"taxonomy":"category","embeddable":true,"href":"https:\/\/energie.pt\/es\/wp-json\/wp\/v2\/categories?post=11375"},{"taxonomy":"post_tag","embeddable":true,"href":"https:\/\/energie.pt\/es\/wp-json\/wp\/v2\/tags?post=11375"}],"curies":[{"name":"wp","href":"https:\/\/api.w.org\/{rel}","templated":true}]}}