{"id":11377,"date":"2017-07-13T15:56:52","date_gmt":"2017-07-13T15:56:52","guid":{"rendered":"https:\/\/energie.pt\/mundo-energie-es\/noticias-es\/presentacion-y-formacion-internacional\/"},"modified":"2025-01-23T17:06:47","modified_gmt":"2025-01-23T17:06:47","slug":"presentacion-y-formacion-internacional","status":"publish","type":"post","link":"https:\/\/energie.pt\/es\/mundo-energie\/noticias\/presentacion-y-formacion-internacional\/","title":{"rendered":"PRESENTACI\u00d3N Y FORMACI\u00d3N INTERNACIONAL"},"content":{"rendered":"\n<p>Durante dos d\u00edas, 11 y 12 de julio, ENERGIE concluy\u00f3 con gran \u00e9xito una presentaci\u00f3n m\u00e1s y formaci\u00f3n de sus productos. Se presentaron varios productos, entre los cuales se destac\u00f3 el nuevo ECOTOP.<\/p>\n\n<p>Esta acci\u00f3n se dirige a 20 potenciales prescriptores e instaladores de diferentes pa\u00edses entre los que se incluyen el Reino Unido, Francia, Irlanda y Nueva Zelanda.&#13;\n<\/p>\n","protected":false},"excerpt":{"rendered":"<p>Durante dos d\u00edas, 11 y 12 de julio, ENERGIE concluy\u00f3 con gran \u00e9xito una presentaci\u00f3n m\u00e1s y formaci\u00f3n de sus productos. Se presentaron varios productos, entre los cuales se destac\u00f3 el nuevo ECOTOP. Esta acci\u00f3n se dirige a 20 potenciales prescriptores e instaladores de diferentes pa\u00edses entre los que se incluyen el Reino Unido, Francia, [&hellip;]<\/p>\n","protected":false},"author":3,"featured_media":10334,"comment_status":"open","ping_status":"closed","sticky":false,"template":"","format":"standard","meta":{"_acf_changed":false,"footnotes":""},"categories":[265,137],"tags":[],"class_list":["post-11377","post","type-post","status-publish","format-standard","has-post-thumbnail","hentry","category-mundo-energie","category-noticias"],"blocksy_meta":{"styles_descriptor":{"styles":{"desktop":"","tablet":"","mobile":""},"google_fonts":[],"version":6}},"acf":{"data_bimensal_da_noticia":"Julio \/ 2017"},"cp_meta_data":{"_encloseme":["1"],"blocksy_post_meta_options":["a:1:{s:17:\"styles_descriptor\";a:3:{s:6:\"styles\";a:3:{s:7:\"desktop\";s:0:\"\";s:6:\"tablet\";s:0:\"\";s:6:\"mobile\";s:0:\"\";}s:12:\"google_fonts\";a:0:{}s:7:\"version\";i:6;}}"],"_wpml_media_duplicate":["1"],"_wpml_media_featured":["1"],"_top_nav_excluded":[""],"_cms_nav_minihome":[""],"_wp_page_template":["default"],"_thumbnail_id":["10334"],"_last_translation_edit_mode":["translation-editor"],"_data_bimensal_da_noticia":["field_627e65cc70022"],"stackable_optimized_css":[""],"stackable_optimized_css_raw":["a:0:{}"],"_yoast_wpseo_primary_category":["1"],"data_bimensal_da_noticia":["Julio \/ 2017"]},"yoast_head":"<!-- This site is optimized with the Yoast SEO plugin v22.8 - https:\/\/yoast.com\/wordpress\/plugins\/seo\/ -->\r\n<title>PRESENTACI\u00d3N Y FORMACI\u00d3N INTERNACIONAL - ENERGIE EST, Lda.<\/title>\r\n<meta name=\"robots\" content=\"index, follow, max-snippet:-1, max-image-preview:large, max-video-preview:-1\" \/>\r\n<link rel=\"canonical\" href=\"https:\/\/energie.pt\/es\/mundo-energie\/noticias\/presentacion-y-formacion-internacional\/\" \/>\r\n<meta property=\"og:locale\" content=\"es_ES\" \/>\r\n<meta property=\"og:type\" content=\"article\" \/>\r\n<meta property=\"og:title\" content=\"PRESENTACI\u00d3N Y FORMACI\u00d3N INTERNACIONAL - ENERGIE EST, Lda.\" \/>\r\n<meta property=\"og:description\" content=\"Durante dos d\u00edas, 11 y 12 de julio, ENERGIE concluy\u00f3 con gran \u00e9xito una presentaci\u00f3n m\u00e1s y formaci\u00f3n de sus productos. Se presentaron varios productos, entre los cuales se destac\u00f3 el nuevo ECOTOP. Esta acci\u00f3n se dirige a 20 potenciales prescriptores e instaladores de diferentes pa\u00edses entre los que se incluyen el Reino Unido, Francia, [&hellip;]\" \/>\r\n<meta property=\"og:url\" content=\"https:\/\/energie.pt\/es\/mundo-energie\/noticias\/presentacion-y-formacion-internacional\/\" \/>\r\n<meta property=\"og:site_name\" content=\"ENERGIE EST, Lda.\" \/>\r\n<meta property=\"article:publisher\" content=\"https:\/\/www.facebook.com\/EnergiePortugalEst\/\" \/>\r\n<meta property=\"article:published_time\" content=\"2017-07-13T15:56:52+00:00\" \/>\r\n<meta property=\"article:modified_time\" content=\"2025-01-23T17:06:47+00:00\" \/>\r\n<meta property=\"og:image\" content=\"https:\/\/energie.pt\/wp-content\/uploads\/2022\/06\/julho-2017_formacao.jpg\" \/>\r\n\t<meta property=\"og:image:width\" content=\"1568\" \/>\r\n\t<meta property=\"og:image:height\" content=\"830\" \/>\r\n\t<meta property=\"og:image:type\" content=\"image\/jpeg\" \/>\r\n<meta name=\"author\" content=\"catiarocha\" \/>\r\n<meta name=\"twitter:card\" content=\"summary_large_image\" \/>\r\n<meta name=\"twitter:label1\" content=\"Escrito por\" \/>\n\t<meta name=\"twitter:data1\" content=\"catiarocha\" \/>\r\n<script type=\"application\/ld+json\" class=\"yoast-schema-graph\">{\"@context\":\"https:\/\/schema.org\",\"@graph\":[{\"@type\":\"Article\",\"@id\":\"https:\/\/energie.pt\/es\/mundo-energie\/noticias\/presentacion-y-formacion-internacional\/#article\",\"isPartOf\":{\"@id\":\"https:\/\/energie.pt\/es\/mundo-energie\/noticias\/presentacion-y-formacion-internacional\/\"},\"author\":{\"name\":\"catiarocha\",\"@id\":\"https:\/\/energie.pt\/es\/#\/schema\/person\/db40e6f91190f7c107f522c91d27873d\"},\"headline\":\"PRESENTACI\u00d3N Y FORMACI\u00d3N INTERNACIONAL\",\"datePublished\":\"2017-07-13T15:56:52+00:00\",\"dateModified\":\"2025-01-23T17:06:47+00:00\",\"mainEntityOfPage\":{\"@id\":\"https:\/\/energie.pt\/es\/mundo-energie\/noticias\/presentacion-y-formacion-internacional\/\"},\"wordCount\":68,\"commentCount\":0,\"publisher\":{\"@id\":\"https:\/\/energie.pt\/es\/#organization\"},\"image\":{\"@id\":\"https:\/\/energie.pt\/es\/mundo-energie\/noticias\/presentacion-y-formacion-internacional\/#primaryimage\"},\"thumbnailUrl\":\"https:\/\/energie.pt\/wp-content\/uploads\/2022\/06\/julho-2017_formacao.jpg\",\"articleSection\":[\"Mundo Energie\",\"Noticias\"],\"inLanguage\":\"es\",\"potentialAction\":[{\"@type\":\"CommentAction\",\"name\":\"Comment\",\"target\":[\"https:\/\/energie.pt\/es\/mundo-energie\/noticias\/presentacion-y-formacion-internacional\/#respond\"]}]},{\"@type\":\"WebPage\",\"@id\":\"https:\/\/energie.pt\/es\/mundo-energie\/noticias\/presentacion-y-formacion-internacional\/\",\"url\":\"https:\/\/energie.pt\/es\/mundo-energie\/noticias\/presentacion-y-formacion-internacional\/\",\"name\":\"PRESENTACI\u00d3N Y FORMACI\u00d3N INTERNACIONAL - ENERGIE EST, Lda.\",\"isPartOf\":{\"@id\":\"https:\/\/energie.pt\/es\/#website\"},\"primaryImageOfPage\":{\"@id\":\"https:\/\/energie.pt\/es\/mundo-energie\/noticias\/presentacion-y-formacion-internacional\/#primaryimage\"},\"image\":{\"@id\":\"https:\/\/energie.pt\/es\/mundo-energie\/noticias\/presentacion-y-formacion-internacional\/#primaryimage\"},\"thumbnailUrl\":\"https:\/\/energie.pt\/wp-content\/uploads\/2022\/06\/julho-2017_formacao.jpg\",\"datePublished\":\"2017-07-13T15:56:52+00:00\",\"dateModified\":\"2025-01-23T17:06:47+00:00\",\"breadcrumb\":{\"@id\":\"https:\/\/energie.pt\/es\/mundo-energie\/noticias\/presentacion-y-formacion-internacional\/#breadcrumb\"},\"inLanguage\":\"es\",\"potentialAction\":[{\"@type\":\"ReadAction\",\"target\":[\"https:\/\/energie.pt\/es\/mundo-energie\/noticias\/presentacion-y-formacion-internacional\/\"]}]},{\"@type\":\"ImageObject\",\"inLanguage\":\"es\",\"@id\":\"https:\/\/energie.pt\/es\/mundo-energie\/noticias\/presentacion-y-formacion-internacional\/#primaryimage\",\"url\":\"https:\/\/energie.pt\/wp-content\/uploads\/2022\/06\/julho-2017_formacao.jpg\",\"contentUrl\":\"https:\/\/energie.pt\/wp-content\/uploads\/2022\/06\/julho-2017_formacao.jpg\",\"width\":1568,\"height\":830},{\"@type\":\"BreadcrumbList\",\"@id\":\"https:\/\/energie.pt\/es\/mundo-energie\/noticias\/presentacion-y-formacion-internacional\/#breadcrumb\",\"itemListElement\":[{\"@type\":\"ListItem\",\"position\":1,\"name\":\"P\u00e1gina principal\",\"item\":\"https:\/\/energie.pt\/es\/\"},{\"@type\":\"ListItem\",\"position\":2,\"name\":\"Mundo Energie\",\"item\":\"https:\/\/energie.pt\/es\/category\/mundo-energie\/\"},{\"@type\":\"ListItem\",\"position\":3,\"name\":\"Noticias\",\"item\":\"https:\/\/energie.pt\/es\/category\/mundo-energie\/noticias\/\"},{\"@type\":\"ListItem\",\"position\":4,\"name\":\"PRESENTACI\u00d3N Y FORMACI\u00d3N INTERNACIONAL\"}]},{\"@type\":\"WebSite\",\"@id\":\"https:\/\/energie.pt\/es\/#website\",\"url\":\"https:\/\/energie.pt\/es\/\",\"name\":\"ENERGIE\",\"description\":\"Soluciones de Energ\u00eda Solar Termodin\u00e1mica, Climatizaci\u00f3n, Bombas de Calor y ACS\",\"publisher\":{\"@id\":\"https:\/\/energie.pt\/es\/#organization\"},\"alternateName\":\"ENERGIE\",\"potentialAction\":[{\"@type\":\"SearchAction\",\"target\":{\"@type\":\"EntryPoint\",\"urlTemplate\":\"https:\/\/energie.pt\/es\/?s={search_term_string}\"},\"query-input\":\"required name=search_term_string\"}],\"inLanguage\":\"es\"},{\"@type\":\"Organization\",\"@id\":\"https:\/\/energie.pt\/es\/#organization\",\"name\":\"Energie - Thermodynamic Solar Energy\",\"alternateName\":\"Energie\",\"url\":\"https:\/\/energie.pt\/es\/\",\"logo\":{\"@type\":\"ImageObject\",\"inLanguage\":\"es\",\"@id\":\"https:\/\/energie.pt\/es\/#\/schema\/logo\/image\/\",\"url\":\"https:\/\/energie.pt\/wp-content\/uploads\/2021\/06\/logo_energie.svg\",\"contentUrl\":\"https:\/\/energie.pt\/wp-content\/uploads\/2021\/06\/logo_energie.svg\",\"width\":190,\"height\":55,\"caption\":\"Energie - Thermodynamic Solar Energy\"},\"image\":{\"@id\":\"https:\/\/energie.pt\/es\/#\/schema\/logo\/image\/\"},\"sameAs\":[\"https:\/\/www.facebook.com\/EnergiePortugalEst\/\",\"https:\/\/www.instagram.com\/energieportugal\/\",\"https:\/\/www.youtube.com\/channel\/UCnItbF_zm_YZ1tFqzUcVgPQ\",\"https:\/\/www.linkedin.com\/company\/energieportugal\/\"]},{\"@type\":\"Person\",\"@id\":\"https:\/\/energie.pt\/es\/#\/schema\/person\/db40e6f91190f7c107f522c91d27873d\",\"name\":\"catiarocha\",\"sameAs\":[\"https:\/\/energie.pt\/\"],\"url\":\"https:\/\/energie.pt\/es\/author\/catiarocha\/\"}]}<\/script>\r\n<!-- \/ Yoast SEO plugin. -->","yoast_head_json":{"title":"PRESENTACI\u00d3N Y FORMACI\u00d3N INTERNACIONAL - ENERGIE EST, Lda.","robots":{"index":"index","follow":"follow","max-snippet":"max-snippet:-1","max-image-preview":"max-image-preview:large","max-video-preview":"max-video-preview:-1"},"canonical":"https:\/\/energie.pt\/es\/mundo-energie\/noticias\/presentacion-y-formacion-internacional\/","og_locale":"es_ES","og_type":"article","og_title":"PRESENTACI\u00d3N Y FORMACI\u00d3N INTERNACIONAL - ENERGIE EST, Lda.","og_description":"Durante dos d\u00edas, 11 y 12 de julio, ENERGIE concluy\u00f3 con gran \u00e9xito una presentaci\u00f3n m\u00e1s y formaci\u00f3n de sus productos. Se presentaron varios productos, entre los cuales se destac\u00f3 el nuevo ECOTOP. Esta acci\u00f3n se dirige a 20 potenciales prescriptores e instaladores de diferentes pa\u00edses entre los que se incluyen el Reino Unido, Francia, [&hellip;]","og_url":"https:\/\/energie.pt\/es\/mundo-energie\/noticias\/presentacion-y-formacion-internacional\/","og_site_name":"ENERGIE EST, Lda.","article_publisher":"https:\/\/www.facebook.com\/EnergiePortugalEst\/","article_published_time":"2017-07-13T15:56:52+00:00","article_modified_time":"2025-01-23T17:06:47+00:00","og_image":[{"width":1568,"height":830,"url":"https:\/\/energie.pt\/wp-content\/uploads\/2022\/06\/julho-2017_formacao.jpg","type":"image\/jpeg"}],"author":"catiarocha","twitter_card":"summary_large_image","twitter_misc":{"Escrito por":"catiarocha"},"schema":{"@context":"https:\/\/schema.org","@graph":[{"@type":"Article","@id":"https:\/\/energie.pt\/es\/mundo-energie\/noticias\/presentacion-y-formacion-internacional\/#article","isPartOf":{"@id":"https:\/\/energie.pt\/es\/mundo-energie\/noticias\/presentacion-y-formacion-internacional\/"},"author":{"name":"catiarocha","@id":"https:\/\/energie.pt\/es\/#\/schema\/person\/db40e6f91190f7c107f522c91d27873d"},"headline":"PRESENTACI\u00d3N Y FORMACI\u00d3N INTERNACIONAL","datePublished":"2017-07-13T15:56:52+00:00","dateModified":"2025-01-23T17:06:47+00:00","mainEntityOfPage":{"@id":"https:\/\/energie.pt\/es\/mundo-energie\/noticias\/presentacion-y-formacion-internacional\/"},"wordCount":68,"commentCount":0,"publisher":{"@id":"https:\/\/energie.pt\/es\/#organization"},"image":{"@id":"https:\/\/energie.pt\/es\/mundo-energie\/noticias\/presentacion-y-formacion-internacional\/#primaryimage"},"thumbnailUrl":"https:\/\/energie.pt\/wp-content\/uploads\/2022\/06\/julho-2017_formacao.jpg","articleSection":["Mundo Energie","Noticias"],"inLanguage":"es","potentialAction":[{"@type":"CommentAction","name":"Comment","target":["https:\/\/energie.pt\/es\/mundo-energie\/noticias\/presentacion-y-formacion-internacional\/#respond"]}]},{"@type":"WebPage","@id":"https:\/\/energie.pt\/es\/mundo-energie\/noticias\/presentacion-y-formacion-internacional\/","url":"https:\/\/energie.pt\/es\/mundo-energie\/noticias\/presentacion-y-formacion-internacional\/","name":"PRESENTACI\u00d3N Y FORMACI\u00d3N INTERNACIONAL - ENERGIE EST, Lda.","isPartOf":{"@id":"https:\/\/energie.pt\/es\/#website"},"primaryImageOfPage":{"@id":"https:\/\/energie.pt\/es\/mundo-energie\/noticias\/presentacion-y-formacion-internacional\/#primaryimage"},"image":{"@id":"https:\/\/energie.pt\/es\/mundo-energie\/noticias\/presentacion-y-formacion-internacional\/#primaryimage"},"thumbnailUrl":"https:\/\/energie.pt\/wp-content\/uploads\/2022\/06\/julho-2017_formacao.jpg","datePublished":"2017-07-13T15:56:52+00:00","dateModified":"2025-01-23T17:06:47+00:00","breadcrumb":{"@id":"https:\/\/energie.pt\/es\/mundo-energie\/noticias\/presentacion-y-formacion-internacional\/#breadcrumb"},"inLanguage":"es","potentialAction":[{"@type":"ReadAction","target":["https:\/\/energie.pt\/es\/mundo-energie\/noticias\/presentacion-y-formacion-internacional\/"]}]},{"@type":"ImageObject","inLanguage":"es","@id":"https:\/\/energie.pt\/es\/mundo-energie\/noticias\/presentacion-y-formacion-internacional\/#primaryimage","url":"https:\/\/energie.pt\/wp-content\/uploads\/2022\/06\/julho-2017_formacao.jpg","contentUrl":"https:\/\/energie.pt\/wp-content\/uploads\/2022\/06\/julho-2017_formacao.jpg","width":1568,"height":830},{"@type":"BreadcrumbList","@id":"https:\/\/energie.pt\/es\/mundo-energie\/noticias\/presentacion-y-formacion-internacional\/#breadcrumb","itemListElement":[{"@type":"ListItem","position":1,"name":"P\u00e1gina principal","item":"https:\/\/energie.pt\/es\/"},{"@type":"ListItem","position":2,"name":"Mundo Energie","item":"https:\/\/energie.pt\/es\/category\/mundo-energie\/"},{"@type":"ListItem","position":3,"name":"Noticias","item":"https:\/\/energie.pt\/es\/category\/mundo-energie\/noticias\/"},{"@type":"ListItem","position":4,"name":"PRESENTACI\u00d3N Y FORMACI\u00d3N INTERNACIONAL"}]},{"@type":"WebSite","@id":"https:\/\/energie.pt\/es\/#website","url":"https:\/\/energie.pt\/es\/","name":"ENERGIE","description":"Soluciones de Energ\u00eda Solar Termodin\u00e1mica, Climatizaci\u00f3n, Bombas de Calor y ACS","publisher":{"@id":"https:\/\/energie.pt\/es\/#organization"},"alternateName":"ENERGIE","potentialAction":[{"@type":"SearchAction","target":{"@type":"EntryPoint","urlTemplate":"https:\/\/energie.pt\/es\/?s={search_term_string}"},"query-input":"required name=search_term_string"}],"inLanguage":"es"},{"@type":"Organization","@id":"https:\/\/energie.pt\/es\/#organization","name":"Energie - Thermodynamic Solar Energy","alternateName":"Energie","url":"https:\/\/energie.pt\/es\/","logo":{"@type":"ImageObject","inLanguage":"es","@id":"https:\/\/energie.pt\/es\/#\/schema\/logo\/image\/","url":"https:\/\/energie.pt\/wp-content\/uploads\/2021\/06\/logo_energie.svg","contentUrl":"https:\/\/energie.pt\/wp-content\/uploads\/2021\/06\/logo_energie.svg","width":190,"height":55,"caption":"Energie - Thermodynamic Solar Energy"},"image":{"@id":"https:\/\/energie.pt\/es\/#\/schema\/logo\/image\/"},"sameAs":["https:\/\/www.facebook.com\/EnergiePortugalEst\/","https:\/\/www.instagram.com\/energieportugal\/","https:\/\/www.youtube.com\/channel\/UCnItbF_zm_YZ1tFqzUcVgPQ","https:\/\/www.linkedin.com\/company\/energieportugal\/"]},{"@type":"Person","@id":"https:\/\/energie.pt\/es\/#\/schema\/person\/db40e6f91190f7c107f522c91d27873d","name":"catiarocha","sameAs":["https:\/\/energie.pt\/"],"url":"https:\/\/energie.pt\/es\/author\/catiarocha\/"}]}},"_links":{"self":[{"href":"https:\/\/energie.pt\/es\/wp-json\/wp\/v2\/posts\/11377"}],"collection":[{"href":"https:\/\/energie.pt\/es\/wp-json\/wp\/v2\/posts"}],"about":[{"href":"https:\/\/energie.pt\/es\/wp-json\/wp\/v2\/types\/post"}],"author":[{"embeddable":true,"href":"https:\/\/energie.pt\/es\/wp-json\/wp\/v2\/users\/3"}],"replies":[{"embeddable":true,"href":"https:\/\/energie.pt\/es\/wp-json\/wp\/v2\/comments?post=11377"}],"version-history":[{"count":1,"href":"https:\/\/energie.pt\/es\/wp-json\/wp\/v2\/posts\/11377\/revisions"}],"predecessor-version":[{"id":30592,"href":"https:\/\/energie.pt\/es\/wp-json\/wp\/v2\/posts\/11377\/revisions\/30592"}],"wp:featuredmedia":[{"embeddable":true,"href":"https:\/\/energie.pt\/es\/wp-json\/wp\/v2\/media\/10334"}],"wp:attachment":[{"href":"https:\/\/energie.pt\/es\/wp-json\/wp\/v2\/media?parent=11377"}],"wp:term":[{"taxonomy":"category","embeddable":true,"href":"https:\/\/energie.pt\/es\/wp-json\/wp\/v2\/categories?post=11377"},{"taxonomy":"post_tag","embeddable":true,"href":"https:\/\/energie.pt\/es\/wp-json\/wp\/v2\/tags?post=11377"}],"curies":[{"name":"wp","href":"https:\/\/api.w.org\/{rel}","templated":true}]}}