{"id":11484,"date":"2018-01-16T10:25:56","date_gmt":"2018-01-16T10:25:56","guid":{"rendered":"https:\/\/energie.pt\/mundo-energie-es\/noticias-es\/energie-y-el-medio-ambiente-estandar-de-calidad-y-eficiencia\/"},"modified":"2025-01-23T15:37:58","modified_gmt":"2025-01-23T15:37:58","slug":"energie-y-el-medio-ambiente-estandar-de-calidad-y-eficiencia","status":"publish","type":"post","link":"https:\/\/energie.pt\/es\/mundo-energie\/noticias\/energie-y-el-medio-ambiente-estandar-de-calidad-y-eficiencia\/","title":{"rendered":"ENERGIE Y EL MEDIO AMBIENTE &#8211; EST\u00c1NDAR DE CALIDAD Y EFICIENCIA"},"content":{"rendered":"\n<p>ENERGIE da un nuevo paso importante en el respeto por el medio ambiente.<\/p>\n\n<p>Toda su gama de productos ECO, Bomba de Calor y Termos El\u00e9ctricos, utilizan un aislamiento t\u00e9rmico sin CFC ni HFC, permitiendo de esta forma adaptarlos a las exigencias de la normativa europea ErP, mejorando sus est\u00e1ndares de Calidad y Eficiencia A+. <br\/><br\/>&#13;\nLa directiva de Ecodesign ErP sobre productos de calefacci\u00f3n y producci\u00f3n de agua caliente, establece los requisitos m\u00ednimos de rendimiento con los que debe contar cualquier aparato. <br\/><br\/>&#13;\nLos nuevos requisitos eliminar\u00e1n del mercado las tecnolog\u00edas con menor rendimiento y elevar\u00e1n el nivel de rendimiento energ\u00e9tico de la oferta b\u00e1sica. El ahorro energ\u00e9tico es la mejor manera de hacer frente a dichos requisitos. . <br\/><br\/> Con la publicaci\u00f3n de la directiva 2009\/125\/CE sobre dise\u00f1o ecol\u00f3gico de los productos relacionados con el consumo de energ\u00eda (Directiva ErP sobre productos relacionados con la energ\u00eda) y de la directiva 2010\/30\/CE sobre etiquetado energ\u00e9tico, se establecieron los requisitos generales (v\u00e1lidos para todos los productos dom\u00e9sticos) para la obtenci\u00f3n de ahorros energ\u00e9ticos en uno de los sectores que m\u00e1s energ\u00eda consume y m\u00e1s contamina en la Uni\u00f3n Europea. <br\/><br\/>&#13;\nA partir de las disposiciones de las directivas anteriores, se han creado herramientas espec\u00edficas para cada familia de productos: las normas europeas. Las normas establecen c\u00f3mo se debe utilizar la etiqueta energ\u00e9tica y definen el rendimiento energ\u00e9tico m\u00ednimo que deben tener los nuevos productos lanzados al mercado. &#13;\n<br\/><br\/> Una vez publicadas, las normas son de aplicaci\u00f3n inmediata en todos los pa\u00edses de la Uni\u00f3n Europea sin distinci\u00f3n, sin necesidad de acudir a las normativas nacionales. <br\/><br\/>&#13;\nLos productos para calentamiento y producci\u00f3n de agua caliente cuentan tambi\u00e9n con sus propias normas sobre ErP y etiquetado. La etiqueta energ\u00e9tica simplifica el proceso de elecci\u00f3n del producto m\u00e1s eficiente.&#13;\n<\/p>\n","protected":false},"excerpt":{"rendered":"<p>ENERGIE da un nuevo paso importante en el respeto por el medio ambiente. Toda su gama de productos ECO, Bomba de Calor y Termos El\u00e9ctricos, utilizan un aislamiento t\u00e9rmico sin CFC ni HFC, permitiendo de esta forma adaptarlos a las exigencias de la normativa europea ErP, mejorando sus est\u00e1ndares de Calidad y Eficiencia A+. &#13; [&hellip;]<\/p>\n","protected":false},"author":3,"featured_media":10431,"comment_status":"open","ping_status":"closed","sticky":false,"template":"","format":"standard","meta":{"_acf_changed":false,"footnotes":""},"categories":[265,137],"tags":[],"class_list":["post-11484","post","type-post","status-publish","format-standard","has-post-thumbnail","hentry","category-mundo-energie","category-noticias"],"blocksy_meta":{"styles_descriptor":{"styles":{"desktop":"","tablet":"","mobile":""},"google_fonts":[],"version":6}},"acf":{"data_bimensal_da_noticia":"enero | febrero \/ 2018"},"cp_meta_data":{"_encloseme":["1"],"blocksy_post_meta_options":["a:1:{s:17:\"styles_descriptor\";a:3:{s:6:\"styles\";a:3:{s:7:\"desktop\";s:0:\"\";s:6:\"tablet\";s:0:\"\";s:6:\"mobile\";s:0:\"\";}s:12:\"google_fonts\";a:0:{}s:7:\"version\";i:6;}}"],"_wpml_media_duplicate":["1"],"_wpml_media_featured":["1"],"_top_nav_excluded":[""],"_cms_nav_minihome":[""],"_wp_page_template":["default"],"_thumbnail_id":["10431"],"_last_translation_edit_mode":["translation-editor"],"_data_bimensal_da_noticia":["field_627e65cc70022"],"stackable_optimized_css":[""],"stackable_optimized_css_raw":["a:0:{}"],"_yoast_wpseo_primary_category":["1"],"data_bimensal_da_noticia":["enero | febrero \/ 2018"]},"yoast_head":"<!-- This site is optimized with the Yoast SEO plugin v22.8 - https:\/\/yoast.com\/wordpress\/plugins\/seo\/ -->\r\n<title>ENERGIE Y EL MEDIO AMBIENTE - EST\u00c1NDAR DE CALIDAD Y EFICIENCIA - ENERGIE EST, Lda.<\/title>\r\n<meta name=\"robots\" content=\"index, follow, max-snippet:-1, max-image-preview:large, max-video-preview:-1\" \/>\r\n<link rel=\"canonical\" href=\"https:\/\/energie.pt\/es\/mundo-energie\/noticias\/energie-y-el-medio-ambiente-estandar-de-calidad-y-eficiencia\/\" \/>\r\n<meta property=\"og:locale\" content=\"es_ES\" \/>\r\n<meta property=\"og:type\" content=\"article\" \/>\r\n<meta property=\"og:title\" content=\"ENERGIE Y EL MEDIO AMBIENTE - EST\u00c1NDAR DE CALIDAD Y EFICIENCIA - ENERGIE EST, Lda.\" \/>\r\n<meta property=\"og:description\" content=\"ENERGIE da un nuevo paso importante en el respeto por el medio ambiente. Toda su gama de productos ECO, Bomba de Calor y Termos El\u00e9ctricos, utilizan un aislamiento t\u00e9rmico sin CFC ni HFC, permitiendo de esta forma adaptarlos a las exigencias de la normativa europea ErP, mejorando sus est\u00e1ndares de Calidad y Eficiencia A+. &#013; [&hellip;]\" \/>\r\n<meta property=\"og:url\" content=\"https:\/\/energie.pt\/es\/mundo-energie\/noticias\/energie-y-el-medio-ambiente-estandar-de-calidad-y-eficiencia\/\" \/>\r\n<meta property=\"og:site_name\" content=\"ENERGIE EST, Lda.\" \/>\r\n<meta property=\"article:publisher\" content=\"https:\/\/www.facebook.com\/EnergiePortugalEst\/\" \/>\r\n<meta property=\"article:published_time\" content=\"2018-01-16T10:25:56+00:00\" \/>\r\n<meta property=\"article:modified_time\" content=\"2025-01-23T15:37:58+00:00\" \/>\r\n<meta property=\"og:image\" content=\"https:\/\/energie.pt\/wp-content\/uploads\/2022\/06\/JANEIRO-2018_ENERGIE-AMBIENTE.jpg\" \/>\r\n\t<meta property=\"og:image:width\" content=\"1567\" \/>\r\n\t<meta property=\"og:image:height\" content=\"831\" \/>\r\n\t<meta property=\"og:image:type\" content=\"image\/jpeg\" \/>\r\n<meta name=\"author\" content=\"catiarocha\" \/>\r\n<meta name=\"twitter:card\" content=\"summary_large_image\" \/>\r\n<meta name=\"twitter:label1\" content=\"Escrito por\" \/>\n\t<meta name=\"twitter:data1\" content=\"catiarocha\" \/>\n\t<meta name=\"twitter:label2\" content=\"Tiempo de lectura\" \/>\n\t<meta name=\"twitter:data2\" content=\"2 minutos\" \/>\r\n<script type=\"application\/ld+json\" class=\"yoast-schema-graph\">{\"@context\":\"https:\/\/schema.org\",\"@graph\":[{\"@type\":\"Article\",\"@id\":\"https:\/\/energie.pt\/es\/mundo-energie\/noticias\/energie-y-el-medio-ambiente-estandar-de-calidad-y-eficiencia\/#article\",\"isPartOf\":{\"@id\":\"https:\/\/energie.pt\/es\/mundo-energie\/noticias\/energie-y-el-medio-ambiente-estandar-de-calidad-y-eficiencia\/\"},\"author\":{\"name\":\"catiarocha\",\"@id\":\"https:\/\/energie.pt\/es\/#\/schema\/person\/db40e6f91190f7c107f522c91d27873d\"},\"headline\":\"ENERGIE Y EL MEDIO AMBIENTE &#8211; EST\u00c1NDAR DE CALIDAD Y EFICIENCIA\",\"datePublished\":\"2018-01-16T10:25:56+00:00\",\"dateModified\":\"2025-01-23T15:37:58+00:00\",\"mainEntityOfPage\":{\"@id\":\"https:\/\/energie.pt\/es\/mundo-energie\/noticias\/energie-y-el-medio-ambiente-estandar-de-calidad-y-eficiencia\/\"},\"wordCount\":341,\"commentCount\":0,\"publisher\":{\"@id\":\"https:\/\/energie.pt\/es\/#organization\"},\"image\":{\"@id\":\"https:\/\/energie.pt\/es\/mundo-energie\/noticias\/energie-y-el-medio-ambiente-estandar-de-calidad-y-eficiencia\/#primaryimage\"},\"thumbnailUrl\":\"https:\/\/energie.pt\/wp-content\/uploads\/2022\/06\/JANEIRO-2018_ENERGIE-AMBIENTE.jpg\",\"articleSection\":[\"Mundo Energie\",\"Noticias\"],\"inLanguage\":\"es\",\"potentialAction\":[{\"@type\":\"CommentAction\",\"name\":\"Comment\",\"target\":[\"https:\/\/energie.pt\/es\/mundo-energie\/noticias\/energie-y-el-medio-ambiente-estandar-de-calidad-y-eficiencia\/#respond\"]}]},{\"@type\":\"WebPage\",\"@id\":\"https:\/\/energie.pt\/es\/mundo-energie\/noticias\/energie-y-el-medio-ambiente-estandar-de-calidad-y-eficiencia\/\",\"url\":\"https:\/\/energie.pt\/es\/mundo-energie\/noticias\/energie-y-el-medio-ambiente-estandar-de-calidad-y-eficiencia\/\",\"name\":\"ENERGIE Y EL MEDIO AMBIENTE - EST\u00c1NDAR DE CALIDAD Y EFICIENCIA - ENERGIE EST, Lda.\",\"isPartOf\":{\"@id\":\"https:\/\/energie.pt\/es\/#website\"},\"primaryImageOfPage\":{\"@id\":\"https:\/\/energie.pt\/es\/mundo-energie\/noticias\/energie-y-el-medio-ambiente-estandar-de-calidad-y-eficiencia\/#primaryimage\"},\"image\":{\"@id\":\"https:\/\/energie.pt\/es\/mundo-energie\/noticias\/energie-y-el-medio-ambiente-estandar-de-calidad-y-eficiencia\/#primaryimage\"},\"thumbnailUrl\":\"https:\/\/energie.pt\/wp-content\/uploads\/2022\/06\/JANEIRO-2018_ENERGIE-AMBIENTE.jpg\",\"datePublished\":\"2018-01-16T10:25:56+00:00\",\"dateModified\":\"2025-01-23T15:37:58+00:00\",\"breadcrumb\":{\"@id\":\"https:\/\/energie.pt\/es\/mundo-energie\/noticias\/energie-y-el-medio-ambiente-estandar-de-calidad-y-eficiencia\/#breadcrumb\"},\"inLanguage\":\"es\",\"potentialAction\":[{\"@type\":\"ReadAction\",\"target\":[\"https:\/\/energie.pt\/es\/mundo-energie\/noticias\/energie-y-el-medio-ambiente-estandar-de-calidad-y-eficiencia\/\"]}]},{\"@type\":\"ImageObject\",\"inLanguage\":\"es\",\"@id\":\"https:\/\/energie.pt\/es\/mundo-energie\/noticias\/energie-y-el-medio-ambiente-estandar-de-calidad-y-eficiencia\/#primaryimage\",\"url\":\"https:\/\/energie.pt\/wp-content\/uploads\/2022\/06\/JANEIRO-2018_ENERGIE-AMBIENTE.jpg\",\"contentUrl\":\"https:\/\/energie.pt\/wp-content\/uploads\/2022\/06\/JANEIRO-2018_ENERGIE-AMBIENTE.jpg\",\"width\":1567,\"height\":831},{\"@type\":\"BreadcrumbList\",\"@id\":\"https:\/\/energie.pt\/es\/mundo-energie\/noticias\/energie-y-el-medio-ambiente-estandar-de-calidad-y-eficiencia\/#breadcrumb\",\"itemListElement\":[{\"@type\":\"ListItem\",\"position\":1,\"name\":\"P\u00e1gina principal\",\"item\":\"https:\/\/energie.pt\/es\/\"},{\"@type\":\"ListItem\",\"position\":2,\"name\":\"Mundo Energie\",\"item\":\"https:\/\/energie.pt\/es\/category\/mundo-energie\/\"},{\"@type\":\"ListItem\",\"position\":3,\"name\":\"Noticias\",\"item\":\"https:\/\/energie.pt\/es\/category\/mundo-energie\/noticias\/\"},{\"@type\":\"ListItem\",\"position\":4,\"name\":\"ENERGIE Y EL MEDIO AMBIENTE &#8211; EST\u00c1NDAR DE CALIDAD Y EFICIENCIA\"}]},{\"@type\":\"WebSite\",\"@id\":\"https:\/\/energie.pt\/es\/#website\",\"url\":\"https:\/\/energie.pt\/es\/\",\"name\":\"ENERGIE\",\"description\":\"Soluciones de Energ\u00eda Solar Termodin\u00e1mica, Climatizaci\u00f3n, Bombas de Calor y ACS\",\"publisher\":{\"@id\":\"https:\/\/energie.pt\/es\/#organization\"},\"alternateName\":\"ENERGIE\",\"potentialAction\":[{\"@type\":\"SearchAction\",\"target\":{\"@type\":\"EntryPoint\",\"urlTemplate\":\"https:\/\/energie.pt\/es\/?s={search_term_string}\"},\"query-input\":\"required name=search_term_string\"}],\"inLanguage\":\"es\"},{\"@type\":\"Organization\",\"@id\":\"https:\/\/energie.pt\/es\/#organization\",\"name\":\"Energie - Thermodynamic Solar Energy\",\"alternateName\":\"Energie\",\"url\":\"https:\/\/energie.pt\/es\/\",\"logo\":{\"@type\":\"ImageObject\",\"inLanguage\":\"es\",\"@id\":\"https:\/\/energie.pt\/es\/#\/schema\/logo\/image\/\",\"url\":\"https:\/\/energie.pt\/wp-content\/uploads\/2021\/06\/logo_energie.svg\",\"contentUrl\":\"https:\/\/energie.pt\/wp-content\/uploads\/2021\/06\/logo_energie.svg\",\"width\":190,\"height\":55,\"caption\":\"Energie - Thermodynamic Solar Energy\"},\"image\":{\"@id\":\"https:\/\/energie.pt\/es\/#\/schema\/logo\/image\/\"},\"sameAs\":[\"https:\/\/www.facebook.com\/EnergiePortugalEst\/\",\"https:\/\/www.instagram.com\/energieportugal\/\",\"https:\/\/www.youtube.com\/channel\/UCnItbF_zm_YZ1tFqzUcVgPQ\",\"https:\/\/www.linkedin.com\/company\/energieportugal\/\"]},{\"@type\":\"Person\",\"@id\":\"https:\/\/energie.pt\/es\/#\/schema\/person\/db40e6f91190f7c107f522c91d27873d\",\"name\":\"catiarocha\",\"sameAs\":[\"https:\/\/energie.pt\/\"],\"url\":\"https:\/\/energie.pt\/es\/author\/catiarocha\/\"}]}<\/script>\r\n<!-- \/ Yoast SEO plugin. -->","yoast_head_json":{"title":"ENERGIE Y EL MEDIO AMBIENTE - EST\u00c1NDAR DE CALIDAD Y EFICIENCIA - ENERGIE EST, Lda.","robots":{"index":"index","follow":"follow","max-snippet":"max-snippet:-1","max-image-preview":"max-image-preview:large","max-video-preview":"max-video-preview:-1"},"canonical":"https:\/\/energie.pt\/es\/mundo-energie\/noticias\/energie-y-el-medio-ambiente-estandar-de-calidad-y-eficiencia\/","og_locale":"es_ES","og_type":"article","og_title":"ENERGIE Y EL MEDIO AMBIENTE - EST\u00c1NDAR DE CALIDAD Y EFICIENCIA - ENERGIE EST, Lda.","og_description":"ENERGIE da un nuevo paso importante en el respeto por el medio ambiente. Toda su gama de productos ECO, Bomba de Calor y Termos El\u00e9ctricos, utilizan un aislamiento t\u00e9rmico sin CFC ni HFC, permitiendo de esta forma adaptarlos a las exigencias de la normativa europea ErP, mejorando sus est\u00e1ndares de Calidad y Eficiencia A+. &#13; [&hellip;]","og_url":"https:\/\/energie.pt\/es\/mundo-energie\/noticias\/energie-y-el-medio-ambiente-estandar-de-calidad-y-eficiencia\/","og_site_name":"ENERGIE EST, Lda.","article_publisher":"https:\/\/www.facebook.com\/EnergiePortugalEst\/","article_published_time":"2018-01-16T10:25:56+00:00","article_modified_time":"2025-01-23T15:37:58+00:00","og_image":[{"width":1567,"height":831,"url":"https:\/\/energie.pt\/wp-content\/uploads\/2022\/06\/JANEIRO-2018_ENERGIE-AMBIENTE.jpg","type":"image\/jpeg"}],"author":"catiarocha","twitter_card":"summary_large_image","twitter_misc":{"Escrito por":"catiarocha","Tiempo de lectura":"2 minutos"},"schema":{"@context":"https:\/\/schema.org","@graph":[{"@type":"Article","@id":"https:\/\/energie.pt\/es\/mundo-energie\/noticias\/energie-y-el-medio-ambiente-estandar-de-calidad-y-eficiencia\/#article","isPartOf":{"@id":"https:\/\/energie.pt\/es\/mundo-energie\/noticias\/energie-y-el-medio-ambiente-estandar-de-calidad-y-eficiencia\/"},"author":{"name":"catiarocha","@id":"https:\/\/energie.pt\/es\/#\/schema\/person\/db40e6f91190f7c107f522c91d27873d"},"headline":"ENERGIE Y EL MEDIO AMBIENTE &#8211; EST\u00c1NDAR DE CALIDAD Y EFICIENCIA","datePublished":"2018-01-16T10:25:56+00:00","dateModified":"2025-01-23T15:37:58+00:00","mainEntityOfPage":{"@id":"https:\/\/energie.pt\/es\/mundo-energie\/noticias\/energie-y-el-medio-ambiente-estandar-de-calidad-y-eficiencia\/"},"wordCount":341,"commentCount":0,"publisher":{"@id":"https:\/\/energie.pt\/es\/#organization"},"image":{"@id":"https:\/\/energie.pt\/es\/mundo-energie\/noticias\/energie-y-el-medio-ambiente-estandar-de-calidad-y-eficiencia\/#primaryimage"},"thumbnailUrl":"https:\/\/energie.pt\/wp-content\/uploads\/2022\/06\/JANEIRO-2018_ENERGIE-AMBIENTE.jpg","articleSection":["Mundo Energie","Noticias"],"inLanguage":"es","potentialAction":[{"@type":"CommentAction","name":"Comment","target":["https:\/\/energie.pt\/es\/mundo-energie\/noticias\/energie-y-el-medio-ambiente-estandar-de-calidad-y-eficiencia\/#respond"]}]},{"@type":"WebPage","@id":"https:\/\/energie.pt\/es\/mundo-energie\/noticias\/energie-y-el-medio-ambiente-estandar-de-calidad-y-eficiencia\/","url":"https:\/\/energie.pt\/es\/mundo-energie\/noticias\/energie-y-el-medio-ambiente-estandar-de-calidad-y-eficiencia\/","name":"ENERGIE Y EL MEDIO AMBIENTE - EST\u00c1NDAR DE CALIDAD Y EFICIENCIA - ENERGIE EST, Lda.","isPartOf":{"@id":"https:\/\/energie.pt\/es\/#website"},"primaryImageOfPage":{"@id":"https:\/\/energie.pt\/es\/mundo-energie\/noticias\/energie-y-el-medio-ambiente-estandar-de-calidad-y-eficiencia\/#primaryimage"},"image":{"@id":"https:\/\/energie.pt\/es\/mundo-energie\/noticias\/energie-y-el-medio-ambiente-estandar-de-calidad-y-eficiencia\/#primaryimage"},"thumbnailUrl":"https:\/\/energie.pt\/wp-content\/uploads\/2022\/06\/JANEIRO-2018_ENERGIE-AMBIENTE.jpg","datePublished":"2018-01-16T10:25:56+00:00","dateModified":"2025-01-23T15:37:58+00:00","breadcrumb":{"@id":"https:\/\/energie.pt\/es\/mundo-energie\/noticias\/energie-y-el-medio-ambiente-estandar-de-calidad-y-eficiencia\/#breadcrumb"},"inLanguage":"es","potentialAction":[{"@type":"ReadAction","target":["https:\/\/energie.pt\/es\/mundo-energie\/noticias\/energie-y-el-medio-ambiente-estandar-de-calidad-y-eficiencia\/"]}]},{"@type":"ImageObject","inLanguage":"es","@id":"https:\/\/energie.pt\/es\/mundo-energie\/noticias\/energie-y-el-medio-ambiente-estandar-de-calidad-y-eficiencia\/#primaryimage","url":"https:\/\/energie.pt\/wp-content\/uploads\/2022\/06\/JANEIRO-2018_ENERGIE-AMBIENTE.jpg","contentUrl":"https:\/\/energie.pt\/wp-content\/uploads\/2022\/06\/JANEIRO-2018_ENERGIE-AMBIENTE.jpg","width":1567,"height":831},{"@type":"BreadcrumbList","@id":"https:\/\/energie.pt\/es\/mundo-energie\/noticias\/energie-y-el-medio-ambiente-estandar-de-calidad-y-eficiencia\/#breadcrumb","itemListElement":[{"@type":"ListItem","position":1,"name":"P\u00e1gina principal","item":"https:\/\/energie.pt\/es\/"},{"@type":"ListItem","position":2,"name":"Mundo Energie","item":"https:\/\/energie.pt\/es\/category\/mundo-energie\/"},{"@type":"ListItem","position":3,"name":"Noticias","item":"https:\/\/energie.pt\/es\/category\/mundo-energie\/noticias\/"},{"@type":"ListItem","position":4,"name":"ENERGIE Y EL MEDIO AMBIENTE &#8211; EST\u00c1NDAR DE CALIDAD Y EFICIENCIA"}]},{"@type":"WebSite","@id":"https:\/\/energie.pt\/es\/#website","url":"https:\/\/energie.pt\/es\/","name":"ENERGIE","description":"Soluciones de Energ\u00eda Solar Termodin\u00e1mica, Climatizaci\u00f3n, Bombas de Calor y ACS","publisher":{"@id":"https:\/\/energie.pt\/es\/#organization"},"alternateName":"ENERGIE","potentialAction":[{"@type":"SearchAction","target":{"@type":"EntryPoint","urlTemplate":"https:\/\/energie.pt\/es\/?s={search_term_string}"},"query-input":"required name=search_term_string"}],"inLanguage":"es"},{"@type":"Organization","@id":"https:\/\/energie.pt\/es\/#organization","name":"Energie - Thermodynamic Solar Energy","alternateName":"Energie","url":"https:\/\/energie.pt\/es\/","logo":{"@type":"ImageObject","inLanguage":"es","@id":"https:\/\/energie.pt\/es\/#\/schema\/logo\/image\/","url":"https:\/\/energie.pt\/wp-content\/uploads\/2021\/06\/logo_energie.svg","contentUrl":"https:\/\/energie.pt\/wp-content\/uploads\/2021\/06\/logo_energie.svg","width":190,"height":55,"caption":"Energie - Thermodynamic Solar Energy"},"image":{"@id":"https:\/\/energie.pt\/es\/#\/schema\/logo\/image\/"},"sameAs":["https:\/\/www.facebook.com\/EnergiePortugalEst\/","https:\/\/www.instagram.com\/energieportugal\/","https:\/\/www.youtube.com\/channel\/UCnItbF_zm_YZ1tFqzUcVgPQ","https:\/\/www.linkedin.com\/company\/energieportugal\/"]},{"@type":"Person","@id":"https:\/\/energie.pt\/es\/#\/schema\/person\/db40e6f91190f7c107f522c91d27873d","name":"catiarocha","sameAs":["https:\/\/energie.pt\/"],"url":"https:\/\/energie.pt\/es\/author\/catiarocha\/"}]}},"_links":{"self":[{"href":"https:\/\/energie.pt\/es\/wp-json\/wp\/v2\/posts\/11484"}],"collection":[{"href":"https:\/\/energie.pt\/es\/wp-json\/wp\/v2\/posts"}],"about":[{"href":"https:\/\/energie.pt\/es\/wp-json\/wp\/v2\/types\/post"}],"author":[{"embeddable":true,"href":"https:\/\/energie.pt\/es\/wp-json\/wp\/v2\/users\/3"}],"replies":[{"embeddable":true,"href":"https:\/\/energie.pt\/es\/wp-json\/wp\/v2\/comments?post=11484"}],"version-history":[{"count":1,"href":"https:\/\/energie.pt\/es\/wp-json\/wp\/v2\/posts\/11484\/revisions"}],"predecessor-version":[{"id":30533,"href":"https:\/\/energie.pt\/es\/wp-json\/wp\/v2\/posts\/11484\/revisions\/30533"}],"wp:featuredmedia":[{"embeddable":true,"href":"https:\/\/energie.pt\/es\/wp-json\/wp\/v2\/media\/10431"}],"wp:attachment":[{"href":"https:\/\/energie.pt\/es\/wp-json\/wp\/v2\/media?parent=11484"}],"wp:term":[{"taxonomy":"category","embeddable":true,"href":"https:\/\/energie.pt\/es\/wp-json\/wp\/v2\/categories?post=11484"},{"taxonomy":"post_tag","embeddable":true,"href":"https:\/\/energie.pt\/es\/wp-json\/wp\/v2\/tags?post=11484"}],"curies":[{"name":"wp","href":"https:\/\/api.w.org\/{rel}","templated":true}]}}