{"id":20215,"date":"2023-02-22T10:02:51","date_gmt":"2023-02-22T10:02:51","guid":{"rendered":"https:\/\/energie.pt\/mundo-energie\/noticias\/obra-referencia-edificio-multifamiliar-madeira\/"},"modified":"2025-01-23T08:59:43","modified_gmt":"2025-01-23T08:59:43","slug":"obra-referencia-edificio-multifamiliar-madeira","status":"publish","type":"post","link":"https:\/\/energie.pt\/es\/mundo-energie\/noticias\/obra-referencia-edificio-multifamiliar-madeira\/","title":{"rendered":"OBRA DE REFERENCIA \u2013 EDIFICIO MULTIFAMILIAR ISLA DE MADEIRA"},"content":{"rendered":"\n<p>En el proyecto de lujo m\u00e1s reciente de Madeira se han instalado 49 bombas de calor Aquapura MONOBLOC 200 y 300L.  <br\/><br\/> Este sofisticado  y moderno proyecto cuenta con la eficiencia y el ahorro que le proporciona ENERGIE, aportando a\u00fan m\u00e1s calidad a la infraestructura. Con vistas al mar, la tipolog\u00eda de viviendas es innovadora y se ha tenido muy en cuenta la sostenibilidad, con la ayuda de ENERGIE.&#13;\n<br\/><br\/>&#13;\nCon 49 viviendas y una bomba de calor aerot\u00e9rmica en cada una de ellas, estas viviendas disponen de una alta eficiencia en la producci\u00f3n de agua caliente sanitaria (ACS), con la posibilidad de programar el funcionamiento de Aquapura MONOBLOC mediante la app MyEnergie.  <br\/><br\/> Debido a la versatilidad en los tipos de instalaci\u00f3n, MONOBLOC se ha adaptado a cada vivienda, ajust\u00e1ndose a sus necesidades y estructura. Con la app, los nuevos residentes pueden programar el funcionamiento seg\u00fan el horario deseado, activar el modo vacaciones, controlar la temperatura y acceder al hist\u00f3rico de consumos.&#13;\n<\/p>\n","protected":false},"excerpt":{"rendered":"<p>En el proyecto de lujo m\u00e1s reciente de Madeira se han instalado 49 bombas de calor Aquapura MONOBLOC 200 y 300L. Este sofisticado y moderno proyecto cuenta con la eficiencia y el ahorro que le proporciona ENERGIE, aportando a\u00fan m\u00e1s calidad a la infraestructura. Con vistas al mar, la tipolog\u00eda de viviendas es innovadora y [&hellip;]<\/p>\n","protected":false},"author":2,"featured_media":20171,"comment_status":"closed","ping_status":"closed","sticky":false,"template":"","format":"standard","meta":{"_acf_changed":false,"footnotes":""},"categories":[265,137],"tags":[],"class_list":["post-20215","post","type-post","status-publish","format-standard","has-post-thumbnail","hentry","category-mundo-energie","category-noticias"],"blocksy_meta":{"styles_descriptor":{"styles":{"desktop":"","tablet":"","mobile":""},"google_fonts":[],"version":6}},"acf":{"data_bimensal_da_noticia":"ENERO | FEBRERO \/ 2023"},"cp_meta_data":{"_encloseme":["1"],"blocksy_post_meta_options":["a:1:{s:17:\"styles_descriptor\";a:3:{s:6:\"styles\";a:3:{s:7:\"desktop\";s:0:\"\";s:6:\"tablet\";s:0:\"\";s:6:\"mobile\";s:0:\"\";}s:12:\"google_fonts\";a:0:{}s:7:\"version\";i:6;}}"],"_wpml_media_duplicate":["1"],"_wpml_media_featured":["1"],"_data_bimensal_da_noticia":["field_627e65cc70022"],"_top_nav_excluded":[""],"_cms_nav_minihome":[""],"_thumbnail_id":["20171"],"_last_translation_edit_mode":["translation-editor"],"_yoast_wpseo_primary_category":["1"],"stackable_optimized_css":[""],"stackable_optimized_css_raw":["a:0:{}"],"data_bimensal_da_noticia":["ENERO | FEBRERO \/ 2023"],"_wpml_media_has_media":["1"]},"yoast_head":"<!-- This site is optimized with the Yoast SEO plugin v22.8 - https:\/\/yoast.com\/wordpress\/plugins\/seo\/ -->\r\n<title>OBRA DE REFERENCIA \u2013 EDIFICIO MULTIFAMILIAR ISLA DE MADEIRA - ENERGIE EST, Lda.<\/title>\r\n<meta name=\"robots\" content=\"index, follow, max-snippet:-1, max-image-preview:large, max-video-preview:-1\" \/>\r\n<link rel=\"canonical\" href=\"https:\/\/energie.pt\/es\/mundo-energie\/noticias\/obra-referencia-edificio-multifamiliar-madeira\/\" \/>\r\n<meta property=\"og:locale\" content=\"es_ES\" \/>\r\n<meta property=\"og:type\" content=\"article\" \/>\r\n<meta property=\"og:title\" content=\"OBRA DE REFERENCIA \u2013 EDIFICIO MULTIFAMILIAR ISLA DE MADEIRA - ENERGIE EST, Lda.\" \/>\r\n<meta property=\"og:description\" content=\"En el proyecto de lujo m\u00e1s reciente de Madeira se han instalado 49 bombas de calor Aquapura MONOBLOC 200 y 300L. Este sofisticado y moderno proyecto cuenta con la eficiencia y el ahorro que le proporciona ENERGIE, aportando a\u00fan m\u00e1s calidad a la infraestructura. Con vistas al mar, la tipolog\u00eda de viviendas es innovadora y [&hellip;]\" \/>\r\n<meta property=\"og:url\" content=\"https:\/\/energie.pt\/es\/mundo-energie\/noticias\/obra-referencia-edificio-multifamiliar-madeira\/\" \/>\r\n<meta property=\"og:site_name\" content=\"ENERGIE EST, Lda.\" \/>\r\n<meta property=\"article:publisher\" content=\"https:\/\/www.facebook.com\/EnergiePortugalEst\/\" \/>\r\n<meta property=\"article:published_time\" content=\"2023-02-22T10:02:51+00:00\" \/>\r\n<meta property=\"article:modified_time\" content=\"2025-01-23T08:59:43+00:00\" \/>\r\n<meta property=\"og:image\" content=\"https:\/\/energie.pt\/wp-content\/uploads\/2023\/02\/jan_fev_obra_ref-1024x543.png\" \/>\r\n\t<meta property=\"og:image:width\" content=\"1024\" \/>\r\n\t<meta property=\"og:image:height\" content=\"543\" \/>\r\n\t<meta property=\"og:image:type\" content=\"image\/png\" \/>\r\n<meta name=\"author\" content=\"Serafim Paredes\" \/>\r\n<meta name=\"twitter:card\" content=\"summary_large_image\" \/>\r\n<meta name=\"twitter:label1\" content=\"Escrito por\" \/>\n\t<meta name=\"twitter:data1\" content=\"Serafim Paredes\" \/>\n\t<meta name=\"twitter:label2\" content=\"Tiempo de lectura\" \/>\n\t<meta name=\"twitter:data2\" content=\"1 minuto\" \/>\r\n<script type=\"application\/ld+json\" class=\"yoast-schema-graph\">{\"@context\":\"https:\/\/schema.org\",\"@graph\":[{\"@type\":\"Article\",\"@id\":\"https:\/\/energie.pt\/es\/mundo-energie\/noticias\/obra-referencia-edificio-multifamiliar-madeira\/#article\",\"isPartOf\":{\"@id\":\"https:\/\/energie.pt\/es\/mundo-energie\/noticias\/obra-referencia-edificio-multifamiliar-madeira\/\"},\"author\":{\"name\":\"Serafim Paredes\",\"@id\":\"https:\/\/energie.pt\/es\/#\/schema\/person\/fbbc926447d5bcdd4272d1b2b459c176\"},\"headline\":\"OBRA DE REFERENCIA \u2013 EDIFICIO MULTIFAMILIAR ISLA DE MADEIRA\",\"datePublished\":\"2023-02-22T10:02:51+00:00\",\"dateModified\":\"2025-01-23T08:59:43+00:00\",\"mainEntityOfPage\":{\"@id\":\"https:\/\/energie.pt\/es\/mundo-energie\/noticias\/obra-referencia-edificio-multifamiliar-madeira\/\"},\"wordCount\":175,\"publisher\":{\"@id\":\"https:\/\/energie.pt\/es\/#organization\"},\"image\":{\"@id\":\"https:\/\/energie.pt\/es\/mundo-energie\/noticias\/obra-referencia-edificio-multifamiliar-madeira\/#primaryimage\"},\"thumbnailUrl\":\"https:\/\/energie.pt\/wp-content\/uploads\/2023\/02\/jan_fev_obra_ref.png\",\"articleSection\":[\"Mundo Energie\",\"Noticias\"],\"inLanguage\":\"es\"},{\"@type\":\"WebPage\",\"@id\":\"https:\/\/energie.pt\/es\/mundo-energie\/noticias\/obra-referencia-edificio-multifamiliar-madeira\/\",\"url\":\"https:\/\/energie.pt\/es\/mundo-energie\/noticias\/obra-referencia-edificio-multifamiliar-madeira\/\",\"name\":\"OBRA DE REFERENCIA \u2013 EDIFICIO MULTIFAMILIAR ISLA DE MADEIRA - ENERGIE EST, Lda.\",\"isPartOf\":{\"@id\":\"https:\/\/energie.pt\/es\/#website\"},\"primaryImageOfPage\":{\"@id\":\"https:\/\/energie.pt\/es\/mundo-energie\/noticias\/obra-referencia-edificio-multifamiliar-madeira\/#primaryimage\"},\"image\":{\"@id\":\"https:\/\/energie.pt\/es\/mundo-energie\/noticias\/obra-referencia-edificio-multifamiliar-madeira\/#primaryimage\"},\"thumbnailUrl\":\"https:\/\/energie.pt\/wp-content\/uploads\/2023\/02\/jan_fev_obra_ref.png\",\"datePublished\":\"2023-02-22T10:02:51+00:00\",\"dateModified\":\"2025-01-23T08:59:43+00:00\",\"breadcrumb\":{\"@id\":\"https:\/\/energie.pt\/es\/mundo-energie\/noticias\/obra-referencia-edificio-multifamiliar-madeira\/#breadcrumb\"},\"inLanguage\":\"es\",\"potentialAction\":[{\"@type\":\"ReadAction\",\"target\":[\"https:\/\/energie.pt\/es\/mundo-energie\/noticias\/obra-referencia-edificio-multifamiliar-madeira\/\"]}]},{\"@type\":\"ImageObject\",\"inLanguage\":\"es\",\"@id\":\"https:\/\/energie.pt\/es\/mundo-energie\/noticias\/obra-referencia-edificio-multifamiliar-madeira\/#primaryimage\",\"url\":\"https:\/\/energie.pt\/wp-content\/uploads\/2023\/02\/jan_fev_obra_ref.png\",\"contentUrl\":\"https:\/\/energie.pt\/wp-content\/uploads\/2023\/02\/jan_fev_obra_ref.png\",\"width\":3121,\"height\":1656},{\"@type\":\"BreadcrumbList\",\"@id\":\"https:\/\/energie.pt\/es\/mundo-energie\/noticias\/obra-referencia-edificio-multifamiliar-madeira\/#breadcrumb\",\"itemListElement\":[{\"@type\":\"ListItem\",\"position\":1,\"name\":\"P\u00e1gina principal\",\"item\":\"https:\/\/energie.pt\/es\/\"},{\"@type\":\"ListItem\",\"position\":2,\"name\":\"Mundo Energie\",\"item\":\"https:\/\/energie.pt\/es\/category\/mundo-energie\/\"},{\"@type\":\"ListItem\",\"position\":3,\"name\":\"Noticias\",\"item\":\"https:\/\/energie.pt\/es\/category\/mundo-energie\/noticias\/\"},{\"@type\":\"ListItem\",\"position\":4,\"name\":\"OBRA DE REFERENCIA \u2013 EDIFICIO MULTIFAMILIAR ISLA DE MADEIRA\"}]},{\"@type\":\"WebSite\",\"@id\":\"https:\/\/energie.pt\/es\/#website\",\"url\":\"https:\/\/energie.pt\/es\/\",\"name\":\"ENERGIE\",\"description\":\"Soluciones de Energ\u00eda Solar Termodin\u00e1mica, Climatizaci\u00f3n, Bombas de Calor y ACS\",\"publisher\":{\"@id\":\"https:\/\/energie.pt\/es\/#organization\"},\"alternateName\":\"ENERGIE\",\"potentialAction\":[{\"@type\":\"SearchAction\",\"target\":{\"@type\":\"EntryPoint\",\"urlTemplate\":\"https:\/\/energie.pt\/es\/?s={search_term_string}\"},\"query-input\":\"required name=search_term_string\"}],\"inLanguage\":\"es\"},{\"@type\":\"Organization\",\"@id\":\"https:\/\/energie.pt\/es\/#organization\",\"name\":\"Energie - Thermodynamic Solar Energy\",\"alternateName\":\"Energie\",\"url\":\"https:\/\/energie.pt\/es\/\",\"logo\":{\"@type\":\"ImageObject\",\"inLanguage\":\"es\",\"@id\":\"https:\/\/energie.pt\/es\/#\/schema\/logo\/image\/\",\"url\":\"https:\/\/energie.pt\/wp-content\/uploads\/2021\/06\/logo_energie.svg\",\"contentUrl\":\"https:\/\/energie.pt\/wp-content\/uploads\/2021\/06\/logo_energie.svg\",\"width\":190,\"height\":55,\"caption\":\"Energie - Thermodynamic Solar Energy\"},\"image\":{\"@id\":\"https:\/\/energie.pt\/es\/#\/schema\/logo\/image\/\"},\"sameAs\":[\"https:\/\/www.facebook.com\/EnergiePortugalEst\/\",\"https:\/\/www.instagram.com\/energieportugal\/\",\"https:\/\/www.youtube.com\/channel\/UCnItbF_zm_YZ1tFqzUcVgPQ\",\"https:\/\/www.linkedin.com\/company\/energieportugal\/\"]},{\"@type\":\"Person\",\"@id\":\"https:\/\/energie.pt\/es\/#\/schema\/person\/fbbc926447d5bcdd4272d1b2b459c176\",\"name\":\"Serafim Paredes\",\"sameAs\":[\"https:\/\/energie.pt\/\"],\"url\":\"https:\/\/energie.pt\/es\/author\/serafim\/\"}]}<\/script>\r\n<!-- \/ Yoast SEO plugin. -->","yoast_head_json":{"title":"OBRA DE REFERENCIA \u2013 EDIFICIO MULTIFAMILIAR ISLA DE MADEIRA - ENERGIE EST, Lda.","robots":{"index":"index","follow":"follow","max-snippet":"max-snippet:-1","max-image-preview":"max-image-preview:large","max-video-preview":"max-video-preview:-1"},"canonical":"https:\/\/energie.pt\/es\/mundo-energie\/noticias\/obra-referencia-edificio-multifamiliar-madeira\/","og_locale":"es_ES","og_type":"article","og_title":"OBRA DE REFERENCIA \u2013 EDIFICIO MULTIFAMILIAR ISLA DE MADEIRA - ENERGIE EST, Lda.","og_description":"En el proyecto de lujo m\u00e1s reciente de Madeira se han instalado 49 bombas de calor Aquapura MONOBLOC 200 y 300L. Este sofisticado y moderno proyecto cuenta con la eficiencia y el ahorro que le proporciona ENERGIE, aportando a\u00fan m\u00e1s calidad a la infraestructura. Con vistas al mar, la tipolog\u00eda de viviendas es innovadora y [&hellip;]","og_url":"https:\/\/energie.pt\/es\/mundo-energie\/noticias\/obra-referencia-edificio-multifamiliar-madeira\/","og_site_name":"ENERGIE EST, Lda.","article_publisher":"https:\/\/www.facebook.com\/EnergiePortugalEst\/","article_published_time":"2023-02-22T10:02:51+00:00","article_modified_time":"2025-01-23T08:59:43+00:00","og_image":[{"width":1024,"height":543,"url":"https:\/\/energie.pt\/wp-content\/uploads\/2023\/02\/jan_fev_obra_ref-1024x543.png","type":"image\/png"}],"author":"Serafim Paredes","twitter_card":"summary_large_image","twitter_misc":{"Escrito por":"Serafim Paredes","Tiempo de lectura":"1 minuto"},"schema":{"@context":"https:\/\/schema.org","@graph":[{"@type":"Article","@id":"https:\/\/energie.pt\/es\/mundo-energie\/noticias\/obra-referencia-edificio-multifamiliar-madeira\/#article","isPartOf":{"@id":"https:\/\/energie.pt\/es\/mundo-energie\/noticias\/obra-referencia-edificio-multifamiliar-madeira\/"},"author":{"name":"Serafim Paredes","@id":"https:\/\/energie.pt\/es\/#\/schema\/person\/fbbc926447d5bcdd4272d1b2b459c176"},"headline":"OBRA DE REFERENCIA \u2013 EDIFICIO MULTIFAMILIAR ISLA DE MADEIRA","datePublished":"2023-02-22T10:02:51+00:00","dateModified":"2025-01-23T08:59:43+00:00","mainEntityOfPage":{"@id":"https:\/\/energie.pt\/es\/mundo-energie\/noticias\/obra-referencia-edificio-multifamiliar-madeira\/"},"wordCount":175,"publisher":{"@id":"https:\/\/energie.pt\/es\/#organization"},"image":{"@id":"https:\/\/energie.pt\/es\/mundo-energie\/noticias\/obra-referencia-edificio-multifamiliar-madeira\/#primaryimage"},"thumbnailUrl":"https:\/\/energie.pt\/wp-content\/uploads\/2023\/02\/jan_fev_obra_ref.png","articleSection":["Mundo Energie","Noticias"],"inLanguage":"es"},{"@type":"WebPage","@id":"https:\/\/energie.pt\/es\/mundo-energie\/noticias\/obra-referencia-edificio-multifamiliar-madeira\/","url":"https:\/\/energie.pt\/es\/mundo-energie\/noticias\/obra-referencia-edificio-multifamiliar-madeira\/","name":"OBRA DE REFERENCIA \u2013 EDIFICIO MULTIFAMILIAR ISLA DE MADEIRA - ENERGIE EST, Lda.","isPartOf":{"@id":"https:\/\/energie.pt\/es\/#website"},"primaryImageOfPage":{"@id":"https:\/\/energie.pt\/es\/mundo-energie\/noticias\/obra-referencia-edificio-multifamiliar-madeira\/#primaryimage"},"image":{"@id":"https:\/\/energie.pt\/es\/mundo-energie\/noticias\/obra-referencia-edificio-multifamiliar-madeira\/#primaryimage"},"thumbnailUrl":"https:\/\/energie.pt\/wp-content\/uploads\/2023\/02\/jan_fev_obra_ref.png","datePublished":"2023-02-22T10:02:51+00:00","dateModified":"2025-01-23T08:59:43+00:00","breadcrumb":{"@id":"https:\/\/energie.pt\/es\/mundo-energie\/noticias\/obra-referencia-edificio-multifamiliar-madeira\/#breadcrumb"},"inLanguage":"es","potentialAction":[{"@type":"ReadAction","target":["https:\/\/energie.pt\/es\/mundo-energie\/noticias\/obra-referencia-edificio-multifamiliar-madeira\/"]}]},{"@type":"ImageObject","inLanguage":"es","@id":"https:\/\/energie.pt\/es\/mundo-energie\/noticias\/obra-referencia-edificio-multifamiliar-madeira\/#primaryimage","url":"https:\/\/energie.pt\/wp-content\/uploads\/2023\/02\/jan_fev_obra_ref.png","contentUrl":"https:\/\/energie.pt\/wp-content\/uploads\/2023\/02\/jan_fev_obra_ref.png","width":3121,"height":1656},{"@type":"BreadcrumbList","@id":"https:\/\/energie.pt\/es\/mundo-energie\/noticias\/obra-referencia-edificio-multifamiliar-madeira\/#breadcrumb","itemListElement":[{"@type":"ListItem","position":1,"name":"P\u00e1gina principal","item":"https:\/\/energie.pt\/es\/"},{"@type":"ListItem","position":2,"name":"Mundo Energie","item":"https:\/\/energie.pt\/es\/category\/mundo-energie\/"},{"@type":"ListItem","position":3,"name":"Noticias","item":"https:\/\/energie.pt\/es\/category\/mundo-energie\/noticias\/"},{"@type":"ListItem","position":4,"name":"OBRA DE REFERENCIA \u2013 EDIFICIO MULTIFAMILIAR ISLA DE MADEIRA"}]},{"@type":"WebSite","@id":"https:\/\/energie.pt\/es\/#website","url":"https:\/\/energie.pt\/es\/","name":"ENERGIE","description":"Soluciones de Energ\u00eda Solar Termodin\u00e1mica, Climatizaci\u00f3n, Bombas de Calor y ACS","publisher":{"@id":"https:\/\/energie.pt\/es\/#organization"},"alternateName":"ENERGIE","potentialAction":[{"@type":"SearchAction","target":{"@type":"EntryPoint","urlTemplate":"https:\/\/energie.pt\/es\/?s={search_term_string}"},"query-input":"required name=search_term_string"}],"inLanguage":"es"},{"@type":"Organization","@id":"https:\/\/energie.pt\/es\/#organization","name":"Energie - Thermodynamic Solar Energy","alternateName":"Energie","url":"https:\/\/energie.pt\/es\/","logo":{"@type":"ImageObject","inLanguage":"es","@id":"https:\/\/energie.pt\/es\/#\/schema\/logo\/image\/","url":"https:\/\/energie.pt\/wp-content\/uploads\/2021\/06\/logo_energie.svg","contentUrl":"https:\/\/energie.pt\/wp-content\/uploads\/2021\/06\/logo_energie.svg","width":190,"height":55,"caption":"Energie - Thermodynamic Solar Energy"},"image":{"@id":"https:\/\/energie.pt\/es\/#\/schema\/logo\/image\/"},"sameAs":["https:\/\/www.facebook.com\/EnergiePortugalEst\/","https:\/\/www.instagram.com\/energieportugal\/","https:\/\/www.youtube.com\/channel\/UCnItbF_zm_YZ1tFqzUcVgPQ","https:\/\/www.linkedin.com\/company\/energieportugal\/"]},{"@type":"Person","@id":"https:\/\/energie.pt\/es\/#\/schema\/person\/fbbc926447d5bcdd4272d1b2b459c176","name":"Serafim Paredes","sameAs":["https:\/\/energie.pt\/"],"url":"https:\/\/energie.pt\/es\/author\/serafim\/"}]}},"_links":{"self":[{"href":"https:\/\/energie.pt\/es\/wp-json\/wp\/v2\/posts\/20215"}],"collection":[{"href":"https:\/\/energie.pt\/es\/wp-json\/wp\/v2\/posts"}],"about":[{"href":"https:\/\/energie.pt\/es\/wp-json\/wp\/v2\/types\/post"}],"author":[{"embeddable":true,"href":"https:\/\/energie.pt\/es\/wp-json\/wp\/v2\/users\/2"}],"replies":[{"embeddable":true,"href":"https:\/\/energie.pt\/es\/wp-json\/wp\/v2\/comments?post=20215"}],"version-history":[{"count":1,"href":"https:\/\/energie.pt\/es\/wp-json\/wp\/v2\/posts\/20215\/revisions"}],"predecessor-version":[{"id":30131,"href":"https:\/\/energie.pt\/es\/wp-json\/wp\/v2\/posts\/20215\/revisions\/30131"}],"wp:featuredmedia":[{"embeddable":true,"href":"https:\/\/energie.pt\/es\/wp-json\/wp\/v2\/media\/20171"}],"wp:attachment":[{"href":"https:\/\/energie.pt\/es\/wp-json\/wp\/v2\/media?parent=20215"}],"wp:term":[{"taxonomy":"category","embeddable":true,"href":"https:\/\/energie.pt\/es\/wp-json\/wp\/v2\/categories?post=20215"},{"taxonomy":"post_tag","embeddable":true,"href":"https:\/\/energie.pt\/es\/wp-json\/wp\/v2\/tags?post=20215"}],"curies":[{"name":"wp","href":"https:\/\/api.w.org\/{rel}","templated":true}]}}