{"id":21238,"date":"2023-04-18T09:14:40","date_gmt":"2023-04-18T09:14:40","guid":{"rendered":"https:\/\/energie.pt\/mundo-energie\/noticias\/obra-referencia-escuela-secundaria\/"},"modified":"2025-01-23T08:45:39","modified_gmt":"2025-01-23T08:45:39","slug":"obra-referencia-escuela-secundaria","status":"publish","type":"post","link":"https:\/\/energie.pt\/es\/mundo-energie\/noticias\/obra-referencia-escuela-secundaria\/","title":{"rendered":"OBRA DE REFERENCIA \u2013 ESCUELA SECUNDARIA"},"content":{"rendered":"\n<p>En una escuela: secundaria de referencia, en P\u00f3voa de Varzim, se instal\u00f3 hace m\u00e1s de 20 a\u00f1os un Sistema Solar Termodin\u00e1mico ENERGIE, el Bloco Solar ENER 40. Este equipo se instal\u00f3 para calentar el agua de la piscina y los vestuarios.<\/p>\n\n<p>Tras m\u00e1s de 20 a\u00f1os en funcionamiento, el equipo fue sustituido por el moderno y m\u00e1s eficiente Sistema Solar Termodin\u00e1mico, Bloco Solar 40. Tambi\u00e9n se sustituyeron los paneles solares y las conexiones mec\u00e1nicas en tubo de cobre y se renov\u00f3 parte de la instalaci\u00f3n hidr\u00e1ulica.<\/p>\n\n<p>Este proyecto demuestra la durabilidad y la resistencia de los equipos ENERGIE, especialmente de la tecnolog\u00eda solar termodin\u00e1mica que, con la innovaci\u00f3n de nuestros productos, se hace m\u00e1s \u00fatil y eficiente en el calentamiento de agua sanitaria y de piscinas. Una prueba m\u00e1s de que nuestros clientes est\u00e1n satisfechos y que evolucionan con nosotros tecnol\u00f3gicamente, siempre con vistas a elegir los equipos m\u00e1s eficientes y respetuosos con el medio ambiente. <\/p>\n","protected":false},"excerpt":{"rendered":"<p>En una escuela: secundaria de referencia, en P\u00f3voa de Varzim, se instal\u00f3 hace m\u00e1s de 20 a\u00f1os un Sistema Solar Termodin\u00e1mico ENERGIE, el Bloco Solar ENER 40. Este equipo se instal\u00f3 para calentar el agua de la piscina y los vestuarios. Tras m\u00e1s de 20 a\u00f1os en funcionamiento, el equipo fue sustituido por el moderno [&hellip;]<\/p>\n","protected":false},"author":2,"featured_media":21222,"comment_status":"closed","ping_status":"closed","sticky":false,"template":"","format":"standard","meta":{"_acf_changed":false,"footnotes":""},"categories":[265,137],"tags":[],"class_list":["post-21238","post","type-post","status-publish","format-standard","has-post-thumbnail","hentry","category-mundo-energie","category-noticias"],"blocksy_meta":[],"acf":{"data_bimensal_da_noticia":"MARZO | ABRIL \/ 2023"},"cp_meta_data":{"_wpml_media_duplicate":["1"],"_wpml_media_featured":["1"],"_data_bimensal_da_noticia":["field_627e65cc70022"],"_top_nav_excluded":[""],"_cms_nav_minihome":[""],"_thumbnail_id":["21222"],"_last_translation_edit_mode":["translation-editor"],"_encloseme":["1"],"_yoast_wpseo_primary_category":["1"],"stackable_optimized_css":[""],"stackable_optimized_css_raw":["a:0:{}"],"data_bimensal_da_noticia":["MARZO | ABRIL \/ 2023"],"_wpml_media_has_media":["1"]},"yoast_head":"<!-- This site is optimized with the Yoast SEO plugin v22.8 - https:\/\/yoast.com\/wordpress\/plugins\/seo\/ -->\r\n<title>OBRA DE REFERENCIA \u2013 ESCUELA SECUNDARIA - ENERGIE EST, Lda.<\/title>\r\n<meta name=\"robots\" content=\"index, follow, max-snippet:-1, max-image-preview:large, max-video-preview:-1\" \/>\r\n<link rel=\"canonical\" href=\"https:\/\/energie.pt\/es\/mundo-energie\/noticias\/obra-referencia-escuela-secundaria\/\" \/>\r\n<meta property=\"og:locale\" content=\"es_ES\" \/>\r\n<meta property=\"og:type\" content=\"article\" \/>\r\n<meta property=\"og:title\" content=\"OBRA DE REFERENCIA \u2013 ESCUELA SECUNDARIA - ENERGIE EST, Lda.\" \/>\r\n<meta property=\"og:description\" content=\"En una escuela: secundaria de referencia, en P\u00f3voa de Varzim, se instal\u00f3 hace m\u00e1s de 20 a\u00f1os un Sistema Solar Termodin\u00e1mico ENERGIE, el Bloco Solar ENER 40. Este equipo se instal\u00f3 para calentar el agua de la piscina y los vestuarios. Tras m\u00e1s de 20 a\u00f1os en funcionamiento, el equipo fue sustituido por el moderno [&hellip;]\" \/>\r\n<meta property=\"og:url\" content=\"https:\/\/energie.pt\/es\/mundo-energie\/noticias\/obra-referencia-escuela-secundaria\/\" \/>\r\n<meta property=\"og:site_name\" content=\"ENERGIE EST, Lda.\" \/>\r\n<meta property=\"article:publisher\" content=\"https:\/\/www.facebook.com\/EnergiePortugalEst\/\" \/>\r\n<meta property=\"article:published_time\" content=\"2023-04-18T09:14:40+00:00\" \/>\r\n<meta property=\"article:modified_time\" content=\"2025-01-23T08:45:39+00:00\" \/>\r\n<meta property=\"og:image\" content=\"https:\/\/energie.pt\/wp-content\/uploads\/2023\/04\/marco_abril_obra.jpg\" \/>\r\n\t<meta property=\"og:image:width\" content=\"1876\" \/>\r\n\t<meta property=\"og:image:height\" content=\"996\" \/>\r\n\t<meta property=\"og:image:type\" content=\"image\/jpeg\" \/>\r\n<meta name=\"author\" content=\"Serafim Paredes\" \/>\r\n<meta name=\"twitter:card\" content=\"summary_large_image\" \/>\r\n<meta name=\"twitter:label1\" content=\"Escrito por\" \/>\n\t<meta name=\"twitter:data1\" content=\"Serafim Paredes\" \/>\n\t<meta name=\"twitter:label2\" content=\"Tiempo de lectura\" \/>\n\t<meta name=\"twitter:data2\" content=\"1 minuto\" \/>\r\n<script type=\"application\/ld+json\" class=\"yoast-schema-graph\">{\"@context\":\"https:\/\/schema.org\",\"@graph\":[{\"@type\":\"Article\",\"@id\":\"https:\/\/energie.pt\/es\/mundo-energie\/noticias\/obra-referencia-escuela-secundaria\/#article\",\"isPartOf\":{\"@id\":\"https:\/\/energie.pt\/es\/mundo-energie\/noticias\/obra-referencia-escuela-secundaria\/\"},\"author\":{\"name\":\"Serafim Paredes\",\"@id\":\"https:\/\/energie.pt\/es\/#\/schema\/person\/fbbc926447d5bcdd4272d1b2b459c176\"},\"headline\":\"OBRA DE REFERENCIA \u2013 ESCUELA SECUNDARIA\",\"datePublished\":\"2023-04-18T09:14:40+00:00\",\"dateModified\":\"2025-01-23T08:45:39+00:00\",\"mainEntityOfPage\":{\"@id\":\"https:\/\/energie.pt\/es\/mundo-energie\/noticias\/obra-referencia-escuela-secundaria\/\"},\"wordCount\":177,\"publisher\":{\"@id\":\"https:\/\/energie.pt\/es\/#organization\"},\"image\":{\"@id\":\"https:\/\/energie.pt\/es\/mundo-energie\/noticias\/obra-referencia-escuela-secundaria\/#primaryimage\"},\"thumbnailUrl\":\"https:\/\/energie.pt\/wp-content\/uploads\/2023\/04\/marco_abril_obra.jpg\",\"articleSection\":[\"Mundo Energie\",\"Noticias\"],\"inLanguage\":\"es\"},{\"@type\":\"WebPage\",\"@id\":\"https:\/\/energie.pt\/es\/mundo-energie\/noticias\/obra-referencia-escuela-secundaria\/\",\"url\":\"https:\/\/energie.pt\/es\/mundo-energie\/noticias\/obra-referencia-escuela-secundaria\/\",\"name\":\"OBRA DE REFERENCIA \u2013 ESCUELA SECUNDARIA - ENERGIE EST, Lda.\",\"isPartOf\":{\"@id\":\"https:\/\/energie.pt\/es\/#website\"},\"primaryImageOfPage\":{\"@id\":\"https:\/\/energie.pt\/es\/mundo-energie\/noticias\/obra-referencia-escuela-secundaria\/#primaryimage\"},\"image\":{\"@id\":\"https:\/\/energie.pt\/es\/mundo-energie\/noticias\/obra-referencia-escuela-secundaria\/#primaryimage\"},\"thumbnailUrl\":\"https:\/\/energie.pt\/wp-content\/uploads\/2023\/04\/marco_abril_obra.jpg\",\"datePublished\":\"2023-04-18T09:14:40+00:00\",\"dateModified\":\"2025-01-23T08:45:39+00:00\",\"breadcrumb\":{\"@id\":\"https:\/\/energie.pt\/es\/mundo-energie\/noticias\/obra-referencia-escuela-secundaria\/#breadcrumb\"},\"inLanguage\":\"es\",\"potentialAction\":[{\"@type\":\"ReadAction\",\"target\":[\"https:\/\/energie.pt\/es\/mundo-energie\/noticias\/obra-referencia-escuela-secundaria\/\"]}]},{\"@type\":\"ImageObject\",\"inLanguage\":\"es\",\"@id\":\"https:\/\/energie.pt\/es\/mundo-energie\/noticias\/obra-referencia-escuela-secundaria\/#primaryimage\",\"url\":\"https:\/\/energie.pt\/wp-content\/uploads\/2023\/04\/marco_abril_obra.jpg\",\"contentUrl\":\"https:\/\/energie.pt\/wp-content\/uploads\/2023\/04\/marco_abril_obra.jpg\",\"width\":1876,\"height\":996},{\"@type\":\"BreadcrumbList\",\"@id\":\"https:\/\/energie.pt\/es\/mundo-energie\/noticias\/obra-referencia-escuela-secundaria\/#breadcrumb\",\"itemListElement\":[{\"@type\":\"ListItem\",\"position\":1,\"name\":\"P\u00e1gina principal\",\"item\":\"https:\/\/energie.pt\/es\/\"},{\"@type\":\"ListItem\",\"position\":2,\"name\":\"Mundo Energie\",\"item\":\"https:\/\/energie.pt\/es\/category\/mundo-energie\/\"},{\"@type\":\"ListItem\",\"position\":3,\"name\":\"Noticias\",\"item\":\"https:\/\/energie.pt\/es\/category\/mundo-energie\/noticias\/\"},{\"@type\":\"ListItem\",\"position\":4,\"name\":\"OBRA DE REFERENCIA \u2013 ESCUELA SECUNDARIA\"}]},{\"@type\":\"WebSite\",\"@id\":\"https:\/\/energie.pt\/es\/#website\",\"url\":\"https:\/\/energie.pt\/es\/\",\"name\":\"ENERGIE\",\"description\":\"Soluciones de Energ\u00eda Solar Termodin\u00e1mica, Climatizaci\u00f3n, Bombas de Calor y ACS\",\"publisher\":{\"@id\":\"https:\/\/energie.pt\/es\/#organization\"},\"alternateName\":\"ENERGIE\",\"potentialAction\":[{\"@type\":\"SearchAction\",\"target\":{\"@type\":\"EntryPoint\",\"urlTemplate\":\"https:\/\/energie.pt\/es\/?s={search_term_string}\"},\"query-input\":\"required name=search_term_string\"}],\"inLanguage\":\"es\"},{\"@type\":\"Organization\",\"@id\":\"https:\/\/energie.pt\/es\/#organization\",\"name\":\"Energie - Thermodynamic Solar Energy\",\"alternateName\":\"Energie\",\"url\":\"https:\/\/energie.pt\/es\/\",\"logo\":{\"@type\":\"ImageObject\",\"inLanguage\":\"es\",\"@id\":\"https:\/\/energie.pt\/es\/#\/schema\/logo\/image\/\",\"url\":\"https:\/\/energie.pt\/wp-content\/uploads\/2021\/06\/logo_energie.svg\",\"contentUrl\":\"https:\/\/energie.pt\/wp-content\/uploads\/2021\/06\/logo_energie.svg\",\"width\":190,\"height\":55,\"caption\":\"Energie - Thermodynamic Solar Energy\"},\"image\":{\"@id\":\"https:\/\/energie.pt\/es\/#\/schema\/logo\/image\/\"},\"sameAs\":[\"https:\/\/www.facebook.com\/EnergiePortugalEst\/\",\"https:\/\/www.instagram.com\/energieportugal\/\",\"https:\/\/www.youtube.com\/channel\/UCnItbF_zm_YZ1tFqzUcVgPQ\",\"https:\/\/www.linkedin.com\/company\/energieportugal\/\"]},{\"@type\":\"Person\",\"@id\":\"https:\/\/energie.pt\/es\/#\/schema\/person\/fbbc926447d5bcdd4272d1b2b459c176\",\"name\":\"Serafim Paredes\",\"sameAs\":[\"https:\/\/energie.pt\/\"],\"url\":\"https:\/\/energie.pt\/es\/author\/serafim\/\"}]}<\/script>\r\n<!-- \/ Yoast SEO plugin. -->","yoast_head_json":{"title":"OBRA DE REFERENCIA \u2013 ESCUELA SECUNDARIA - ENERGIE EST, Lda.","robots":{"index":"index","follow":"follow","max-snippet":"max-snippet:-1","max-image-preview":"max-image-preview:large","max-video-preview":"max-video-preview:-1"},"canonical":"https:\/\/energie.pt\/es\/mundo-energie\/noticias\/obra-referencia-escuela-secundaria\/","og_locale":"es_ES","og_type":"article","og_title":"OBRA DE REFERENCIA \u2013 ESCUELA SECUNDARIA - ENERGIE EST, Lda.","og_description":"En una escuela: secundaria de referencia, en P\u00f3voa de Varzim, se instal\u00f3 hace m\u00e1s de 20 a\u00f1os un Sistema Solar Termodin\u00e1mico ENERGIE, el Bloco Solar ENER 40. Este equipo se instal\u00f3 para calentar el agua de la piscina y los vestuarios. Tras m\u00e1s de 20 a\u00f1os en funcionamiento, el equipo fue sustituido por el moderno [&hellip;]","og_url":"https:\/\/energie.pt\/es\/mundo-energie\/noticias\/obra-referencia-escuela-secundaria\/","og_site_name":"ENERGIE EST, Lda.","article_publisher":"https:\/\/www.facebook.com\/EnergiePortugalEst\/","article_published_time":"2023-04-18T09:14:40+00:00","article_modified_time":"2025-01-23T08:45:39+00:00","og_image":[{"width":1876,"height":996,"url":"https:\/\/energie.pt\/wp-content\/uploads\/2023\/04\/marco_abril_obra.jpg","type":"image\/jpeg"}],"author":"Serafim Paredes","twitter_card":"summary_large_image","twitter_misc":{"Escrito por":"Serafim Paredes","Tiempo de lectura":"1 minuto"},"schema":{"@context":"https:\/\/schema.org","@graph":[{"@type":"Article","@id":"https:\/\/energie.pt\/es\/mundo-energie\/noticias\/obra-referencia-escuela-secundaria\/#article","isPartOf":{"@id":"https:\/\/energie.pt\/es\/mundo-energie\/noticias\/obra-referencia-escuela-secundaria\/"},"author":{"name":"Serafim Paredes","@id":"https:\/\/energie.pt\/es\/#\/schema\/person\/fbbc926447d5bcdd4272d1b2b459c176"},"headline":"OBRA DE REFERENCIA \u2013 ESCUELA SECUNDARIA","datePublished":"2023-04-18T09:14:40+00:00","dateModified":"2025-01-23T08:45:39+00:00","mainEntityOfPage":{"@id":"https:\/\/energie.pt\/es\/mundo-energie\/noticias\/obra-referencia-escuela-secundaria\/"},"wordCount":177,"publisher":{"@id":"https:\/\/energie.pt\/es\/#organization"},"image":{"@id":"https:\/\/energie.pt\/es\/mundo-energie\/noticias\/obra-referencia-escuela-secundaria\/#primaryimage"},"thumbnailUrl":"https:\/\/energie.pt\/wp-content\/uploads\/2023\/04\/marco_abril_obra.jpg","articleSection":["Mundo Energie","Noticias"],"inLanguage":"es"},{"@type":"WebPage","@id":"https:\/\/energie.pt\/es\/mundo-energie\/noticias\/obra-referencia-escuela-secundaria\/","url":"https:\/\/energie.pt\/es\/mundo-energie\/noticias\/obra-referencia-escuela-secundaria\/","name":"OBRA DE REFERENCIA \u2013 ESCUELA SECUNDARIA - ENERGIE EST, Lda.","isPartOf":{"@id":"https:\/\/energie.pt\/es\/#website"},"primaryImageOfPage":{"@id":"https:\/\/energie.pt\/es\/mundo-energie\/noticias\/obra-referencia-escuela-secundaria\/#primaryimage"},"image":{"@id":"https:\/\/energie.pt\/es\/mundo-energie\/noticias\/obra-referencia-escuela-secundaria\/#primaryimage"},"thumbnailUrl":"https:\/\/energie.pt\/wp-content\/uploads\/2023\/04\/marco_abril_obra.jpg","datePublished":"2023-04-18T09:14:40+00:00","dateModified":"2025-01-23T08:45:39+00:00","breadcrumb":{"@id":"https:\/\/energie.pt\/es\/mundo-energie\/noticias\/obra-referencia-escuela-secundaria\/#breadcrumb"},"inLanguage":"es","potentialAction":[{"@type":"ReadAction","target":["https:\/\/energie.pt\/es\/mundo-energie\/noticias\/obra-referencia-escuela-secundaria\/"]}]},{"@type":"ImageObject","inLanguage":"es","@id":"https:\/\/energie.pt\/es\/mundo-energie\/noticias\/obra-referencia-escuela-secundaria\/#primaryimage","url":"https:\/\/energie.pt\/wp-content\/uploads\/2023\/04\/marco_abril_obra.jpg","contentUrl":"https:\/\/energie.pt\/wp-content\/uploads\/2023\/04\/marco_abril_obra.jpg","width":1876,"height":996},{"@type":"BreadcrumbList","@id":"https:\/\/energie.pt\/es\/mundo-energie\/noticias\/obra-referencia-escuela-secundaria\/#breadcrumb","itemListElement":[{"@type":"ListItem","position":1,"name":"P\u00e1gina principal","item":"https:\/\/energie.pt\/es\/"},{"@type":"ListItem","position":2,"name":"Mundo Energie","item":"https:\/\/energie.pt\/es\/category\/mundo-energie\/"},{"@type":"ListItem","position":3,"name":"Noticias","item":"https:\/\/energie.pt\/es\/category\/mundo-energie\/noticias\/"},{"@type":"ListItem","position":4,"name":"OBRA DE REFERENCIA \u2013 ESCUELA SECUNDARIA"}]},{"@type":"WebSite","@id":"https:\/\/energie.pt\/es\/#website","url":"https:\/\/energie.pt\/es\/","name":"ENERGIE","description":"Soluciones de Energ\u00eda Solar Termodin\u00e1mica, Climatizaci\u00f3n, Bombas de Calor y ACS","publisher":{"@id":"https:\/\/energie.pt\/es\/#organization"},"alternateName":"ENERGIE","potentialAction":[{"@type":"SearchAction","target":{"@type":"EntryPoint","urlTemplate":"https:\/\/energie.pt\/es\/?s={search_term_string}"},"query-input":"required name=search_term_string"}],"inLanguage":"es"},{"@type":"Organization","@id":"https:\/\/energie.pt\/es\/#organization","name":"Energie - Thermodynamic Solar Energy","alternateName":"Energie","url":"https:\/\/energie.pt\/es\/","logo":{"@type":"ImageObject","inLanguage":"es","@id":"https:\/\/energie.pt\/es\/#\/schema\/logo\/image\/","url":"https:\/\/energie.pt\/wp-content\/uploads\/2021\/06\/logo_energie.svg","contentUrl":"https:\/\/energie.pt\/wp-content\/uploads\/2021\/06\/logo_energie.svg","width":190,"height":55,"caption":"Energie - Thermodynamic Solar Energy"},"image":{"@id":"https:\/\/energie.pt\/es\/#\/schema\/logo\/image\/"},"sameAs":["https:\/\/www.facebook.com\/EnergiePortugalEst\/","https:\/\/www.instagram.com\/energieportugal\/","https:\/\/www.youtube.com\/channel\/UCnItbF_zm_YZ1tFqzUcVgPQ","https:\/\/www.linkedin.com\/company\/energieportugal\/"]},{"@type":"Person","@id":"https:\/\/energie.pt\/es\/#\/schema\/person\/fbbc926447d5bcdd4272d1b2b459c176","name":"Serafim Paredes","sameAs":["https:\/\/energie.pt\/"],"url":"https:\/\/energie.pt\/es\/author\/serafim\/"}]}},"_links":{"self":[{"href":"https:\/\/energie.pt\/es\/wp-json\/wp\/v2\/posts\/21238"}],"collection":[{"href":"https:\/\/energie.pt\/es\/wp-json\/wp\/v2\/posts"}],"about":[{"href":"https:\/\/energie.pt\/es\/wp-json\/wp\/v2\/types\/post"}],"author":[{"embeddable":true,"href":"https:\/\/energie.pt\/es\/wp-json\/wp\/v2\/users\/2"}],"replies":[{"embeddable":true,"href":"https:\/\/energie.pt\/es\/wp-json\/wp\/v2\/comments?post=21238"}],"version-history":[{"count":1,"href":"https:\/\/energie.pt\/es\/wp-json\/wp\/v2\/posts\/21238\/revisions"}],"predecessor-version":[{"id":30119,"href":"https:\/\/energie.pt\/es\/wp-json\/wp\/v2\/posts\/21238\/revisions\/30119"}],"wp:featuredmedia":[{"embeddable":true,"href":"https:\/\/energie.pt\/es\/wp-json\/wp\/v2\/media\/21222"}],"wp:attachment":[{"href":"https:\/\/energie.pt\/es\/wp-json\/wp\/v2\/media?parent=21238"}],"wp:term":[{"taxonomy":"category","embeddable":true,"href":"https:\/\/energie.pt\/es\/wp-json\/wp\/v2\/categories?post=21238"},{"taxonomy":"post_tag","embeddable":true,"href":"https:\/\/energie.pt\/es\/wp-json\/wp\/v2\/tags?post=21238"}],"curies":[{"name":"wp","href":"https:\/\/api.w.org\/{rel}","templated":true}]}}