{"id":21251,"date":"2023-04-18T09:50:28","date_gmt":"2023-04-18T09:50:28","guid":{"rendered":"https:\/\/energie.pt\/mundo-energie\/noticias\/nuevo-acumulador-thermocylinder-energie\/"},"modified":"2025-01-23T08:44:58","modified_gmt":"2025-01-23T08:44:58","slug":"nuevo-acumulador-thermocylinder-energie","status":"publish","type":"post","link":"https:\/\/energie.pt\/es\/mundo-energie\/noticias\/nuevo-acumulador-thermocylinder-energie\/","title":{"rendered":"NUEVO ACUMULADOR THERMOCYLINDER ENERGIE"},"content":{"rendered":"<p>El primer trimestre de 2023 estuvo marcado por el lanzamiento de otro producto de ENERGIE. El acumulador THERMOCYLINDER se basa en el almacenamiento de agua caliente sanitaria (ACS) para su integraci\u00f3n con una bomba de calor.<\/p>\n<p>Estos equipos se distinguen por el cumplimiento de los m\u00e1s altos est\u00e1ndares de calidad, y est\u00e1n compuestos por un dep\u00f3sito de acero inoxidable, con una geometr\u00eda de serpent\u00edn y una configuraci\u00f3n dise\u00f1ada para obtener una mayor rentabilidad en el intercambio t\u00e9rmico.<\/p>\n<p>De esta manera, se combina un dep\u00f3sito acumulador de ACS con una bomba de calor, permitiendo satisfacer las necesidades de su instalaci\u00f3n en momentos de mayor consumo o de consumo simult\u00e1neo en diferentes partes del edificio. La gama contiene dep\u00f3sitos de 160 a 300 L, con opci\u00f3n de serpent\u00edn simple, doble o XL.<\/p>\n<p>&nbsp;<\/p>\n<p>La soluci\u00f3n ideal para pisos y casas de tama\u00f1o medio es el THERMOCYLINDER, un producto vers\u00e1til, compatible con todas nuestras bombas de calor.<\/p>\n","protected":false},"excerpt":{"rendered":"<p>El primer trimestre de 2023 estuvo marcado por el lanzamiento de otro producto de ENERGIE. El acumulador THERMOCYLINDER se basa en el almacenamiento de agua caliente sanitaria (ACS) para su integraci\u00f3n con una bomba de calor. Estos equipos se distinguen por el cumplimiento de los m\u00e1s altos est\u00e1ndares de calidad, y est\u00e1n compuestos por un [&hellip;]<\/p>\n","protected":false},"author":2,"featured_media":21281,"comment_status":"closed","ping_status":"closed","sticky":false,"template":"","format":"standard","meta":{"_acf_changed":false,"footnotes":""},"categories":[265,137],"tags":[],"class_list":["post-21251","post","type-post","status-publish","format-standard","has-post-thumbnail","hentry","category-mundo-energie","category-noticias"],"blocksy_meta":[],"acf":{"data_bimensal_da_noticia":"20 \/ 5 000 Resultados da tradu\u00e7\u00e3o Resultado de tradu\u00e7\u00e3o MARZO | ABRIL \/ 2023"},"cp_meta_data":{"_elementor_template_type":["wp-post"],"_elementor_version":["3.12.1"],"_wpml_media_duplicate":["1"],"_wpml_media_featured":["1"],"_data_bimensal_da_noticia":["field_627e65cc70022"],"_top_nav_excluded":[""],"_cms_nav_minihome":[""],"_wp_page_template":["default"],"_elementor_data":["[{\"id\":\"3609b325\",\"elType\":\"section\",\"settings\":[],\"elements\":[{\"id\":\"1f294c52\",\"elType\":\"column\",\"settings\":{\"_column_size\":100},\"elements\":[{\"id\":\"33823d53\",\"elType\":\"widget\",\"settings\":{\"editor\":\"\\n<p>O primeiro trimestre de 2023 pautou-se pelo lan\\u00e7amento de mais um produto ENERGIE. O acumulador THERMOCYLINDER tem por base a acumula\\u00e7\\u00e3o de \\u00e1gua quente sanit\\u00e1ria (AQS) destinado \\u00e0 integra\\u00e7\\u00e3o com bomba de calor.<\\\/p>\\n\\n\\n\\n<p>Estes equipamentos primam-se pelo cumprimento dos mais altos padr\\u00f5es de qualidade e s\\u00e3o constitu\\u00eddos por um dep\\u00f3sito de a\\u00e7o inoxid\\u00e1vel, com serpentina de geometria e configura\\u00e7\\u00e3o destinada a uma maior rentabilidade de permuta t\\u00e9rmica.<\\\/p>\\n\\n\\n\\n<p>Deste modo, um dep\\u00f3sito acumulador de AQS combina-se com uma bomba de calor, permitindo que, em momentos de maior consumo ou consumos simult\\u00e2neos em diferentes partes do edif\\u00edcio, seja poss\\u00edvel responder \\u00e0s necessidades da sua instala\\u00e7\\u00e3o. A gama estende-se desde dep\\u00f3sitos de 160 at\\u00e9 300L com a op\\u00e7\\u00e3o de serpentina simples, dupla ou XL. <\\\/p>\\n\\n\\n\\n<p>A solu\\u00e7\\u00e3o ideal para apartamentos e vivendas de m\\u00e9dia dimens\\u00e3o \\u00e9 o THERMOCYLINDER, um produto vers\\u00e1til, compat\\u00edvel com todas as nossas bombas de calor.<\\\/p>\\n\"},\"elements\":[],\"widgetType\":\"text-editor\"}],\"isInner\":false}],\"isInner\":false}]"],"_elementor_template_widget_type":[""],"_last_translation_edit_mode":["translation-editor"],"_thumbnail_id":["21281"],"_yoast_wpseo_primary_category":["1"],"_encloseme":["1"],"stackable_optimized_css":[""],"stackable_optimized_css_raw":["a:0:{}"],"data_bimensal_da_noticia":["20 \/ 5 000 Resultados da tradu\u00e7\u00e3o Resultado de tradu\u00e7\u00e3o MARZO | ABRIL \/ 2023"]},"yoast_head":"<!-- This site is optimized with the Yoast SEO plugin v22.8 - https:\/\/yoast.com\/wordpress\/plugins\/seo\/ -->\r\n<title>NUEVO ACUMULADOR THERMOCYLINDER ENERGIE - ENERGIE EST, Lda.<\/title>\r\n<meta name=\"robots\" content=\"index, follow, max-snippet:-1, max-image-preview:large, max-video-preview:-1\" \/>\r\n<link rel=\"canonical\" href=\"https:\/\/energie.pt\/es\/mundo-energie\/noticias\/nuevo-acumulador-thermocylinder-energie\/\" \/>\r\n<meta property=\"og:locale\" content=\"es_ES\" \/>\r\n<meta property=\"og:type\" content=\"article\" \/>\r\n<meta property=\"og:title\" content=\"NUEVO ACUMULADOR THERMOCYLINDER ENERGIE - ENERGIE EST, Lda.\" \/>\r\n<meta property=\"og:description\" content=\"El primer trimestre de 2023 estuvo marcado por el lanzamiento de otro producto de ENERGIE. El acumulador THERMOCYLINDER se basa en el almacenamiento de agua caliente sanitaria (ACS) para su integraci\u00f3n con una bomba de calor. Estos equipos se distinguen por el cumplimiento de los m\u00e1s altos est\u00e1ndares de calidad, y est\u00e1n compuestos por un [&hellip;]\" \/>\r\n<meta property=\"og:url\" content=\"https:\/\/energie.pt\/es\/mundo-energie\/noticias\/nuevo-acumulador-thermocylinder-energie\/\" \/>\r\n<meta property=\"og:site_name\" content=\"ENERGIE EST, Lda.\" \/>\r\n<meta property=\"article:publisher\" content=\"https:\/\/www.facebook.com\/EnergiePortugalEst\/\" \/>\r\n<meta property=\"article:published_time\" content=\"2023-04-18T09:50:28+00:00\" \/>\r\n<meta property=\"article:modified_time\" content=\"2025-01-23T08:44:58+00:00\" \/>\r\n<meta property=\"og:image\" content=\"https:\/\/energie.pt\/wp-content\/uploads\/2023\/04\/marco_abril_thermocylinder_2023-scaled.jpg\" \/>\r\n\t<meta property=\"og:image:width\" content=\"2560\" \/>\r\n\t<meta property=\"og:image:height\" content=\"1359\" \/>\r\n\t<meta property=\"og:image:type\" content=\"image\/jpeg\" \/>\r\n<meta name=\"author\" content=\"Serafim Paredes\" \/>\r\n<meta name=\"twitter:card\" content=\"summary_large_image\" \/>\r\n<meta name=\"twitter:label1\" content=\"Escrito por\" \/>\n\t<meta name=\"twitter:data1\" content=\"Serafim Paredes\" \/>\n\t<meta name=\"twitter:label2\" content=\"Tiempo de lectura\" \/>\n\t<meta name=\"twitter:data2\" content=\"1 minuto\" \/>\r\n<script type=\"application\/ld+json\" class=\"yoast-schema-graph\">{\"@context\":\"https:\/\/schema.org\",\"@graph\":[{\"@type\":\"Article\",\"@id\":\"https:\/\/energie.pt\/es\/mundo-energie\/noticias\/nuevo-acumulador-thermocylinder-energie\/#article\",\"isPartOf\":{\"@id\":\"https:\/\/energie.pt\/es\/mundo-energie\/noticias\/nuevo-acumulador-thermocylinder-energie\/\"},\"author\":{\"name\":\"Serafim Paredes\",\"@id\":\"https:\/\/energie.pt\/es\/#\/schema\/person\/fbbc926447d5bcdd4272d1b2b459c176\"},\"headline\":\"NUEVO ACUMULADOR THERMOCYLINDER ENERGIE\",\"datePublished\":\"2023-04-18T09:50:28+00:00\",\"dateModified\":\"2025-01-23T08:44:58+00:00\",\"mainEntityOfPage\":{\"@id\":\"https:\/\/energie.pt\/es\/mundo-energie\/noticias\/nuevo-acumulador-thermocylinder-energie\/\"},\"wordCount\":174,\"publisher\":{\"@id\":\"https:\/\/energie.pt\/es\/#organization\"},\"image\":{\"@id\":\"https:\/\/energie.pt\/es\/mundo-energie\/noticias\/nuevo-acumulador-thermocylinder-energie\/#primaryimage\"},\"thumbnailUrl\":\"https:\/\/energie.pt\/wp-content\/uploads\/2023\/04\/marco_abril_thermocylinder_2023-scaled.jpg\",\"articleSection\":[\"Mundo Energie\",\"Noticias\"],\"inLanguage\":\"es\"},{\"@type\":\"WebPage\",\"@id\":\"https:\/\/energie.pt\/es\/mundo-energie\/noticias\/nuevo-acumulador-thermocylinder-energie\/\",\"url\":\"https:\/\/energie.pt\/es\/mundo-energie\/noticias\/nuevo-acumulador-thermocylinder-energie\/\",\"name\":\"NUEVO ACUMULADOR THERMOCYLINDER ENERGIE - ENERGIE EST, Lda.\",\"isPartOf\":{\"@id\":\"https:\/\/energie.pt\/es\/#website\"},\"primaryImageOfPage\":{\"@id\":\"https:\/\/energie.pt\/es\/mundo-energie\/noticias\/nuevo-acumulador-thermocylinder-energie\/#primaryimage\"},\"image\":{\"@id\":\"https:\/\/energie.pt\/es\/mundo-energie\/noticias\/nuevo-acumulador-thermocylinder-energie\/#primaryimage\"},\"thumbnailUrl\":\"https:\/\/energie.pt\/wp-content\/uploads\/2023\/04\/marco_abril_thermocylinder_2023-scaled.jpg\",\"datePublished\":\"2023-04-18T09:50:28+00:00\",\"dateModified\":\"2025-01-23T08:44:58+00:00\",\"breadcrumb\":{\"@id\":\"https:\/\/energie.pt\/es\/mundo-energie\/noticias\/nuevo-acumulador-thermocylinder-energie\/#breadcrumb\"},\"inLanguage\":\"es\",\"potentialAction\":[{\"@type\":\"ReadAction\",\"target\":[\"https:\/\/energie.pt\/es\/mundo-energie\/noticias\/nuevo-acumulador-thermocylinder-energie\/\"]}]},{\"@type\":\"ImageObject\",\"inLanguage\":\"es\",\"@id\":\"https:\/\/energie.pt\/es\/mundo-energie\/noticias\/nuevo-acumulador-thermocylinder-energie\/#primaryimage\",\"url\":\"https:\/\/energie.pt\/wp-content\/uploads\/2023\/04\/marco_abril_thermocylinder_2023-scaled.jpg\",\"contentUrl\":\"https:\/\/energie.pt\/wp-content\/uploads\/2023\/04\/marco_abril_thermocylinder_2023-scaled.jpg\",\"width\":2560,\"height\":1359},{\"@type\":\"BreadcrumbList\",\"@id\":\"https:\/\/energie.pt\/es\/mundo-energie\/noticias\/nuevo-acumulador-thermocylinder-energie\/#breadcrumb\",\"itemListElement\":[{\"@type\":\"ListItem\",\"position\":1,\"name\":\"P\u00e1gina principal\",\"item\":\"https:\/\/energie.pt\/es\/\"},{\"@type\":\"ListItem\",\"position\":2,\"name\":\"Mundo Energie\",\"item\":\"https:\/\/energie.pt\/es\/category\/mundo-energie\/\"},{\"@type\":\"ListItem\",\"position\":3,\"name\":\"Noticias\",\"item\":\"https:\/\/energie.pt\/es\/category\/mundo-energie\/noticias\/\"},{\"@type\":\"ListItem\",\"position\":4,\"name\":\"NUEVO ACUMULADOR THERMOCYLINDER ENERGIE\"}]},{\"@type\":\"WebSite\",\"@id\":\"https:\/\/energie.pt\/es\/#website\",\"url\":\"https:\/\/energie.pt\/es\/\",\"name\":\"ENERGIE\",\"description\":\"Soluciones de Energ\u00eda Solar Termodin\u00e1mica, Climatizaci\u00f3n, Bombas de Calor y ACS\",\"publisher\":{\"@id\":\"https:\/\/energie.pt\/es\/#organization\"},\"alternateName\":\"ENERGIE\",\"potentialAction\":[{\"@type\":\"SearchAction\",\"target\":{\"@type\":\"EntryPoint\",\"urlTemplate\":\"https:\/\/energie.pt\/es\/?s={search_term_string}\"},\"query-input\":\"required name=search_term_string\"}],\"inLanguage\":\"es\"},{\"@type\":\"Organization\",\"@id\":\"https:\/\/energie.pt\/es\/#organization\",\"name\":\"Energie - Thermodynamic Solar Energy\",\"alternateName\":\"Energie\",\"url\":\"https:\/\/energie.pt\/es\/\",\"logo\":{\"@type\":\"ImageObject\",\"inLanguage\":\"es\",\"@id\":\"https:\/\/energie.pt\/es\/#\/schema\/logo\/image\/\",\"url\":\"https:\/\/energie.pt\/wp-content\/uploads\/2021\/06\/logo_energie.svg\",\"contentUrl\":\"https:\/\/energie.pt\/wp-content\/uploads\/2021\/06\/logo_energie.svg\",\"width\":190,\"height\":55,\"caption\":\"Energie - Thermodynamic Solar Energy\"},\"image\":{\"@id\":\"https:\/\/energie.pt\/es\/#\/schema\/logo\/image\/\"},\"sameAs\":[\"https:\/\/www.facebook.com\/EnergiePortugalEst\/\",\"https:\/\/www.instagram.com\/energieportugal\/\",\"https:\/\/www.youtube.com\/channel\/UCnItbF_zm_YZ1tFqzUcVgPQ\",\"https:\/\/www.linkedin.com\/company\/energieportugal\/\"]},{\"@type\":\"Person\",\"@id\":\"https:\/\/energie.pt\/es\/#\/schema\/person\/fbbc926447d5bcdd4272d1b2b459c176\",\"name\":\"Serafim Paredes\",\"sameAs\":[\"https:\/\/energie.pt\/\"],\"url\":\"https:\/\/energie.pt\/es\/author\/serafim\/\"}]}<\/script>\r\n<!-- \/ Yoast SEO plugin. -->","yoast_head_json":{"title":"NUEVO ACUMULADOR THERMOCYLINDER ENERGIE - ENERGIE EST, Lda.","robots":{"index":"index","follow":"follow","max-snippet":"max-snippet:-1","max-image-preview":"max-image-preview:large","max-video-preview":"max-video-preview:-1"},"canonical":"https:\/\/energie.pt\/es\/mundo-energie\/noticias\/nuevo-acumulador-thermocylinder-energie\/","og_locale":"es_ES","og_type":"article","og_title":"NUEVO ACUMULADOR THERMOCYLINDER ENERGIE - ENERGIE EST, Lda.","og_description":"El primer trimestre de 2023 estuvo marcado por el lanzamiento de otro producto de ENERGIE. El acumulador THERMOCYLINDER se basa en el almacenamiento de agua caliente sanitaria (ACS) para su integraci\u00f3n con una bomba de calor. Estos equipos se distinguen por el cumplimiento de los m\u00e1s altos est\u00e1ndares de calidad, y est\u00e1n compuestos por un [&hellip;]","og_url":"https:\/\/energie.pt\/es\/mundo-energie\/noticias\/nuevo-acumulador-thermocylinder-energie\/","og_site_name":"ENERGIE EST, Lda.","article_publisher":"https:\/\/www.facebook.com\/EnergiePortugalEst\/","article_published_time":"2023-04-18T09:50:28+00:00","article_modified_time":"2025-01-23T08:44:58+00:00","og_image":[{"width":2560,"height":1359,"url":"https:\/\/energie.pt\/wp-content\/uploads\/2023\/04\/marco_abril_thermocylinder_2023-scaled.jpg","type":"image\/jpeg"}],"author":"Serafim Paredes","twitter_card":"summary_large_image","twitter_misc":{"Escrito por":"Serafim Paredes","Tiempo de lectura":"1 minuto"},"schema":{"@context":"https:\/\/schema.org","@graph":[{"@type":"Article","@id":"https:\/\/energie.pt\/es\/mundo-energie\/noticias\/nuevo-acumulador-thermocylinder-energie\/#article","isPartOf":{"@id":"https:\/\/energie.pt\/es\/mundo-energie\/noticias\/nuevo-acumulador-thermocylinder-energie\/"},"author":{"name":"Serafim Paredes","@id":"https:\/\/energie.pt\/es\/#\/schema\/person\/fbbc926447d5bcdd4272d1b2b459c176"},"headline":"NUEVO ACUMULADOR THERMOCYLINDER ENERGIE","datePublished":"2023-04-18T09:50:28+00:00","dateModified":"2025-01-23T08:44:58+00:00","mainEntityOfPage":{"@id":"https:\/\/energie.pt\/es\/mundo-energie\/noticias\/nuevo-acumulador-thermocylinder-energie\/"},"wordCount":174,"publisher":{"@id":"https:\/\/energie.pt\/es\/#organization"},"image":{"@id":"https:\/\/energie.pt\/es\/mundo-energie\/noticias\/nuevo-acumulador-thermocylinder-energie\/#primaryimage"},"thumbnailUrl":"https:\/\/energie.pt\/wp-content\/uploads\/2023\/04\/marco_abril_thermocylinder_2023-scaled.jpg","articleSection":["Mundo Energie","Noticias"],"inLanguage":"es"},{"@type":"WebPage","@id":"https:\/\/energie.pt\/es\/mundo-energie\/noticias\/nuevo-acumulador-thermocylinder-energie\/","url":"https:\/\/energie.pt\/es\/mundo-energie\/noticias\/nuevo-acumulador-thermocylinder-energie\/","name":"NUEVO ACUMULADOR THERMOCYLINDER ENERGIE - ENERGIE EST, Lda.","isPartOf":{"@id":"https:\/\/energie.pt\/es\/#website"},"primaryImageOfPage":{"@id":"https:\/\/energie.pt\/es\/mundo-energie\/noticias\/nuevo-acumulador-thermocylinder-energie\/#primaryimage"},"image":{"@id":"https:\/\/energie.pt\/es\/mundo-energie\/noticias\/nuevo-acumulador-thermocylinder-energie\/#primaryimage"},"thumbnailUrl":"https:\/\/energie.pt\/wp-content\/uploads\/2023\/04\/marco_abril_thermocylinder_2023-scaled.jpg","datePublished":"2023-04-18T09:50:28+00:00","dateModified":"2025-01-23T08:44:58+00:00","breadcrumb":{"@id":"https:\/\/energie.pt\/es\/mundo-energie\/noticias\/nuevo-acumulador-thermocylinder-energie\/#breadcrumb"},"inLanguage":"es","potentialAction":[{"@type":"ReadAction","target":["https:\/\/energie.pt\/es\/mundo-energie\/noticias\/nuevo-acumulador-thermocylinder-energie\/"]}]},{"@type":"ImageObject","inLanguage":"es","@id":"https:\/\/energie.pt\/es\/mundo-energie\/noticias\/nuevo-acumulador-thermocylinder-energie\/#primaryimage","url":"https:\/\/energie.pt\/wp-content\/uploads\/2023\/04\/marco_abril_thermocylinder_2023-scaled.jpg","contentUrl":"https:\/\/energie.pt\/wp-content\/uploads\/2023\/04\/marco_abril_thermocylinder_2023-scaled.jpg","width":2560,"height":1359},{"@type":"BreadcrumbList","@id":"https:\/\/energie.pt\/es\/mundo-energie\/noticias\/nuevo-acumulador-thermocylinder-energie\/#breadcrumb","itemListElement":[{"@type":"ListItem","position":1,"name":"P\u00e1gina principal","item":"https:\/\/energie.pt\/es\/"},{"@type":"ListItem","position":2,"name":"Mundo Energie","item":"https:\/\/energie.pt\/es\/category\/mundo-energie\/"},{"@type":"ListItem","position":3,"name":"Noticias","item":"https:\/\/energie.pt\/es\/category\/mundo-energie\/noticias\/"},{"@type":"ListItem","position":4,"name":"NUEVO ACUMULADOR THERMOCYLINDER ENERGIE"}]},{"@type":"WebSite","@id":"https:\/\/energie.pt\/es\/#website","url":"https:\/\/energie.pt\/es\/","name":"ENERGIE","description":"Soluciones de Energ\u00eda Solar Termodin\u00e1mica, Climatizaci\u00f3n, Bombas de Calor y ACS","publisher":{"@id":"https:\/\/energie.pt\/es\/#organization"},"alternateName":"ENERGIE","potentialAction":[{"@type":"SearchAction","target":{"@type":"EntryPoint","urlTemplate":"https:\/\/energie.pt\/es\/?s={search_term_string}"},"query-input":"required name=search_term_string"}],"inLanguage":"es"},{"@type":"Organization","@id":"https:\/\/energie.pt\/es\/#organization","name":"Energie - Thermodynamic Solar Energy","alternateName":"Energie","url":"https:\/\/energie.pt\/es\/","logo":{"@type":"ImageObject","inLanguage":"es","@id":"https:\/\/energie.pt\/es\/#\/schema\/logo\/image\/","url":"https:\/\/energie.pt\/wp-content\/uploads\/2021\/06\/logo_energie.svg","contentUrl":"https:\/\/energie.pt\/wp-content\/uploads\/2021\/06\/logo_energie.svg","width":190,"height":55,"caption":"Energie - Thermodynamic Solar Energy"},"image":{"@id":"https:\/\/energie.pt\/es\/#\/schema\/logo\/image\/"},"sameAs":["https:\/\/www.facebook.com\/EnergiePortugalEst\/","https:\/\/www.instagram.com\/energieportugal\/","https:\/\/www.youtube.com\/channel\/UCnItbF_zm_YZ1tFqzUcVgPQ","https:\/\/www.linkedin.com\/company\/energieportugal\/"]},{"@type":"Person","@id":"https:\/\/energie.pt\/es\/#\/schema\/person\/fbbc926447d5bcdd4272d1b2b459c176","name":"Serafim Paredes","sameAs":["https:\/\/energie.pt\/"],"url":"https:\/\/energie.pt\/es\/author\/serafim\/"}]}},"_links":{"self":[{"href":"https:\/\/energie.pt\/es\/wp-json\/wp\/v2\/posts\/21251"}],"collection":[{"href":"https:\/\/energie.pt\/es\/wp-json\/wp\/v2\/posts"}],"about":[{"href":"https:\/\/energie.pt\/es\/wp-json\/wp\/v2\/types\/post"}],"author":[{"embeddable":true,"href":"https:\/\/energie.pt\/es\/wp-json\/wp\/v2\/users\/2"}],"replies":[{"embeddable":true,"href":"https:\/\/energie.pt\/es\/wp-json\/wp\/v2\/comments?post=21251"}],"version-history":[{"count":1,"href":"https:\/\/energie.pt\/es\/wp-json\/wp\/v2\/posts\/21251\/revisions"}],"predecessor-version":[{"id":30114,"href":"https:\/\/energie.pt\/es\/wp-json\/wp\/v2\/posts\/21251\/revisions\/30114"}],"wp:featuredmedia":[{"embeddable":true,"href":"https:\/\/energie.pt\/es\/wp-json\/wp\/v2\/media\/21281"}],"wp:attachment":[{"href":"https:\/\/energie.pt\/es\/wp-json\/wp\/v2\/media?parent=21251"}],"wp:term":[{"taxonomy":"category","embeddable":true,"href":"https:\/\/energie.pt\/es\/wp-json\/wp\/v2\/categories?post=21251"},{"taxonomy":"post_tag","embeddable":true,"href":"https:\/\/energie.pt\/es\/wp-json\/wp\/v2\/tags?post=21251"}],"curies":[{"name":"wp","href":"https:\/\/api.w.org\/{rel}","templated":true}]}}