{"id":21275,"date":"2023-04-18T10:17:56","date_gmt":"2023-04-18T10:17:56","guid":{"rendered":"https:\/\/energie.pt\/mundo-energie\/noticias\/feria-ish23\/"},"modified":"2025-01-23T08:44:02","modified_gmt":"2025-01-23T08:44:02","slug":"feria-ish23","status":"publish","type":"post","link":"https:\/\/energie.pt\/es\/mundo-energie\/noticias\/feria-ish23\/","title":{"rendered":"FERIA ISH\u201923"},"content":{"rendered":"\n<p>ENERGIE estuvo presente en la ISH entre los d\u00edas 13 y 17 de marzo de 2023, en Frankfurt, Alemania. ISH es la mayor feria internacional de HVAC y agua caliente del mundo, y nuestra presencia fue muy positiva para nuestro crecimiento.<\/p>\n\n<p>La ISH ha sido una excelente oportunidad para consolidar los contactos y las relaciones con los distribuidores europeos existentes y establecer nuevas colaboraciones. Tambi\u00e9n ha sido muy \u00fatil para reforzar nuestra visi\u00f3n del mercado y comprender mejor el rumbo que est\u00e1 tomando, lo que ayuda a afinar y consolidar nuestra estrategia de crecimiento. <\/p>\n\n<p>No s\u00f3lo ha permitido reforzar la imagen de la marca ENERGIE, sino que ha abierto las puertas a nuevas oportunidades de negocio en Alemania y en varios pa\u00edses europeos que buscan soluciones alternativas al gas para la producci\u00f3n de agua caliente y la calefacci\u00f3n central.<\/p>\n","protected":false},"excerpt":{"rendered":"<p>ENERGIE estuvo presente en la ISH entre los d\u00edas 13 y 17 de marzo de 2023, en Frankfurt, Alemania. ISH es la mayor feria internacional de HVAC y agua caliente del mundo, y nuestra presencia fue muy positiva para nuestro crecimiento. La ISH ha sido una excelente oportunidad para consolidar los contactos y las relaciones [&hellip;]<\/p>\n","protected":false},"author":2,"featured_media":21259,"comment_status":"closed","ping_status":"closed","sticky":false,"template":"","format":"standard","meta":{"_acf_changed":false,"footnotes":""},"categories":[265,137],"tags":[],"class_list":["post-21275","post","type-post","status-publish","format-standard","has-post-thumbnail","hentry","category-mundo-energie","category-noticias"],"blocksy_meta":[],"acf":{"data_bimensal_da_noticia":"MARZO | ABRIL \/ 2023"},"cp_meta_data":{"_encloseme":["1"],"_wpml_media_duplicate":["1"],"_wpml_media_featured":["1"],"_data_bimensal_da_noticia":["field_627e65cc70022"],"_top_nav_excluded":[""],"_cms_nav_minihome":[""],"_thumbnail_id":["21259"],"_last_translation_edit_mode":["translation-editor"],"_yoast_wpseo_primary_category":["1"],"stackable_optimized_css":[""],"stackable_optimized_css_raw":["a:0:{}"],"data_bimensal_da_noticia":["MARZO | ABRIL \/ 2023"],"_wpml_media_has_media":["1"]},"yoast_head":"<!-- This site is optimized with the Yoast SEO plugin v22.8 - https:\/\/yoast.com\/wordpress\/plugins\/seo\/ -->\r\n<title>FERIA ISH\u201923 - ENERGIE EST, Lda.<\/title>\r\n<meta name=\"robots\" content=\"index, follow, max-snippet:-1, max-image-preview:large, max-video-preview:-1\" \/>\r\n<link rel=\"canonical\" href=\"https:\/\/energie.pt\/es\/mundo-energie\/noticias\/feria-ish23\/\" \/>\r\n<meta property=\"og:locale\" content=\"es_ES\" \/>\r\n<meta property=\"og:type\" content=\"article\" \/>\r\n<meta property=\"og:title\" content=\"FERIA ISH\u201923 - ENERGIE EST, Lda.\" \/>\r\n<meta property=\"og:description\" content=\"ENERGIE estuvo presente en la ISH entre los d\u00edas 13 y 17 de marzo de 2023, en Frankfurt, Alemania. ISH es la mayor feria internacional de HVAC y agua caliente del mundo, y nuestra presencia fue muy positiva para nuestro crecimiento. La ISH ha sido una excelente oportunidad para consolidar los contactos y las relaciones [&hellip;]\" \/>\r\n<meta property=\"og:url\" content=\"https:\/\/energie.pt\/es\/mundo-energie\/noticias\/feria-ish23\/\" \/>\r\n<meta property=\"og:site_name\" content=\"ENERGIE EST, Lda.\" \/>\r\n<meta property=\"article:publisher\" content=\"https:\/\/www.facebook.com\/EnergiePortugalEst\/\" \/>\r\n<meta property=\"article:published_time\" content=\"2023-04-18T10:17:56+00:00\" \/>\r\n<meta property=\"article:modified_time\" content=\"2025-01-23T08:44:02+00:00\" \/>\r\n<meta property=\"og:image\" content=\"https:\/\/energie.pt\/wp-content\/uploads\/2023\/04\/marco_abril_feira_ish.jpg\" \/>\r\n\t<meta property=\"og:image:width\" content=\"1875\" \/>\r\n\t<meta property=\"og:image:height\" content=\"996\" \/>\r\n\t<meta property=\"og:image:type\" content=\"image\/jpeg\" \/>\r\n<meta name=\"author\" content=\"Serafim Paredes\" \/>\r\n<meta name=\"twitter:card\" content=\"summary_large_image\" \/>\r\n<meta name=\"twitter:label1\" content=\"Escrito por\" \/>\n\t<meta name=\"twitter:data1\" content=\"Serafim Paredes\" \/>\n\t<meta name=\"twitter:label2\" content=\"Tiempo de lectura\" \/>\n\t<meta name=\"twitter:data2\" content=\"1 minuto\" \/>\r\n<script type=\"application\/ld+json\" class=\"yoast-schema-graph\">{\"@context\":\"https:\/\/schema.org\",\"@graph\":[{\"@type\":\"Article\",\"@id\":\"https:\/\/energie.pt\/es\/mundo-energie\/noticias\/feria-ish23\/#article\",\"isPartOf\":{\"@id\":\"https:\/\/energie.pt\/es\/mundo-energie\/noticias\/feria-ish23\/\"},\"author\":{\"name\":\"Serafim Paredes\",\"@id\":\"https:\/\/energie.pt\/es\/#\/schema\/person\/fbbc926447d5bcdd4272d1b2b459c176\"},\"headline\":\"FERIA ISH\u201923\",\"datePublished\":\"2023-04-18T10:17:56+00:00\",\"dateModified\":\"2025-01-23T08:44:02+00:00\",\"mainEntityOfPage\":{\"@id\":\"https:\/\/energie.pt\/es\/mundo-energie\/noticias\/feria-ish23\/\"},\"wordCount\":145,\"publisher\":{\"@id\":\"https:\/\/energie.pt\/es\/#organization\"},\"image\":{\"@id\":\"https:\/\/energie.pt\/es\/mundo-energie\/noticias\/feria-ish23\/#primaryimage\"},\"thumbnailUrl\":\"https:\/\/energie.pt\/wp-content\/uploads\/2023\/04\/marco_abril_feira_ish.jpg\",\"articleSection\":[\"Mundo Energie\",\"Noticias\"],\"inLanguage\":\"es\"},{\"@type\":\"WebPage\",\"@id\":\"https:\/\/energie.pt\/es\/mundo-energie\/noticias\/feria-ish23\/\",\"url\":\"https:\/\/energie.pt\/es\/mundo-energie\/noticias\/feria-ish23\/\",\"name\":\"FERIA ISH\u201923 - ENERGIE EST, Lda.\",\"isPartOf\":{\"@id\":\"https:\/\/energie.pt\/es\/#website\"},\"primaryImageOfPage\":{\"@id\":\"https:\/\/energie.pt\/es\/mundo-energie\/noticias\/feria-ish23\/#primaryimage\"},\"image\":{\"@id\":\"https:\/\/energie.pt\/es\/mundo-energie\/noticias\/feria-ish23\/#primaryimage\"},\"thumbnailUrl\":\"https:\/\/energie.pt\/wp-content\/uploads\/2023\/04\/marco_abril_feira_ish.jpg\",\"datePublished\":\"2023-04-18T10:17:56+00:00\",\"dateModified\":\"2025-01-23T08:44:02+00:00\",\"breadcrumb\":{\"@id\":\"https:\/\/energie.pt\/es\/mundo-energie\/noticias\/feria-ish23\/#breadcrumb\"},\"inLanguage\":\"es\",\"potentialAction\":[{\"@type\":\"ReadAction\",\"target\":[\"https:\/\/energie.pt\/es\/mundo-energie\/noticias\/feria-ish23\/\"]}]},{\"@type\":\"ImageObject\",\"inLanguage\":\"es\",\"@id\":\"https:\/\/energie.pt\/es\/mundo-energie\/noticias\/feria-ish23\/#primaryimage\",\"url\":\"https:\/\/energie.pt\/wp-content\/uploads\/2023\/04\/marco_abril_feira_ish.jpg\",\"contentUrl\":\"https:\/\/energie.pt\/wp-content\/uploads\/2023\/04\/marco_abril_feira_ish.jpg\",\"width\":1875,\"height\":996},{\"@type\":\"BreadcrumbList\",\"@id\":\"https:\/\/energie.pt\/es\/mundo-energie\/noticias\/feria-ish23\/#breadcrumb\",\"itemListElement\":[{\"@type\":\"ListItem\",\"position\":1,\"name\":\"P\u00e1gina principal\",\"item\":\"https:\/\/energie.pt\/es\/\"},{\"@type\":\"ListItem\",\"position\":2,\"name\":\"Mundo Energie\",\"item\":\"https:\/\/energie.pt\/es\/category\/mundo-energie\/\"},{\"@type\":\"ListItem\",\"position\":3,\"name\":\"Noticias\",\"item\":\"https:\/\/energie.pt\/es\/category\/mundo-energie\/noticias\/\"},{\"@type\":\"ListItem\",\"position\":4,\"name\":\"FERIA ISH\u201923\"}]},{\"@type\":\"WebSite\",\"@id\":\"https:\/\/energie.pt\/es\/#website\",\"url\":\"https:\/\/energie.pt\/es\/\",\"name\":\"ENERGIE\",\"description\":\"Soluciones de Energ\u00eda Solar Termodin\u00e1mica, Climatizaci\u00f3n, Bombas de Calor y ACS\",\"publisher\":{\"@id\":\"https:\/\/energie.pt\/es\/#organization\"},\"alternateName\":\"ENERGIE\",\"potentialAction\":[{\"@type\":\"SearchAction\",\"target\":{\"@type\":\"EntryPoint\",\"urlTemplate\":\"https:\/\/energie.pt\/es\/?s={search_term_string}\"},\"query-input\":\"required name=search_term_string\"}],\"inLanguage\":\"es\"},{\"@type\":\"Organization\",\"@id\":\"https:\/\/energie.pt\/es\/#organization\",\"name\":\"Energie - Thermodynamic Solar Energy\",\"alternateName\":\"Energie\",\"url\":\"https:\/\/energie.pt\/es\/\",\"logo\":{\"@type\":\"ImageObject\",\"inLanguage\":\"es\",\"@id\":\"https:\/\/energie.pt\/es\/#\/schema\/logo\/image\/\",\"url\":\"https:\/\/energie.pt\/wp-content\/uploads\/2021\/06\/logo_energie.svg\",\"contentUrl\":\"https:\/\/energie.pt\/wp-content\/uploads\/2021\/06\/logo_energie.svg\",\"width\":190,\"height\":55,\"caption\":\"Energie - Thermodynamic Solar Energy\"},\"image\":{\"@id\":\"https:\/\/energie.pt\/es\/#\/schema\/logo\/image\/\"},\"sameAs\":[\"https:\/\/www.facebook.com\/EnergiePortugalEst\/\",\"https:\/\/www.instagram.com\/energieportugal\/\",\"https:\/\/www.youtube.com\/channel\/UCnItbF_zm_YZ1tFqzUcVgPQ\",\"https:\/\/www.linkedin.com\/company\/energieportugal\/\"]},{\"@type\":\"Person\",\"@id\":\"https:\/\/energie.pt\/es\/#\/schema\/person\/fbbc926447d5bcdd4272d1b2b459c176\",\"name\":\"Serafim Paredes\",\"sameAs\":[\"https:\/\/energie.pt\/\"],\"url\":\"https:\/\/energie.pt\/es\/author\/serafim\/\"}]}<\/script>\r\n<!-- \/ Yoast SEO plugin. -->","yoast_head_json":{"title":"FERIA ISH\u201923 - ENERGIE EST, Lda.","robots":{"index":"index","follow":"follow","max-snippet":"max-snippet:-1","max-image-preview":"max-image-preview:large","max-video-preview":"max-video-preview:-1"},"canonical":"https:\/\/energie.pt\/es\/mundo-energie\/noticias\/feria-ish23\/","og_locale":"es_ES","og_type":"article","og_title":"FERIA ISH\u201923 - ENERGIE EST, Lda.","og_description":"ENERGIE estuvo presente en la ISH entre los d\u00edas 13 y 17 de marzo de 2023, en Frankfurt, Alemania. ISH es la mayor feria internacional de HVAC y agua caliente del mundo, y nuestra presencia fue muy positiva para nuestro crecimiento. La ISH ha sido una excelente oportunidad para consolidar los contactos y las relaciones [&hellip;]","og_url":"https:\/\/energie.pt\/es\/mundo-energie\/noticias\/feria-ish23\/","og_site_name":"ENERGIE EST, Lda.","article_publisher":"https:\/\/www.facebook.com\/EnergiePortugalEst\/","article_published_time":"2023-04-18T10:17:56+00:00","article_modified_time":"2025-01-23T08:44:02+00:00","og_image":[{"width":1875,"height":996,"url":"https:\/\/energie.pt\/wp-content\/uploads\/2023\/04\/marco_abril_feira_ish.jpg","type":"image\/jpeg"}],"author":"Serafim Paredes","twitter_card":"summary_large_image","twitter_misc":{"Escrito por":"Serafim Paredes","Tiempo de lectura":"1 minuto"},"schema":{"@context":"https:\/\/schema.org","@graph":[{"@type":"Article","@id":"https:\/\/energie.pt\/es\/mundo-energie\/noticias\/feria-ish23\/#article","isPartOf":{"@id":"https:\/\/energie.pt\/es\/mundo-energie\/noticias\/feria-ish23\/"},"author":{"name":"Serafim Paredes","@id":"https:\/\/energie.pt\/es\/#\/schema\/person\/fbbc926447d5bcdd4272d1b2b459c176"},"headline":"FERIA ISH\u201923","datePublished":"2023-04-18T10:17:56+00:00","dateModified":"2025-01-23T08:44:02+00:00","mainEntityOfPage":{"@id":"https:\/\/energie.pt\/es\/mundo-energie\/noticias\/feria-ish23\/"},"wordCount":145,"publisher":{"@id":"https:\/\/energie.pt\/es\/#organization"},"image":{"@id":"https:\/\/energie.pt\/es\/mundo-energie\/noticias\/feria-ish23\/#primaryimage"},"thumbnailUrl":"https:\/\/energie.pt\/wp-content\/uploads\/2023\/04\/marco_abril_feira_ish.jpg","articleSection":["Mundo Energie","Noticias"],"inLanguage":"es"},{"@type":"WebPage","@id":"https:\/\/energie.pt\/es\/mundo-energie\/noticias\/feria-ish23\/","url":"https:\/\/energie.pt\/es\/mundo-energie\/noticias\/feria-ish23\/","name":"FERIA ISH\u201923 - ENERGIE EST, Lda.","isPartOf":{"@id":"https:\/\/energie.pt\/es\/#website"},"primaryImageOfPage":{"@id":"https:\/\/energie.pt\/es\/mundo-energie\/noticias\/feria-ish23\/#primaryimage"},"image":{"@id":"https:\/\/energie.pt\/es\/mundo-energie\/noticias\/feria-ish23\/#primaryimage"},"thumbnailUrl":"https:\/\/energie.pt\/wp-content\/uploads\/2023\/04\/marco_abril_feira_ish.jpg","datePublished":"2023-04-18T10:17:56+00:00","dateModified":"2025-01-23T08:44:02+00:00","breadcrumb":{"@id":"https:\/\/energie.pt\/es\/mundo-energie\/noticias\/feria-ish23\/#breadcrumb"},"inLanguage":"es","potentialAction":[{"@type":"ReadAction","target":["https:\/\/energie.pt\/es\/mundo-energie\/noticias\/feria-ish23\/"]}]},{"@type":"ImageObject","inLanguage":"es","@id":"https:\/\/energie.pt\/es\/mundo-energie\/noticias\/feria-ish23\/#primaryimage","url":"https:\/\/energie.pt\/wp-content\/uploads\/2023\/04\/marco_abril_feira_ish.jpg","contentUrl":"https:\/\/energie.pt\/wp-content\/uploads\/2023\/04\/marco_abril_feira_ish.jpg","width":1875,"height":996},{"@type":"BreadcrumbList","@id":"https:\/\/energie.pt\/es\/mundo-energie\/noticias\/feria-ish23\/#breadcrumb","itemListElement":[{"@type":"ListItem","position":1,"name":"P\u00e1gina principal","item":"https:\/\/energie.pt\/es\/"},{"@type":"ListItem","position":2,"name":"Mundo Energie","item":"https:\/\/energie.pt\/es\/category\/mundo-energie\/"},{"@type":"ListItem","position":3,"name":"Noticias","item":"https:\/\/energie.pt\/es\/category\/mundo-energie\/noticias\/"},{"@type":"ListItem","position":4,"name":"FERIA ISH\u201923"}]},{"@type":"WebSite","@id":"https:\/\/energie.pt\/es\/#website","url":"https:\/\/energie.pt\/es\/","name":"ENERGIE","description":"Soluciones de Energ\u00eda Solar Termodin\u00e1mica, Climatizaci\u00f3n, Bombas de Calor y ACS","publisher":{"@id":"https:\/\/energie.pt\/es\/#organization"},"alternateName":"ENERGIE","potentialAction":[{"@type":"SearchAction","target":{"@type":"EntryPoint","urlTemplate":"https:\/\/energie.pt\/es\/?s={search_term_string}"},"query-input":"required name=search_term_string"}],"inLanguage":"es"},{"@type":"Organization","@id":"https:\/\/energie.pt\/es\/#organization","name":"Energie - Thermodynamic Solar Energy","alternateName":"Energie","url":"https:\/\/energie.pt\/es\/","logo":{"@type":"ImageObject","inLanguage":"es","@id":"https:\/\/energie.pt\/es\/#\/schema\/logo\/image\/","url":"https:\/\/energie.pt\/wp-content\/uploads\/2021\/06\/logo_energie.svg","contentUrl":"https:\/\/energie.pt\/wp-content\/uploads\/2021\/06\/logo_energie.svg","width":190,"height":55,"caption":"Energie - Thermodynamic Solar Energy"},"image":{"@id":"https:\/\/energie.pt\/es\/#\/schema\/logo\/image\/"},"sameAs":["https:\/\/www.facebook.com\/EnergiePortugalEst\/","https:\/\/www.instagram.com\/energieportugal\/","https:\/\/www.youtube.com\/channel\/UCnItbF_zm_YZ1tFqzUcVgPQ","https:\/\/www.linkedin.com\/company\/energieportugal\/"]},{"@type":"Person","@id":"https:\/\/energie.pt\/es\/#\/schema\/person\/fbbc926447d5bcdd4272d1b2b459c176","name":"Serafim Paredes","sameAs":["https:\/\/energie.pt\/"],"url":"https:\/\/energie.pt\/es\/author\/serafim\/"}]}},"_links":{"self":[{"href":"https:\/\/energie.pt\/es\/wp-json\/wp\/v2\/posts\/21275"}],"collection":[{"href":"https:\/\/energie.pt\/es\/wp-json\/wp\/v2\/posts"}],"about":[{"href":"https:\/\/energie.pt\/es\/wp-json\/wp\/v2\/types\/post"}],"author":[{"embeddable":true,"href":"https:\/\/energie.pt\/es\/wp-json\/wp\/v2\/users\/2"}],"replies":[{"embeddable":true,"href":"https:\/\/energie.pt\/es\/wp-json\/wp\/v2\/comments?post=21275"}],"version-history":[{"count":1,"href":"https:\/\/energie.pt\/es\/wp-json\/wp\/v2\/posts\/21275\/revisions"}],"predecessor-version":[{"id":30110,"href":"https:\/\/energie.pt\/es\/wp-json\/wp\/v2\/posts\/21275\/revisions\/30110"}],"wp:featuredmedia":[{"embeddable":true,"href":"https:\/\/energie.pt\/es\/wp-json\/wp\/v2\/media\/21259"}],"wp:attachment":[{"href":"https:\/\/energie.pt\/es\/wp-json\/wp\/v2\/media?parent=21275"}],"wp:term":[{"taxonomy":"category","embeddable":true,"href":"https:\/\/energie.pt\/es\/wp-json\/wp\/v2\/categories?post=21275"},{"taxonomy":"post_tag","embeddable":true,"href":"https:\/\/energie.pt\/es\/wp-json\/wp\/v2\/tags?post=21275"}],"curies":[{"name":"wp","href":"https:\/\/api.w.org\/{rel}","templated":true}]}}