{"id":23123,"date":"2023-12-18T15:53:53","date_gmt":"2023-12-18T15:53:53","guid":{"rendered":"https:\/\/energie.pt\/mundo-energie\/noticias\/obra-de-referencia-edificio-multifamiliar-4\/"},"modified":"2025-01-22T11:31:44","modified_gmt":"2025-01-22T11:31:44","slug":"obra-de-referencia-edificio-multifamiliar-4","status":"publish","type":"post","link":"https:\/\/energie.pt\/es\/mundo-energie\/noticias\/obra-de-referencia-edificio-multifamiliar-4\/","title":{"rendered":"OBRA DE REFERENCIA \u2013 EDIFICIO MULTIFAMILIAR"},"content":{"rendered":"\n<p><strong>ENERGIE destaca un nuevo proyecto de referencia en las orillas del r\u00edo C\u00e1vado, en el norte de Portugal.<\/strong><\/p>\n\n<p>El pintoresco paisaje de las riberas del r\u00edo C\u00e1vado, situado en el norte de Portugal, ha sido testigo de otro destacado proyecto firmado por ENERGIE. Este proyecto, compuesto por cuatro lotes, representa una perfecta convergencia de los m\u00e1s altos est\u00e1ndares de confort y tecnolog\u00eda. En este marco se instalaron m\u00e1s de 80 bombas de calor aerot\u00e9rmicas AQUAPURA, una soluci\u00f3n innovadora y eficiente.<\/p>\n\n<p>En este trabajo, los modelos AQUAPURA MONOBLOC y AQUAPURA SPLIT, adaptados a diferentes necesidades, conforman el conjunto de soluciones instaladas. Estas bombas de calor aerot\u00e9rmicas, dise\u00f1adas para calentar agua de uso residencial, son capaces de ofrecer agua caliente de hasta 60 \u00baC. El punto crucial de estos equipos es su notable eficiencia, validada por la clase energ\u00e9tica A++, que los sit\u00faa con uno de los coeficientes de rendimiento (COP) m\u00e1s altos del mercado. Por ejemplo, el modelo de 270 litros tiene un COP de 3,9, lo que refuerza la eficiencia y sostenibilidad de estos sistemas.<\/p>\n\n<p>ENERGIE se compromete continuamente a aportar soluciones adaptadas a cada reto. \u00a1Una soluci\u00f3n para cada desaf\u00edo!<\/p>\n","protected":false},"excerpt":{"rendered":"<p>ENERGIE destaca un nuevo proyecto de referencia en las orillas del r\u00edo C\u00e1vado, en el norte de Portugal. El pintoresco paisaje de las riberas del r\u00edo C\u00e1vado, situado en el norte de Portugal, ha sido testigo de otro destacado proyecto firmado por ENERGIE. Este proyecto, compuesto por cuatro lotes, representa una perfecta convergencia de los [&hellip;]<\/p>\n","protected":false},"author":2,"featured_media":23084,"comment_status":"closed","ping_status":"closed","sticky":false,"template":"","format":"standard","meta":{"_acf_changed":false,"footnotes":""},"categories":[265,137],"tags":[],"class_list":["post-23123","post","type-post","status-publish","format-standard","has-post-thumbnail","hentry","category-mundo-energie","category-noticias"],"blocksy_meta":[],"acf":{"data_bimensal_da_noticia":"SEPTIEMBRE | OCTUBRE \/ 2023"},"cp_meta_data":{"_encloseme":["1"],"_wpml_media_duplicate":["1"],"_wpml_media_featured":["1"],"_data_bimensal_da_noticia":["field_627e65cc70022"],"_top_nav_excluded":[""],"_cms_nav_minihome":[""],"_thumbnail_id":["23084"],"stackable_optimized_css":[""],"stackable_optimized_css_raw":["a:0:{}"],"_last_translation_edit_mode":["translation-editor"],"_yoast_wpseo_primary_category":["1"],"data_bimensal_da_noticia":["SEPTIEMBRE | OCTUBRE \/ 2023"],"_wpml_media_has_media":["1"]},"yoast_head":"<!-- This site is optimized with the Yoast SEO plugin v22.8 - https:\/\/yoast.com\/wordpress\/plugins\/seo\/ -->\r\n<title>OBRA DE REFERENCIA \u2013 EDIFICIO MULTIFAMILIAR - ENERGIE EST, Lda.<\/title>\r\n<meta name=\"robots\" content=\"index, follow, max-snippet:-1, max-image-preview:large, max-video-preview:-1\" \/>\r\n<link rel=\"canonical\" href=\"https:\/\/energie.pt\/es\/mundo-energie\/noticias\/obra-de-referencia-edificio-multifamiliar-4\/\" \/>\r\n<meta property=\"og:locale\" content=\"es_ES\" \/>\r\n<meta property=\"og:type\" content=\"article\" \/>\r\n<meta property=\"og:title\" content=\"OBRA DE REFERENCIA \u2013 EDIFICIO MULTIFAMILIAR - ENERGIE EST, Lda.\" \/>\r\n<meta property=\"og:description\" content=\"ENERGIE destaca un nuevo proyecto de referencia en las orillas del r\u00edo C\u00e1vado, en el norte de Portugal. El pintoresco paisaje de las riberas del r\u00edo C\u00e1vado, situado en el norte de Portugal, ha sido testigo de otro destacado proyecto firmado por ENERGIE. Este proyecto, compuesto por cuatro lotes, representa una perfecta convergencia de los [&hellip;]\" \/>\r\n<meta property=\"og:url\" content=\"https:\/\/energie.pt\/es\/mundo-energie\/noticias\/obra-de-referencia-edificio-multifamiliar-4\/\" \/>\r\n<meta property=\"og:site_name\" content=\"ENERGIE EST, Lda.\" \/>\r\n<meta property=\"article:publisher\" content=\"https:\/\/www.facebook.com\/EnergiePortugalEst\/\" \/>\r\n<meta property=\"article:published_time\" content=\"2023-12-18T15:53:53+00:00\" \/>\r\n<meta property=\"article:modified_time\" content=\"2025-01-22T11:31:44+00:00\" \/>\r\n<meta property=\"og:image\" content=\"https:\/\/energie.pt\/wp-content\/uploads\/2023\/12\/nov_dez_obra_referencia_v1-scaled.jpg\" \/>\r\n\t<meta property=\"og:image:width\" content=\"2560\" \/>\r\n\t<meta property=\"og:image:height\" content=\"1360\" \/>\r\n\t<meta property=\"og:image:type\" content=\"image\/jpeg\" \/>\r\n<meta name=\"author\" content=\"Serafim Paredes\" \/>\r\n<meta name=\"twitter:card\" content=\"summary_large_image\" \/>\r\n<meta name=\"twitter:label1\" content=\"Escrito por\" \/>\n\t<meta name=\"twitter:data1\" content=\"Serafim Paredes\" \/>\n\t<meta name=\"twitter:label2\" content=\"Tiempo de lectura\" \/>\n\t<meta name=\"twitter:data2\" content=\"1 minuto\" \/>\r\n<script type=\"application\/ld+json\" class=\"yoast-schema-graph\">{\"@context\":\"https:\/\/schema.org\",\"@graph\":[{\"@type\":\"Article\",\"@id\":\"https:\/\/energie.pt\/es\/mundo-energie\/noticias\/obra-de-referencia-edificio-multifamiliar-4\/#article\",\"isPartOf\":{\"@id\":\"https:\/\/energie.pt\/es\/mundo-energie\/noticias\/obra-de-referencia-edificio-multifamiliar-4\/\"},\"author\":{\"name\":\"Serafim Paredes\",\"@id\":\"https:\/\/energie.pt\/es\/#\/schema\/person\/fbbc926447d5bcdd4272d1b2b459c176\"},\"headline\":\"OBRA DE REFERENCIA \u2013 EDIFICIO MULTIFAMILIAR\",\"datePublished\":\"2023-12-18T15:53:53+00:00\",\"dateModified\":\"2025-01-22T11:31:44+00:00\",\"mainEntityOfPage\":{\"@id\":\"https:\/\/energie.pt\/es\/mundo-energie\/noticias\/obra-de-referencia-edificio-multifamiliar-4\/\"},\"wordCount\":209,\"publisher\":{\"@id\":\"https:\/\/energie.pt\/es\/#organization\"},\"image\":{\"@id\":\"https:\/\/energie.pt\/es\/mundo-energie\/noticias\/obra-de-referencia-edificio-multifamiliar-4\/#primaryimage\"},\"thumbnailUrl\":\"https:\/\/energie.pt\/wp-content\/uploads\/2023\/12\/nov_dez_obra_referencia_v1-scaled.jpg\",\"articleSection\":[\"Mundo Energie\",\"Noticias\"],\"inLanguage\":\"es\"},{\"@type\":\"WebPage\",\"@id\":\"https:\/\/energie.pt\/es\/mundo-energie\/noticias\/obra-de-referencia-edificio-multifamiliar-4\/\",\"url\":\"https:\/\/energie.pt\/es\/mundo-energie\/noticias\/obra-de-referencia-edificio-multifamiliar-4\/\",\"name\":\"OBRA DE REFERENCIA \u2013 EDIFICIO MULTIFAMILIAR - ENERGIE EST, Lda.\",\"isPartOf\":{\"@id\":\"https:\/\/energie.pt\/es\/#website\"},\"primaryImageOfPage\":{\"@id\":\"https:\/\/energie.pt\/es\/mundo-energie\/noticias\/obra-de-referencia-edificio-multifamiliar-4\/#primaryimage\"},\"image\":{\"@id\":\"https:\/\/energie.pt\/es\/mundo-energie\/noticias\/obra-de-referencia-edificio-multifamiliar-4\/#primaryimage\"},\"thumbnailUrl\":\"https:\/\/energie.pt\/wp-content\/uploads\/2023\/12\/nov_dez_obra_referencia_v1-scaled.jpg\",\"datePublished\":\"2023-12-18T15:53:53+00:00\",\"dateModified\":\"2025-01-22T11:31:44+00:00\",\"breadcrumb\":{\"@id\":\"https:\/\/energie.pt\/es\/mundo-energie\/noticias\/obra-de-referencia-edificio-multifamiliar-4\/#breadcrumb\"},\"inLanguage\":\"es\",\"potentialAction\":[{\"@type\":\"ReadAction\",\"target\":[\"https:\/\/energie.pt\/es\/mundo-energie\/noticias\/obra-de-referencia-edificio-multifamiliar-4\/\"]}]},{\"@type\":\"ImageObject\",\"inLanguage\":\"es\",\"@id\":\"https:\/\/energie.pt\/es\/mundo-energie\/noticias\/obra-de-referencia-edificio-multifamiliar-4\/#primaryimage\",\"url\":\"https:\/\/energie.pt\/wp-content\/uploads\/2023\/12\/nov_dez_obra_referencia_v1-scaled.jpg\",\"contentUrl\":\"https:\/\/energie.pt\/wp-content\/uploads\/2023\/12\/nov_dez_obra_referencia_v1-scaled.jpg\",\"width\":2560,\"height\":1360,\"caption\":\"OBRA REFER\u00caNCIA \u2013 EDIF\u00cdCIO MULTIFAMILIAR\"},{\"@type\":\"BreadcrumbList\",\"@id\":\"https:\/\/energie.pt\/es\/mundo-energie\/noticias\/obra-de-referencia-edificio-multifamiliar-4\/#breadcrumb\",\"itemListElement\":[{\"@type\":\"ListItem\",\"position\":1,\"name\":\"P\u00e1gina principal\",\"item\":\"https:\/\/energie.pt\/es\/\"},{\"@type\":\"ListItem\",\"position\":2,\"name\":\"Mundo Energie\",\"item\":\"https:\/\/energie.pt\/es\/category\/mundo-energie\/\"},{\"@type\":\"ListItem\",\"position\":3,\"name\":\"Noticias\",\"item\":\"https:\/\/energie.pt\/es\/category\/mundo-energie\/noticias\/\"},{\"@type\":\"ListItem\",\"position\":4,\"name\":\"OBRA DE REFERENCIA \u2013 EDIFICIO MULTIFAMILIAR\"}]},{\"@type\":\"WebSite\",\"@id\":\"https:\/\/energie.pt\/es\/#website\",\"url\":\"https:\/\/energie.pt\/es\/\",\"name\":\"ENERGIE\",\"description\":\"Soluciones de Energ\u00eda Solar Termodin\u00e1mica, Climatizaci\u00f3n, Bombas de Calor y ACS\",\"publisher\":{\"@id\":\"https:\/\/energie.pt\/es\/#organization\"},\"alternateName\":\"ENERGIE\",\"potentialAction\":[{\"@type\":\"SearchAction\",\"target\":{\"@type\":\"EntryPoint\",\"urlTemplate\":\"https:\/\/energie.pt\/es\/?s={search_term_string}\"},\"query-input\":\"required name=search_term_string\"}],\"inLanguage\":\"es\"},{\"@type\":\"Organization\",\"@id\":\"https:\/\/energie.pt\/es\/#organization\",\"name\":\"Energie - Thermodynamic Solar Energy\",\"alternateName\":\"Energie\",\"url\":\"https:\/\/energie.pt\/es\/\",\"logo\":{\"@type\":\"ImageObject\",\"inLanguage\":\"es\",\"@id\":\"https:\/\/energie.pt\/es\/#\/schema\/logo\/image\/\",\"url\":\"https:\/\/energie.pt\/wp-content\/uploads\/2021\/06\/logo_energie.svg\",\"contentUrl\":\"https:\/\/energie.pt\/wp-content\/uploads\/2021\/06\/logo_energie.svg\",\"width\":190,\"height\":55,\"caption\":\"Energie - Thermodynamic Solar Energy\"},\"image\":{\"@id\":\"https:\/\/energie.pt\/es\/#\/schema\/logo\/image\/\"},\"sameAs\":[\"https:\/\/www.facebook.com\/EnergiePortugalEst\/\",\"https:\/\/www.instagram.com\/energieportugal\/\",\"https:\/\/www.youtube.com\/channel\/UCnItbF_zm_YZ1tFqzUcVgPQ\",\"https:\/\/www.linkedin.com\/company\/energieportugal\/\"]},{\"@type\":\"Person\",\"@id\":\"https:\/\/energie.pt\/es\/#\/schema\/person\/fbbc926447d5bcdd4272d1b2b459c176\",\"name\":\"Serafim Paredes\",\"sameAs\":[\"https:\/\/energie.pt\/\"],\"url\":\"https:\/\/energie.pt\/es\/author\/serafim\/\"}]}<\/script>\r\n<!-- \/ Yoast SEO plugin. -->","yoast_head_json":{"title":"OBRA DE REFERENCIA \u2013 EDIFICIO MULTIFAMILIAR - ENERGIE EST, Lda.","robots":{"index":"index","follow":"follow","max-snippet":"max-snippet:-1","max-image-preview":"max-image-preview:large","max-video-preview":"max-video-preview:-1"},"canonical":"https:\/\/energie.pt\/es\/mundo-energie\/noticias\/obra-de-referencia-edificio-multifamiliar-4\/","og_locale":"es_ES","og_type":"article","og_title":"OBRA DE REFERENCIA \u2013 EDIFICIO MULTIFAMILIAR - ENERGIE EST, Lda.","og_description":"ENERGIE destaca un nuevo proyecto de referencia en las orillas del r\u00edo C\u00e1vado, en el norte de Portugal. El pintoresco paisaje de las riberas del r\u00edo C\u00e1vado, situado en el norte de Portugal, ha sido testigo de otro destacado proyecto firmado por ENERGIE. Este proyecto, compuesto por cuatro lotes, representa una perfecta convergencia de los [&hellip;]","og_url":"https:\/\/energie.pt\/es\/mundo-energie\/noticias\/obra-de-referencia-edificio-multifamiliar-4\/","og_site_name":"ENERGIE EST, Lda.","article_publisher":"https:\/\/www.facebook.com\/EnergiePortugalEst\/","article_published_time":"2023-12-18T15:53:53+00:00","article_modified_time":"2025-01-22T11:31:44+00:00","og_image":[{"width":2560,"height":1360,"url":"https:\/\/energie.pt\/wp-content\/uploads\/2023\/12\/nov_dez_obra_referencia_v1-scaled.jpg","type":"image\/jpeg"}],"author":"Serafim Paredes","twitter_card":"summary_large_image","twitter_misc":{"Escrito por":"Serafim Paredes","Tiempo de lectura":"1 minuto"},"schema":{"@context":"https:\/\/schema.org","@graph":[{"@type":"Article","@id":"https:\/\/energie.pt\/es\/mundo-energie\/noticias\/obra-de-referencia-edificio-multifamiliar-4\/#article","isPartOf":{"@id":"https:\/\/energie.pt\/es\/mundo-energie\/noticias\/obra-de-referencia-edificio-multifamiliar-4\/"},"author":{"name":"Serafim Paredes","@id":"https:\/\/energie.pt\/es\/#\/schema\/person\/fbbc926447d5bcdd4272d1b2b459c176"},"headline":"OBRA DE REFERENCIA \u2013 EDIFICIO MULTIFAMILIAR","datePublished":"2023-12-18T15:53:53+00:00","dateModified":"2025-01-22T11:31:44+00:00","mainEntityOfPage":{"@id":"https:\/\/energie.pt\/es\/mundo-energie\/noticias\/obra-de-referencia-edificio-multifamiliar-4\/"},"wordCount":209,"publisher":{"@id":"https:\/\/energie.pt\/es\/#organization"},"image":{"@id":"https:\/\/energie.pt\/es\/mundo-energie\/noticias\/obra-de-referencia-edificio-multifamiliar-4\/#primaryimage"},"thumbnailUrl":"https:\/\/energie.pt\/wp-content\/uploads\/2023\/12\/nov_dez_obra_referencia_v1-scaled.jpg","articleSection":["Mundo Energie","Noticias"],"inLanguage":"es"},{"@type":"WebPage","@id":"https:\/\/energie.pt\/es\/mundo-energie\/noticias\/obra-de-referencia-edificio-multifamiliar-4\/","url":"https:\/\/energie.pt\/es\/mundo-energie\/noticias\/obra-de-referencia-edificio-multifamiliar-4\/","name":"OBRA DE REFERENCIA \u2013 EDIFICIO MULTIFAMILIAR - ENERGIE EST, Lda.","isPartOf":{"@id":"https:\/\/energie.pt\/es\/#website"},"primaryImageOfPage":{"@id":"https:\/\/energie.pt\/es\/mundo-energie\/noticias\/obra-de-referencia-edificio-multifamiliar-4\/#primaryimage"},"image":{"@id":"https:\/\/energie.pt\/es\/mundo-energie\/noticias\/obra-de-referencia-edificio-multifamiliar-4\/#primaryimage"},"thumbnailUrl":"https:\/\/energie.pt\/wp-content\/uploads\/2023\/12\/nov_dez_obra_referencia_v1-scaled.jpg","datePublished":"2023-12-18T15:53:53+00:00","dateModified":"2025-01-22T11:31:44+00:00","breadcrumb":{"@id":"https:\/\/energie.pt\/es\/mundo-energie\/noticias\/obra-de-referencia-edificio-multifamiliar-4\/#breadcrumb"},"inLanguage":"es","potentialAction":[{"@type":"ReadAction","target":["https:\/\/energie.pt\/es\/mundo-energie\/noticias\/obra-de-referencia-edificio-multifamiliar-4\/"]}]},{"@type":"ImageObject","inLanguage":"es","@id":"https:\/\/energie.pt\/es\/mundo-energie\/noticias\/obra-de-referencia-edificio-multifamiliar-4\/#primaryimage","url":"https:\/\/energie.pt\/wp-content\/uploads\/2023\/12\/nov_dez_obra_referencia_v1-scaled.jpg","contentUrl":"https:\/\/energie.pt\/wp-content\/uploads\/2023\/12\/nov_dez_obra_referencia_v1-scaled.jpg","width":2560,"height":1360,"caption":"OBRA REFER\u00caNCIA \u2013 EDIF\u00cdCIO MULTIFAMILIAR"},{"@type":"BreadcrumbList","@id":"https:\/\/energie.pt\/es\/mundo-energie\/noticias\/obra-de-referencia-edificio-multifamiliar-4\/#breadcrumb","itemListElement":[{"@type":"ListItem","position":1,"name":"P\u00e1gina principal","item":"https:\/\/energie.pt\/es\/"},{"@type":"ListItem","position":2,"name":"Mundo Energie","item":"https:\/\/energie.pt\/es\/category\/mundo-energie\/"},{"@type":"ListItem","position":3,"name":"Noticias","item":"https:\/\/energie.pt\/es\/category\/mundo-energie\/noticias\/"},{"@type":"ListItem","position":4,"name":"OBRA DE REFERENCIA \u2013 EDIFICIO MULTIFAMILIAR"}]},{"@type":"WebSite","@id":"https:\/\/energie.pt\/es\/#website","url":"https:\/\/energie.pt\/es\/","name":"ENERGIE","description":"Soluciones de Energ\u00eda Solar Termodin\u00e1mica, Climatizaci\u00f3n, Bombas de Calor y ACS","publisher":{"@id":"https:\/\/energie.pt\/es\/#organization"},"alternateName":"ENERGIE","potentialAction":[{"@type":"SearchAction","target":{"@type":"EntryPoint","urlTemplate":"https:\/\/energie.pt\/es\/?s={search_term_string}"},"query-input":"required name=search_term_string"}],"inLanguage":"es"},{"@type":"Organization","@id":"https:\/\/energie.pt\/es\/#organization","name":"Energie - Thermodynamic Solar Energy","alternateName":"Energie","url":"https:\/\/energie.pt\/es\/","logo":{"@type":"ImageObject","inLanguage":"es","@id":"https:\/\/energie.pt\/es\/#\/schema\/logo\/image\/","url":"https:\/\/energie.pt\/wp-content\/uploads\/2021\/06\/logo_energie.svg","contentUrl":"https:\/\/energie.pt\/wp-content\/uploads\/2021\/06\/logo_energie.svg","width":190,"height":55,"caption":"Energie - Thermodynamic Solar Energy"},"image":{"@id":"https:\/\/energie.pt\/es\/#\/schema\/logo\/image\/"},"sameAs":["https:\/\/www.facebook.com\/EnergiePortugalEst\/","https:\/\/www.instagram.com\/energieportugal\/","https:\/\/www.youtube.com\/channel\/UCnItbF_zm_YZ1tFqzUcVgPQ","https:\/\/www.linkedin.com\/company\/energieportugal\/"]},{"@type":"Person","@id":"https:\/\/energie.pt\/es\/#\/schema\/person\/fbbc926447d5bcdd4272d1b2b459c176","name":"Serafim Paredes","sameAs":["https:\/\/energie.pt\/"],"url":"https:\/\/energie.pt\/es\/author\/serafim\/"}]}},"_links":{"self":[{"href":"https:\/\/energie.pt\/es\/wp-json\/wp\/v2\/posts\/23123"}],"collection":[{"href":"https:\/\/energie.pt\/es\/wp-json\/wp\/v2\/posts"}],"about":[{"href":"https:\/\/energie.pt\/es\/wp-json\/wp\/v2\/types\/post"}],"author":[{"embeddable":true,"href":"https:\/\/energie.pt\/es\/wp-json\/wp\/v2\/users\/2"}],"replies":[{"embeddable":true,"href":"https:\/\/energie.pt\/es\/wp-json\/wp\/v2\/comments?post=23123"}],"version-history":[{"count":1,"href":"https:\/\/energie.pt\/es\/wp-json\/wp\/v2\/posts\/23123\/revisions"}],"predecessor-version":[{"id":29961,"href":"https:\/\/energie.pt\/es\/wp-json\/wp\/v2\/posts\/23123\/revisions\/29961"}],"wp:featuredmedia":[{"embeddable":true,"href":"https:\/\/energie.pt\/es\/wp-json\/wp\/v2\/media\/23084"}],"wp:attachment":[{"href":"https:\/\/energie.pt\/es\/wp-json\/wp\/v2\/media?parent=23123"}],"wp:term":[{"taxonomy":"category","embeddable":true,"href":"https:\/\/energie.pt\/es\/wp-json\/wp\/v2\/categories?post=23123"},{"taxonomy":"post_tag","embeddable":true,"href":"https:\/\/energie.pt\/es\/wp-json\/wp\/v2\/tags?post=23123"}],"curies":[{"name":"wp","href":"https:\/\/api.w.org\/{rel}","templated":true}]}}