{"id":25132,"date":"2024-02-22T11:00:05","date_gmt":"2024-02-22T11:00:05","guid":{"rendered":"https:\/\/energie.pt\/mundo-energie\/noticias\/obra-de-referencia-edificio-multifamiliar-5\/"},"modified":"2025-01-22T11:28:33","modified_gmt":"2025-01-22T11:28:33","slug":"obra-de-referencia-edificio-multifamiliar-5","status":"publish","type":"post","link":"https:\/\/energie.pt\/es\/mundo-energie\/noticias\/obra-de-referencia-edificio-multifamiliar-5\/","title":{"rendered":"OBRA DE REFERENCIA \u2013 EDIFICIO MULTIFAMILIAR"},"content":{"rendered":"\n<p>ENERGIE instala 18 bombas de calor AQUAPURA MONOBLOC, discretamente integradas en los balcones de cada apartamento. Se cumple as\u00ed con la filosof\u00eda de modernidad y sostenibilidad de la empresa. Con una capacidad de 270 litros, ofrece una soluci\u00f3n eficaz y respetuosa con el medio ambiente.<\/p>\n\n<p>El dise\u00f1o moderno y ergon\u00f3mico de las bombas de calor AQUAPURA MONOBLOC no solo se adapta perfectamente al entorno residencial, sino que tambi\u00e9n permite una f\u00e1cil instalaci\u00f3n, sin complicaciones. Adem\u00e1s, son una soluci\u00f3n silenciosa que proporciona un ambiente tranquilo para los residentes mientras disfrutan de los beneficios de la tecnolog\u00eda m\u00e1s avanzada.<\/p>\n\n<p>Esta iniciativa no solo promueve el confort y la comodidad, sino que tambi\u00e9n representa un paso significativo hacia la sostenibilidad ambiental.<\/p>\n\n<p>Foto cortes\u00eda del socio de ENERGIE.<\/p>\n","protected":false},"excerpt":{"rendered":"<p>ENERGIE instala 18 bombas de calor AQUAPURA MONOBLOC, discretamente integradas en los balcones de cada apartamento. Se cumple as\u00ed con la filosof\u00eda de modernidad y sostenibilidad de la empresa. Con una capacidad de 270 litros, ofrece una soluci\u00f3n eficaz y respetuosa con el medio ambiente. El dise\u00f1o moderno y ergon\u00f3mico de las bombas de calor [&hellip;]<\/p>\n","protected":false},"author":2,"featured_media":25103,"comment_status":"closed","ping_status":"closed","sticky":false,"template":"","format":"standard","meta":{"_acf_changed":false,"footnotes":""},"categories":[265,137],"tags":[],"class_list":["post-25132","post","type-post","status-publish","format-standard","has-post-thumbnail","hentry","category-mundo-energie","category-noticias"],"blocksy_meta":[],"acf":{"data_bimensal_da_noticia":"ENERO | FEBRERO \/ 2024"},"cp_meta_data":{"_encloseme":["1"],"_wpml_media_duplicate":["1"],"_wpml_media_featured":["1"],"_data_bimensal_da_noticia":["field_627e65cc70022"],"_top_nav_excluded":[""],"_cms_nav_minihome":[""],"_thumbnail_id":["25103"],"stackable_optimized_css":[""],"stackable_optimized_css_raw":["a:0:{}"],"_last_translation_edit_mode":["translation-editor"],"_wpml_media_has_media":["1"],"_yoast_wpseo_primary_category":["1"],"data_bimensal_da_noticia":["ENERO | FEBRERO \/ 2024"]},"yoast_head":"<!-- This site is optimized with the Yoast SEO plugin v22.8 - https:\/\/yoast.com\/wordpress\/plugins\/seo\/ -->\r\n<title>OBRA DE REFERENCIA \u2013 EDIFICIO MULTIFAMILIAR - ENERGIE EST, Lda.<\/title>\r\n<meta name=\"robots\" content=\"index, follow, max-snippet:-1, max-image-preview:large, max-video-preview:-1\" \/>\r\n<link rel=\"canonical\" href=\"https:\/\/energie.pt\/es\/mundo-energie\/noticias\/obra-de-referencia-edificio-multifamiliar-5\/\" \/>\r\n<meta property=\"og:locale\" content=\"es_ES\" \/>\r\n<meta property=\"og:type\" content=\"article\" \/>\r\n<meta property=\"og:title\" content=\"OBRA DE REFERENCIA \u2013 EDIFICIO MULTIFAMILIAR - ENERGIE EST, Lda.\" \/>\r\n<meta property=\"og:description\" content=\"ENERGIE instala 18 bombas de calor AQUAPURA MONOBLOC, discretamente integradas en los balcones de cada apartamento. Se cumple as\u00ed con la filosof\u00eda de modernidad y sostenibilidad de la empresa. Con una capacidad de 270 litros, ofrece una soluci\u00f3n eficaz y respetuosa con el medio ambiente. El dise\u00f1o moderno y ergon\u00f3mico de las bombas de calor [&hellip;]\" \/>\r\n<meta property=\"og:url\" content=\"https:\/\/energie.pt\/es\/mundo-energie\/noticias\/obra-de-referencia-edificio-multifamiliar-5\/\" \/>\r\n<meta property=\"og:site_name\" content=\"ENERGIE EST, Lda.\" \/>\r\n<meta property=\"article:publisher\" content=\"https:\/\/www.facebook.com\/EnergiePortugalEst\/\" \/>\r\n<meta property=\"article:published_time\" content=\"2024-02-22T11:00:05+00:00\" \/>\r\n<meta property=\"article:modified_time\" content=\"2025-01-22T11:28:33+00:00\" \/>\r\n<meta property=\"og:image\" content=\"https:\/\/energie.pt\/wp-content\/uploads\/2024\/02\/noticia_site_1.jpg\" \/>\r\n\t<meta property=\"og:image:width\" content=\"900\" \/>\r\n\t<meta property=\"og:image:height\" content=\"478\" \/>\r\n\t<meta property=\"og:image:type\" content=\"image\/jpeg\" \/>\r\n<meta name=\"author\" content=\"Serafim Paredes\" \/>\r\n<meta name=\"twitter:card\" content=\"summary_large_image\" \/>\r\n<meta name=\"twitter:label1\" content=\"Escrito por\" \/>\n\t<meta name=\"twitter:data1\" content=\"Serafim Paredes\" \/>\n\t<meta name=\"twitter:label2\" content=\"Tiempo de lectura\" \/>\n\t<meta name=\"twitter:data2\" content=\"1 minuto\" \/>\r\n<script type=\"application\/ld+json\" class=\"yoast-schema-graph\">{\"@context\":\"https:\/\/schema.org\",\"@graph\":[{\"@type\":\"Article\",\"@id\":\"https:\/\/energie.pt\/es\/mundo-energie\/noticias\/obra-de-referencia-edificio-multifamiliar-5\/#article\",\"isPartOf\":{\"@id\":\"https:\/\/energie.pt\/es\/mundo-energie\/noticias\/obra-de-referencia-edificio-multifamiliar-5\/\"},\"author\":{\"name\":\"Serafim Paredes\",\"@id\":\"https:\/\/energie.pt\/es\/#\/schema\/person\/fbbc926447d5bcdd4272d1b2b459c176\"},\"headline\":\"OBRA DE REFERENCIA \u2013 EDIFICIO MULTIFAMILIAR\",\"datePublished\":\"2024-02-22T11:00:05+00:00\",\"dateModified\":\"2025-01-22T11:28:33+00:00\",\"mainEntityOfPage\":{\"@id\":\"https:\/\/energie.pt\/es\/mundo-energie\/noticias\/obra-de-referencia-edificio-multifamiliar-5\/\"},\"wordCount\":140,\"publisher\":{\"@id\":\"https:\/\/energie.pt\/es\/#organization\"},\"image\":{\"@id\":\"https:\/\/energie.pt\/es\/mundo-energie\/noticias\/obra-de-referencia-edificio-multifamiliar-5\/#primaryimage\"},\"thumbnailUrl\":\"https:\/\/energie.pt\/wp-content\/uploads\/2024\/02\/noticia_site_1.jpg\",\"articleSection\":[\"Mundo Energie\",\"Noticias\"],\"inLanguage\":\"es\"},{\"@type\":\"WebPage\",\"@id\":\"https:\/\/energie.pt\/es\/mundo-energie\/noticias\/obra-de-referencia-edificio-multifamiliar-5\/\",\"url\":\"https:\/\/energie.pt\/es\/mundo-energie\/noticias\/obra-de-referencia-edificio-multifamiliar-5\/\",\"name\":\"OBRA DE REFERENCIA \u2013 EDIFICIO MULTIFAMILIAR - ENERGIE EST, Lda.\",\"isPartOf\":{\"@id\":\"https:\/\/energie.pt\/es\/#website\"},\"primaryImageOfPage\":{\"@id\":\"https:\/\/energie.pt\/es\/mundo-energie\/noticias\/obra-de-referencia-edificio-multifamiliar-5\/#primaryimage\"},\"image\":{\"@id\":\"https:\/\/energie.pt\/es\/mundo-energie\/noticias\/obra-de-referencia-edificio-multifamiliar-5\/#primaryimage\"},\"thumbnailUrl\":\"https:\/\/energie.pt\/wp-content\/uploads\/2024\/02\/noticia_site_1.jpg\",\"datePublished\":\"2024-02-22T11:00:05+00:00\",\"dateModified\":\"2025-01-22T11:28:33+00:00\",\"breadcrumb\":{\"@id\":\"https:\/\/energie.pt\/es\/mundo-energie\/noticias\/obra-de-referencia-edificio-multifamiliar-5\/#breadcrumb\"},\"inLanguage\":\"es\",\"potentialAction\":[{\"@type\":\"ReadAction\",\"target\":[\"https:\/\/energie.pt\/es\/mundo-energie\/noticias\/obra-de-referencia-edificio-multifamiliar-5\/\"]}]},{\"@type\":\"ImageObject\",\"inLanguage\":\"es\",\"@id\":\"https:\/\/energie.pt\/es\/mundo-energie\/noticias\/obra-de-referencia-edificio-multifamiliar-5\/#primaryimage\",\"url\":\"https:\/\/energie.pt\/wp-content\/uploads\/2024\/02\/noticia_site_1.jpg\",\"contentUrl\":\"https:\/\/energie.pt\/wp-content\/uploads\/2024\/02\/noticia_site_1.jpg\",\"width\":900,\"height\":478},{\"@type\":\"BreadcrumbList\",\"@id\":\"https:\/\/energie.pt\/es\/mundo-energie\/noticias\/obra-de-referencia-edificio-multifamiliar-5\/#breadcrumb\",\"itemListElement\":[{\"@type\":\"ListItem\",\"position\":1,\"name\":\"P\u00e1gina principal\",\"item\":\"https:\/\/energie.pt\/es\/\"},{\"@type\":\"ListItem\",\"position\":2,\"name\":\"Mundo Energie\",\"item\":\"https:\/\/energie.pt\/es\/category\/mundo-energie\/\"},{\"@type\":\"ListItem\",\"position\":3,\"name\":\"Noticias\",\"item\":\"https:\/\/energie.pt\/es\/category\/mundo-energie\/noticias\/\"},{\"@type\":\"ListItem\",\"position\":4,\"name\":\"OBRA DE REFERENCIA \u2013 EDIFICIO MULTIFAMILIAR\"}]},{\"@type\":\"WebSite\",\"@id\":\"https:\/\/energie.pt\/es\/#website\",\"url\":\"https:\/\/energie.pt\/es\/\",\"name\":\"ENERGIE\",\"description\":\"Soluciones de Energ\u00eda Solar Termodin\u00e1mica, Climatizaci\u00f3n, Bombas de Calor y ACS\",\"publisher\":{\"@id\":\"https:\/\/energie.pt\/es\/#organization\"},\"alternateName\":\"ENERGIE\",\"potentialAction\":[{\"@type\":\"SearchAction\",\"target\":{\"@type\":\"EntryPoint\",\"urlTemplate\":\"https:\/\/energie.pt\/es\/?s={search_term_string}\"},\"query-input\":\"required name=search_term_string\"}],\"inLanguage\":\"es\"},{\"@type\":\"Organization\",\"@id\":\"https:\/\/energie.pt\/es\/#organization\",\"name\":\"Energie - Thermodynamic Solar Energy\",\"alternateName\":\"Energie\",\"url\":\"https:\/\/energie.pt\/es\/\",\"logo\":{\"@type\":\"ImageObject\",\"inLanguage\":\"es\",\"@id\":\"https:\/\/energie.pt\/es\/#\/schema\/logo\/image\/\",\"url\":\"https:\/\/energie.pt\/wp-content\/uploads\/2021\/06\/logo_energie.svg\",\"contentUrl\":\"https:\/\/energie.pt\/wp-content\/uploads\/2021\/06\/logo_energie.svg\",\"width\":190,\"height\":55,\"caption\":\"Energie - Thermodynamic Solar Energy\"},\"image\":{\"@id\":\"https:\/\/energie.pt\/es\/#\/schema\/logo\/image\/\"},\"sameAs\":[\"https:\/\/www.facebook.com\/EnergiePortugalEst\/\",\"https:\/\/www.instagram.com\/energieportugal\/\",\"https:\/\/www.youtube.com\/channel\/UCnItbF_zm_YZ1tFqzUcVgPQ\",\"https:\/\/www.linkedin.com\/company\/energieportugal\/\"]},{\"@type\":\"Person\",\"@id\":\"https:\/\/energie.pt\/es\/#\/schema\/person\/fbbc926447d5bcdd4272d1b2b459c176\",\"name\":\"Serafim Paredes\",\"sameAs\":[\"https:\/\/energie.pt\/\"],\"url\":\"https:\/\/energie.pt\/es\/author\/serafim\/\"}]}<\/script>\r\n<!-- \/ Yoast SEO plugin. -->","yoast_head_json":{"title":"OBRA DE REFERENCIA \u2013 EDIFICIO MULTIFAMILIAR - ENERGIE EST, Lda.","robots":{"index":"index","follow":"follow","max-snippet":"max-snippet:-1","max-image-preview":"max-image-preview:large","max-video-preview":"max-video-preview:-1"},"canonical":"https:\/\/energie.pt\/es\/mundo-energie\/noticias\/obra-de-referencia-edificio-multifamiliar-5\/","og_locale":"es_ES","og_type":"article","og_title":"OBRA DE REFERENCIA \u2013 EDIFICIO MULTIFAMILIAR - ENERGIE EST, Lda.","og_description":"ENERGIE instala 18 bombas de calor AQUAPURA MONOBLOC, discretamente integradas en los balcones de cada apartamento. Se cumple as\u00ed con la filosof\u00eda de modernidad y sostenibilidad de la empresa. Con una capacidad de 270 litros, ofrece una soluci\u00f3n eficaz y respetuosa con el medio ambiente. El dise\u00f1o moderno y ergon\u00f3mico de las bombas de calor [&hellip;]","og_url":"https:\/\/energie.pt\/es\/mundo-energie\/noticias\/obra-de-referencia-edificio-multifamiliar-5\/","og_site_name":"ENERGIE EST, Lda.","article_publisher":"https:\/\/www.facebook.com\/EnergiePortugalEst\/","article_published_time":"2024-02-22T11:00:05+00:00","article_modified_time":"2025-01-22T11:28:33+00:00","og_image":[{"width":900,"height":478,"url":"https:\/\/energie.pt\/wp-content\/uploads\/2024\/02\/noticia_site_1.jpg","type":"image\/jpeg"}],"author":"Serafim Paredes","twitter_card":"summary_large_image","twitter_misc":{"Escrito por":"Serafim Paredes","Tiempo de lectura":"1 minuto"},"schema":{"@context":"https:\/\/schema.org","@graph":[{"@type":"Article","@id":"https:\/\/energie.pt\/es\/mundo-energie\/noticias\/obra-de-referencia-edificio-multifamiliar-5\/#article","isPartOf":{"@id":"https:\/\/energie.pt\/es\/mundo-energie\/noticias\/obra-de-referencia-edificio-multifamiliar-5\/"},"author":{"name":"Serafim Paredes","@id":"https:\/\/energie.pt\/es\/#\/schema\/person\/fbbc926447d5bcdd4272d1b2b459c176"},"headline":"OBRA DE REFERENCIA \u2013 EDIFICIO MULTIFAMILIAR","datePublished":"2024-02-22T11:00:05+00:00","dateModified":"2025-01-22T11:28:33+00:00","mainEntityOfPage":{"@id":"https:\/\/energie.pt\/es\/mundo-energie\/noticias\/obra-de-referencia-edificio-multifamiliar-5\/"},"wordCount":140,"publisher":{"@id":"https:\/\/energie.pt\/es\/#organization"},"image":{"@id":"https:\/\/energie.pt\/es\/mundo-energie\/noticias\/obra-de-referencia-edificio-multifamiliar-5\/#primaryimage"},"thumbnailUrl":"https:\/\/energie.pt\/wp-content\/uploads\/2024\/02\/noticia_site_1.jpg","articleSection":["Mundo Energie","Noticias"],"inLanguage":"es"},{"@type":"WebPage","@id":"https:\/\/energie.pt\/es\/mundo-energie\/noticias\/obra-de-referencia-edificio-multifamiliar-5\/","url":"https:\/\/energie.pt\/es\/mundo-energie\/noticias\/obra-de-referencia-edificio-multifamiliar-5\/","name":"OBRA DE REFERENCIA \u2013 EDIFICIO MULTIFAMILIAR - ENERGIE EST, Lda.","isPartOf":{"@id":"https:\/\/energie.pt\/es\/#website"},"primaryImageOfPage":{"@id":"https:\/\/energie.pt\/es\/mundo-energie\/noticias\/obra-de-referencia-edificio-multifamiliar-5\/#primaryimage"},"image":{"@id":"https:\/\/energie.pt\/es\/mundo-energie\/noticias\/obra-de-referencia-edificio-multifamiliar-5\/#primaryimage"},"thumbnailUrl":"https:\/\/energie.pt\/wp-content\/uploads\/2024\/02\/noticia_site_1.jpg","datePublished":"2024-02-22T11:00:05+00:00","dateModified":"2025-01-22T11:28:33+00:00","breadcrumb":{"@id":"https:\/\/energie.pt\/es\/mundo-energie\/noticias\/obra-de-referencia-edificio-multifamiliar-5\/#breadcrumb"},"inLanguage":"es","potentialAction":[{"@type":"ReadAction","target":["https:\/\/energie.pt\/es\/mundo-energie\/noticias\/obra-de-referencia-edificio-multifamiliar-5\/"]}]},{"@type":"ImageObject","inLanguage":"es","@id":"https:\/\/energie.pt\/es\/mundo-energie\/noticias\/obra-de-referencia-edificio-multifamiliar-5\/#primaryimage","url":"https:\/\/energie.pt\/wp-content\/uploads\/2024\/02\/noticia_site_1.jpg","contentUrl":"https:\/\/energie.pt\/wp-content\/uploads\/2024\/02\/noticia_site_1.jpg","width":900,"height":478},{"@type":"BreadcrumbList","@id":"https:\/\/energie.pt\/es\/mundo-energie\/noticias\/obra-de-referencia-edificio-multifamiliar-5\/#breadcrumb","itemListElement":[{"@type":"ListItem","position":1,"name":"P\u00e1gina principal","item":"https:\/\/energie.pt\/es\/"},{"@type":"ListItem","position":2,"name":"Mundo Energie","item":"https:\/\/energie.pt\/es\/category\/mundo-energie\/"},{"@type":"ListItem","position":3,"name":"Noticias","item":"https:\/\/energie.pt\/es\/category\/mundo-energie\/noticias\/"},{"@type":"ListItem","position":4,"name":"OBRA DE REFERENCIA \u2013 EDIFICIO MULTIFAMILIAR"}]},{"@type":"WebSite","@id":"https:\/\/energie.pt\/es\/#website","url":"https:\/\/energie.pt\/es\/","name":"ENERGIE","description":"Soluciones de Energ\u00eda Solar Termodin\u00e1mica, Climatizaci\u00f3n, Bombas de Calor y ACS","publisher":{"@id":"https:\/\/energie.pt\/es\/#organization"},"alternateName":"ENERGIE","potentialAction":[{"@type":"SearchAction","target":{"@type":"EntryPoint","urlTemplate":"https:\/\/energie.pt\/es\/?s={search_term_string}"},"query-input":"required name=search_term_string"}],"inLanguage":"es"},{"@type":"Organization","@id":"https:\/\/energie.pt\/es\/#organization","name":"Energie - Thermodynamic Solar Energy","alternateName":"Energie","url":"https:\/\/energie.pt\/es\/","logo":{"@type":"ImageObject","inLanguage":"es","@id":"https:\/\/energie.pt\/es\/#\/schema\/logo\/image\/","url":"https:\/\/energie.pt\/wp-content\/uploads\/2021\/06\/logo_energie.svg","contentUrl":"https:\/\/energie.pt\/wp-content\/uploads\/2021\/06\/logo_energie.svg","width":190,"height":55,"caption":"Energie - Thermodynamic Solar Energy"},"image":{"@id":"https:\/\/energie.pt\/es\/#\/schema\/logo\/image\/"},"sameAs":["https:\/\/www.facebook.com\/EnergiePortugalEst\/","https:\/\/www.instagram.com\/energieportugal\/","https:\/\/www.youtube.com\/channel\/UCnItbF_zm_YZ1tFqzUcVgPQ","https:\/\/www.linkedin.com\/company\/energieportugal\/"]},{"@type":"Person","@id":"https:\/\/energie.pt\/es\/#\/schema\/person\/fbbc926447d5bcdd4272d1b2b459c176","name":"Serafim Paredes","sameAs":["https:\/\/energie.pt\/"],"url":"https:\/\/energie.pt\/es\/author\/serafim\/"}]}},"_links":{"self":[{"href":"https:\/\/energie.pt\/es\/wp-json\/wp\/v2\/posts\/25132"}],"collection":[{"href":"https:\/\/energie.pt\/es\/wp-json\/wp\/v2\/posts"}],"about":[{"href":"https:\/\/energie.pt\/es\/wp-json\/wp\/v2\/types\/post"}],"author":[{"embeddable":true,"href":"https:\/\/energie.pt\/es\/wp-json\/wp\/v2\/users\/2"}],"replies":[{"embeddable":true,"href":"https:\/\/energie.pt\/es\/wp-json\/wp\/v2\/comments?post=25132"}],"version-history":[{"count":2,"href":"https:\/\/energie.pt\/es\/wp-json\/wp\/v2\/posts\/25132\/revisions"}],"predecessor-version":[{"id":25154,"href":"https:\/\/energie.pt\/es\/wp-json\/wp\/v2\/posts\/25132\/revisions\/25154"}],"wp:featuredmedia":[{"embeddable":true,"href":"https:\/\/energie.pt\/es\/wp-json\/wp\/v2\/media\/25103"}],"wp:attachment":[{"href":"https:\/\/energie.pt\/es\/wp-json\/wp\/v2\/media?parent=25132"}],"wp:term":[{"taxonomy":"category","embeddable":true,"href":"https:\/\/energie.pt\/es\/wp-json\/wp\/v2\/categories?post=25132"},{"taxonomy":"post_tag","embeddable":true,"href":"https:\/\/energie.pt\/es\/wp-json\/wp\/v2\/tags?post=25132"}],"curies":[{"name":"wp","href":"https:\/\/api.w.org\/{rel}","templated":true}]}}