{"id":25136,"date":"2024-02-22T11:04:44","date_gmt":"2024-02-22T11:04:44","guid":{"rendered":"https:\/\/energie.pt\/mundo-energie\/noticias\/nuevo-acumulador-de-inercia-para-climatizacion-hydrokit\/"},"modified":"2025-01-22T11:26:57","modified_gmt":"2025-01-22T11:26:57","slug":"nuevo-acumulador-de-inercia-para-climatizacion-hydrokit","status":"publish","type":"post","link":"https:\/\/energie.pt\/es\/mundo-energie\/noticias\/nuevo-acumulador-de-inercia-para-climatizacion-hydrokit\/","title":{"rendered":"NUEVO ACUMULADOR DE INERCIA PARA CLIMATIZACI\u00d3N &#8211; HYDROKIT."},"content":{"rendered":"\n<p>ENERGIE lanza al mercado su nuevo producto HYDROKIT.<\/p>\n\n<p>Un acumulador de inercia dise\u00f1ado para revolucionar la industria de la climatizaci\u00f3n, compatible con todas las marcas de bombas de calor. Este innovador producto promete optimizar el almacenamiento temporal de energ\u00eda, tanto con agua fr\u00eda como con agua caliente, para instalaciones de climatizaci\u00f3n con calefacci\u00f3n y\/o refrigeraci\u00f3n por bomba de calor.<\/p>\n\n<p>Los acumuladores de inercia ENERGIE son la respuesta definitiva para mejorar la eficiencia energ\u00e9tica. Con HYDROKIT, los consumidores pueden esperar una soluci\u00f3n vers\u00e1til y de alto rendimiento que permita satisfacer la creciente demanda de de una climatizaci\u00f3n sostenible y rentable. Permitiendo un uso eficiente de la energ\u00eda, reduciendo los costes operativos y minimizando el impacto ambiental.<\/p>\n\n<p>Su lanzamiento marca un paso significativo hacia un futuro m\u00e1s sostenible y eficiente energ\u00e9ticamente para todos.&#13;\nContacte con nosotros para obtener m\u00e1s informaci\u00f3n sobre HYDROKIT.&#13;\n<\/p>\n","protected":false},"excerpt":{"rendered":"<p>ENERGIE lanza al mercado su nuevo producto HYDROKIT. Un acumulador de inercia dise\u00f1ado para revolucionar la industria de la climatizaci\u00f3n, compatible con todas las marcas de bombas de calor. Este innovador producto promete optimizar el almacenamiento temporal de energ\u00eda, tanto con agua fr\u00eda como con agua caliente, para instalaciones de climatizaci\u00f3n con calefacci\u00f3n y\/o refrigeraci\u00f3n [&hellip;]<\/p>\n","protected":false},"author":2,"featured_media":25122,"comment_status":"closed","ping_status":"closed","sticky":false,"template":"","format":"standard","meta":{"_acf_changed":false,"footnotes":""},"categories":[265,137],"tags":[],"class_list":["post-25136","post","type-post","status-publish","format-standard","has-post-thumbnail","hentry","category-mundo-energie","category-noticias"],"blocksy_meta":[],"acf":{"data_bimensal_da_noticia":"ENERO | FEBRERO \/ 2024"},"cp_meta_data":{"_encloseme":["1"],"_wpml_media_duplicate":["1"],"_wpml_media_featured":["1"],"_data_bimensal_da_noticia":["field_627e65cc70022"],"_top_nav_excluded":[""],"_cms_nav_minihome":[""],"_thumbnail_id":["25122"],"stackable_optimized_css":[""],"stackable_optimized_css_raw":["a:0:{}"],"_last_translation_edit_mode":["translation-editor"],"_wpml_media_has_media":["1"],"_yoast_wpseo_primary_category":["1"],"data_bimensal_da_noticia":["ENERO | FEBRERO \/ 2024"]},"yoast_head":"<!-- This site is optimized with the Yoast SEO plugin v22.8 - https:\/\/yoast.com\/wordpress\/plugins\/seo\/ -->\r\n<title>NUEVO ACUMULADOR DE INERCIA PARA CLIMATIZACI\u00d3N - HYDROKIT. - ENERGIE EST, Lda.<\/title>\r\n<meta name=\"robots\" content=\"index, follow, max-snippet:-1, max-image-preview:large, max-video-preview:-1\" \/>\r\n<link rel=\"canonical\" href=\"https:\/\/energie.pt\/es\/mundo-energie\/noticias\/nuevo-acumulador-de-inercia-para-climatizacion-hydrokit\/\" \/>\r\n<meta property=\"og:locale\" content=\"es_ES\" \/>\r\n<meta property=\"og:type\" content=\"article\" \/>\r\n<meta property=\"og:title\" content=\"NUEVO ACUMULADOR DE INERCIA PARA CLIMATIZACI\u00d3N - HYDROKIT. - ENERGIE EST, Lda.\" \/>\r\n<meta property=\"og:description\" content=\"ENERGIE lanza al mercado su nuevo producto HYDROKIT. Un acumulador de inercia dise\u00f1ado para revolucionar la industria de la climatizaci\u00f3n, compatible con todas las marcas de bombas de calor. Este innovador producto promete optimizar el almacenamiento temporal de energ\u00eda, tanto con agua fr\u00eda como con agua caliente, para instalaciones de climatizaci\u00f3n con calefacci\u00f3n y\/o refrigeraci\u00f3n [&hellip;]\" \/>\r\n<meta property=\"og:url\" content=\"https:\/\/energie.pt\/es\/mundo-energie\/noticias\/nuevo-acumulador-de-inercia-para-climatizacion-hydrokit\/\" \/>\r\n<meta property=\"og:site_name\" content=\"ENERGIE EST, Lda.\" \/>\r\n<meta property=\"article:publisher\" content=\"https:\/\/www.facebook.com\/EnergiePortugalEst\/\" \/>\r\n<meta property=\"article:published_time\" content=\"2024-02-22T11:04:44+00:00\" \/>\r\n<meta property=\"article:modified_time\" content=\"2025-01-22T11:26:57+00:00\" \/>\r\n<meta property=\"og:image\" content=\"https:\/\/energie.pt\/wp-content\/uploads\/2024\/02\/noticia_site_3_energie.jpg\" \/>\r\n\t<meta property=\"og:image:width\" content=\"1876\" \/>\r\n\t<meta property=\"og:image:height\" content=\"996\" \/>\r\n\t<meta property=\"og:image:type\" content=\"image\/jpeg\" \/>\r\n<meta name=\"author\" content=\"Serafim Paredes\" \/>\r\n<meta name=\"twitter:card\" content=\"summary_large_image\" \/>\r\n<meta name=\"twitter:label1\" content=\"Escrito por\" \/>\n\t<meta name=\"twitter:data1\" content=\"Serafim Paredes\" \/>\n\t<meta name=\"twitter:label2\" content=\"Tiempo de lectura\" \/>\n\t<meta name=\"twitter:data2\" content=\"1 minuto\" \/>\r\n<script type=\"application\/ld+json\" class=\"yoast-schema-graph\">{\"@context\":\"https:\/\/schema.org\",\"@graph\":[{\"@type\":\"Article\",\"@id\":\"https:\/\/energie.pt\/es\/mundo-energie\/noticias\/nuevo-acumulador-de-inercia-para-climatizacion-hydrokit\/#article\",\"isPartOf\":{\"@id\":\"https:\/\/energie.pt\/es\/mundo-energie\/noticias\/nuevo-acumulador-de-inercia-para-climatizacion-hydrokit\/\"},\"author\":{\"name\":\"Serafim Paredes\",\"@id\":\"https:\/\/energie.pt\/es\/#\/schema\/person\/fbbc926447d5bcdd4272d1b2b459c176\"},\"headline\":\"NUEVO ACUMULADOR DE INERCIA PARA CLIMATIZACI\u00d3N &#8211; HYDROKIT.\",\"datePublished\":\"2024-02-22T11:04:44+00:00\",\"dateModified\":\"2025-01-22T11:26:57+00:00\",\"mainEntityOfPage\":{\"@id\":\"https:\/\/energie.pt\/es\/mundo-energie\/noticias\/nuevo-acumulador-de-inercia-para-climatizacion-hydrokit\/\"},\"wordCount\":166,\"publisher\":{\"@id\":\"https:\/\/energie.pt\/es\/#organization\"},\"image\":{\"@id\":\"https:\/\/energie.pt\/es\/mundo-energie\/noticias\/nuevo-acumulador-de-inercia-para-climatizacion-hydrokit\/#primaryimage\"},\"thumbnailUrl\":\"https:\/\/energie.pt\/wp-content\/uploads\/2024\/02\/noticia_site_3_energie.jpg\",\"articleSection\":[\"Mundo Energie\",\"Noticias\"],\"inLanguage\":\"es\"},{\"@type\":\"WebPage\",\"@id\":\"https:\/\/energie.pt\/es\/mundo-energie\/noticias\/nuevo-acumulador-de-inercia-para-climatizacion-hydrokit\/\",\"url\":\"https:\/\/energie.pt\/es\/mundo-energie\/noticias\/nuevo-acumulador-de-inercia-para-climatizacion-hydrokit\/\",\"name\":\"NUEVO ACUMULADOR DE INERCIA PARA CLIMATIZACI\u00d3N - HYDROKIT. - ENERGIE EST, Lda.\",\"isPartOf\":{\"@id\":\"https:\/\/energie.pt\/es\/#website\"},\"primaryImageOfPage\":{\"@id\":\"https:\/\/energie.pt\/es\/mundo-energie\/noticias\/nuevo-acumulador-de-inercia-para-climatizacion-hydrokit\/#primaryimage\"},\"image\":{\"@id\":\"https:\/\/energie.pt\/es\/mundo-energie\/noticias\/nuevo-acumulador-de-inercia-para-climatizacion-hydrokit\/#primaryimage\"},\"thumbnailUrl\":\"https:\/\/energie.pt\/wp-content\/uploads\/2024\/02\/noticia_site_3_energie.jpg\",\"datePublished\":\"2024-02-22T11:04:44+00:00\",\"dateModified\":\"2025-01-22T11:26:57+00:00\",\"breadcrumb\":{\"@id\":\"https:\/\/energie.pt\/es\/mundo-energie\/noticias\/nuevo-acumulador-de-inercia-para-climatizacion-hydrokit\/#breadcrumb\"},\"inLanguage\":\"es\",\"potentialAction\":[{\"@type\":\"ReadAction\",\"target\":[\"https:\/\/energie.pt\/es\/mundo-energie\/noticias\/nuevo-acumulador-de-inercia-para-climatizacion-hydrokit\/\"]}]},{\"@type\":\"ImageObject\",\"inLanguage\":\"es\",\"@id\":\"https:\/\/energie.pt\/es\/mundo-energie\/noticias\/nuevo-acumulador-de-inercia-para-climatizacion-hydrokit\/#primaryimage\",\"url\":\"https:\/\/energie.pt\/wp-content\/uploads\/2024\/02\/noticia_site_3_energie.jpg\",\"contentUrl\":\"https:\/\/energie.pt\/wp-content\/uploads\/2024\/02\/noticia_site_3_energie.jpg\",\"width\":1876,\"height\":996},{\"@type\":\"BreadcrumbList\",\"@id\":\"https:\/\/energie.pt\/es\/mundo-energie\/noticias\/nuevo-acumulador-de-inercia-para-climatizacion-hydrokit\/#breadcrumb\",\"itemListElement\":[{\"@type\":\"ListItem\",\"position\":1,\"name\":\"P\u00e1gina principal\",\"item\":\"https:\/\/energie.pt\/es\/\"},{\"@type\":\"ListItem\",\"position\":2,\"name\":\"Mundo Energie\",\"item\":\"https:\/\/energie.pt\/es\/category\/mundo-energie\/\"},{\"@type\":\"ListItem\",\"position\":3,\"name\":\"Noticias\",\"item\":\"https:\/\/energie.pt\/es\/category\/mundo-energie\/noticias\/\"},{\"@type\":\"ListItem\",\"position\":4,\"name\":\"NUEVO ACUMULADOR DE INERCIA PARA CLIMATIZACI\u00d3N &#8211; HYDROKIT.\"}]},{\"@type\":\"WebSite\",\"@id\":\"https:\/\/energie.pt\/es\/#website\",\"url\":\"https:\/\/energie.pt\/es\/\",\"name\":\"ENERGIE\",\"description\":\"Soluciones de Energ\u00eda Solar Termodin\u00e1mica, Climatizaci\u00f3n, Bombas de Calor y ACS\",\"publisher\":{\"@id\":\"https:\/\/energie.pt\/es\/#organization\"},\"alternateName\":\"ENERGIE\",\"potentialAction\":[{\"@type\":\"SearchAction\",\"target\":{\"@type\":\"EntryPoint\",\"urlTemplate\":\"https:\/\/energie.pt\/es\/?s={search_term_string}\"},\"query-input\":\"required name=search_term_string\"}],\"inLanguage\":\"es\"},{\"@type\":\"Organization\",\"@id\":\"https:\/\/energie.pt\/es\/#organization\",\"name\":\"Energie - Thermodynamic Solar Energy\",\"alternateName\":\"Energie\",\"url\":\"https:\/\/energie.pt\/es\/\",\"logo\":{\"@type\":\"ImageObject\",\"inLanguage\":\"es\",\"@id\":\"https:\/\/energie.pt\/es\/#\/schema\/logo\/image\/\",\"url\":\"https:\/\/energie.pt\/wp-content\/uploads\/2021\/06\/logo_energie.svg\",\"contentUrl\":\"https:\/\/energie.pt\/wp-content\/uploads\/2021\/06\/logo_energie.svg\",\"width\":190,\"height\":55,\"caption\":\"Energie - Thermodynamic Solar Energy\"},\"image\":{\"@id\":\"https:\/\/energie.pt\/es\/#\/schema\/logo\/image\/\"},\"sameAs\":[\"https:\/\/www.facebook.com\/EnergiePortugalEst\/\",\"https:\/\/www.instagram.com\/energieportugal\/\",\"https:\/\/www.youtube.com\/channel\/UCnItbF_zm_YZ1tFqzUcVgPQ\",\"https:\/\/www.linkedin.com\/company\/energieportugal\/\"]},{\"@type\":\"Person\",\"@id\":\"https:\/\/energie.pt\/es\/#\/schema\/person\/fbbc926447d5bcdd4272d1b2b459c176\",\"name\":\"Serafim Paredes\",\"sameAs\":[\"https:\/\/energie.pt\/\"],\"url\":\"https:\/\/energie.pt\/es\/author\/serafim\/\"}]}<\/script>\r\n<!-- \/ Yoast SEO plugin. -->","yoast_head_json":{"title":"NUEVO ACUMULADOR DE INERCIA PARA CLIMATIZACI\u00d3N - HYDROKIT. - ENERGIE EST, Lda.","robots":{"index":"index","follow":"follow","max-snippet":"max-snippet:-1","max-image-preview":"max-image-preview:large","max-video-preview":"max-video-preview:-1"},"canonical":"https:\/\/energie.pt\/es\/mundo-energie\/noticias\/nuevo-acumulador-de-inercia-para-climatizacion-hydrokit\/","og_locale":"es_ES","og_type":"article","og_title":"NUEVO ACUMULADOR DE INERCIA PARA CLIMATIZACI\u00d3N - HYDROKIT. - ENERGIE EST, Lda.","og_description":"ENERGIE lanza al mercado su nuevo producto HYDROKIT. Un acumulador de inercia dise\u00f1ado para revolucionar la industria de la climatizaci\u00f3n, compatible con todas las marcas de bombas de calor. Este innovador producto promete optimizar el almacenamiento temporal de energ\u00eda, tanto con agua fr\u00eda como con agua caliente, para instalaciones de climatizaci\u00f3n con calefacci\u00f3n y\/o refrigeraci\u00f3n [&hellip;]","og_url":"https:\/\/energie.pt\/es\/mundo-energie\/noticias\/nuevo-acumulador-de-inercia-para-climatizacion-hydrokit\/","og_site_name":"ENERGIE EST, Lda.","article_publisher":"https:\/\/www.facebook.com\/EnergiePortugalEst\/","article_published_time":"2024-02-22T11:04:44+00:00","article_modified_time":"2025-01-22T11:26:57+00:00","og_image":[{"width":1876,"height":996,"url":"https:\/\/energie.pt\/wp-content\/uploads\/2024\/02\/noticia_site_3_energie.jpg","type":"image\/jpeg"}],"author":"Serafim Paredes","twitter_card":"summary_large_image","twitter_misc":{"Escrito por":"Serafim Paredes","Tiempo de lectura":"1 minuto"},"schema":{"@context":"https:\/\/schema.org","@graph":[{"@type":"Article","@id":"https:\/\/energie.pt\/es\/mundo-energie\/noticias\/nuevo-acumulador-de-inercia-para-climatizacion-hydrokit\/#article","isPartOf":{"@id":"https:\/\/energie.pt\/es\/mundo-energie\/noticias\/nuevo-acumulador-de-inercia-para-climatizacion-hydrokit\/"},"author":{"name":"Serafim Paredes","@id":"https:\/\/energie.pt\/es\/#\/schema\/person\/fbbc926447d5bcdd4272d1b2b459c176"},"headline":"NUEVO ACUMULADOR DE INERCIA PARA CLIMATIZACI\u00d3N &#8211; HYDROKIT.","datePublished":"2024-02-22T11:04:44+00:00","dateModified":"2025-01-22T11:26:57+00:00","mainEntityOfPage":{"@id":"https:\/\/energie.pt\/es\/mundo-energie\/noticias\/nuevo-acumulador-de-inercia-para-climatizacion-hydrokit\/"},"wordCount":166,"publisher":{"@id":"https:\/\/energie.pt\/es\/#organization"},"image":{"@id":"https:\/\/energie.pt\/es\/mundo-energie\/noticias\/nuevo-acumulador-de-inercia-para-climatizacion-hydrokit\/#primaryimage"},"thumbnailUrl":"https:\/\/energie.pt\/wp-content\/uploads\/2024\/02\/noticia_site_3_energie.jpg","articleSection":["Mundo Energie","Noticias"],"inLanguage":"es"},{"@type":"WebPage","@id":"https:\/\/energie.pt\/es\/mundo-energie\/noticias\/nuevo-acumulador-de-inercia-para-climatizacion-hydrokit\/","url":"https:\/\/energie.pt\/es\/mundo-energie\/noticias\/nuevo-acumulador-de-inercia-para-climatizacion-hydrokit\/","name":"NUEVO ACUMULADOR DE INERCIA PARA CLIMATIZACI\u00d3N - HYDROKIT. - ENERGIE EST, Lda.","isPartOf":{"@id":"https:\/\/energie.pt\/es\/#website"},"primaryImageOfPage":{"@id":"https:\/\/energie.pt\/es\/mundo-energie\/noticias\/nuevo-acumulador-de-inercia-para-climatizacion-hydrokit\/#primaryimage"},"image":{"@id":"https:\/\/energie.pt\/es\/mundo-energie\/noticias\/nuevo-acumulador-de-inercia-para-climatizacion-hydrokit\/#primaryimage"},"thumbnailUrl":"https:\/\/energie.pt\/wp-content\/uploads\/2024\/02\/noticia_site_3_energie.jpg","datePublished":"2024-02-22T11:04:44+00:00","dateModified":"2025-01-22T11:26:57+00:00","breadcrumb":{"@id":"https:\/\/energie.pt\/es\/mundo-energie\/noticias\/nuevo-acumulador-de-inercia-para-climatizacion-hydrokit\/#breadcrumb"},"inLanguage":"es","potentialAction":[{"@type":"ReadAction","target":["https:\/\/energie.pt\/es\/mundo-energie\/noticias\/nuevo-acumulador-de-inercia-para-climatizacion-hydrokit\/"]}]},{"@type":"ImageObject","inLanguage":"es","@id":"https:\/\/energie.pt\/es\/mundo-energie\/noticias\/nuevo-acumulador-de-inercia-para-climatizacion-hydrokit\/#primaryimage","url":"https:\/\/energie.pt\/wp-content\/uploads\/2024\/02\/noticia_site_3_energie.jpg","contentUrl":"https:\/\/energie.pt\/wp-content\/uploads\/2024\/02\/noticia_site_3_energie.jpg","width":1876,"height":996},{"@type":"BreadcrumbList","@id":"https:\/\/energie.pt\/es\/mundo-energie\/noticias\/nuevo-acumulador-de-inercia-para-climatizacion-hydrokit\/#breadcrumb","itemListElement":[{"@type":"ListItem","position":1,"name":"P\u00e1gina principal","item":"https:\/\/energie.pt\/es\/"},{"@type":"ListItem","position":2,"name":"Mundo Energie","item":"https:\/\/energie.pt\/es\/category\/mundo-energie\/"},{"@type":"ListItem","position":3,"name":"Noticias","item":"https:\/\/energie.pt\/es\/category\/mundo-energie\/noticias\/"},{"@type":"ListItem","position":4,"name":"NUEVO ACUMULADOR DE INERCIA PARA CLIMATIZACI\u00d3N &#8211; HYDROKIT."}]},{"@type":"WebSite","@id":"https:\/\/energie.pt\/es\/#website","url":"https:\/\/energie.pt\/es\/","name":"ENERGIE","description":"Soluciones de Energ\u00eda Solar Termodin\u00e1mica, Climatizaci\u00f3n, Bombas de Calor y ACS","publisher":{"@id":"https:\/\/energie.pt\/es\/#organization"},"alternateName":"ENERGIE","potentialAction":[{"@type":"SearchAction","target":{"@type":"EntryPoint","urlTemplate":"https:\/\/energie.pt\/es\/?s={search_term_string}"},"query-input":"required name=search_term_string"}],"inLanguage":"es"},{"@type":"Organization","@id":"https:\/\/energie.pt\/es\/#organization","name":"Energie - Thermodynamic Solar Energy","alternateName":"Energie","url":"https:\/\/energie.pt\/es\/","logo":{"@type":"ImageObject","inLanguage":"es","@id":"https:\/\/energie.pt\/es\/#\/schema\/logo\/image\/","url":"https:\/\/energie.pt\/wp-content\/uploads\/2021\/06\/logo_energie.svg","contentUrl":"https:\/\/energie.pt\/wp-content\/uploads\/2021\/06\/logo_energie.svg","width":190,"height":55,"caption":"Energie - Thermodynamic Solar Energy"},"image":{"@id":"https:\/\/energie.pt\/es\/#\/schema\/logo\/image\/"},"sameAs":["https:\/\/www.facebook.com\/EnergiePortugalEst\/","https:\/\/www.instagram.com\/energieportugal\/","https:\/\/www.youtube.com\/channel\/UCnItbF_zm_YZ1tFqzUcVgPQ","https:\/\/www.linkedin.com\/company\/energieportugal\/"]},{"@type":"Person","@id":"https:\/\/energie.pt\/es\/#\/schema\/person\/fbbc926447d5bcdd4272d1b2b459c176","name":"Serafim Paredes","sameAs":["https:\/\/energie.pt\/"],"url":"https:\/\/energie.pt\/es\/author\/serafim\/"}]}},"_links":{"self":[{"href":"https:\/\/energie.pt\/es\/wp-json\/wp\/v2\/posts\/25136"}],"collection":[{"href":"https:\/\/energie.pt\/es\/wp-json\/wp\/v2\/posts"}],"about":[{"href":"https:\/\/energie.pt\/es\/wp-json\/wp\/v2\/types\/post"}],"author":[{"embeddable":true,"href":"https:\/\/energie.pt\/es\/wp-json\/wp\/v2\/users\/2"}],"replies":[{"embeddable":true,"href":"https:\/\/energie.pt\/es\/wp-json\/wp\/v2\/comments?post=25136"}],"version-history":[{"count":1,"href":"https:\/\/energie.pt\/es\/wp-json\/wp\/v2\/posts\/25136\/revisions"}],"predecessor-version":[{"id":25137,"href":"https:\/\/energie.pt\/es\/wp-json\/wp\/v2\/posts\/25136\/revisions\/25137"}],"wp:featuredmedia":[{"embeddable":true,"href":"https:\/\/energie.pt\/es\/wp-json\/wp\/v2\/media\/25122"}],"wp:attachment":[{"href":"https:\/\/energie.pt\/es\/wp-json\/wp\/v2\/media?parent=25136"}],"wp:term":[{"taxonomy":"category","embeddable":true,"href":"https:\/\/energie.pt\/es\/wp-json\/wp\/v2\/categories?post=25136"},{"taxonomy":"post_tag","embeddable":true,"href":"https:\/\/energie.pt\/es\/wp-json\/wp\/v2\/tags?post=25136"}],"curies":[{"name":"wp","href":"https:\/\/api.w.org\/{rel}","templated":true}]}}