{"id":29320,"date":"2018-04-10T09:22:00","date_gmt":"2018-04-10T09:22:00","guid":{"rendered":"https:\/\/energie.pt\/mundo-energie\/noticias\/ampliacion-hotelera-30-habitaciones\/"},"modified":"2025-01-21T16:58:00","modified_gmt":"2025-01-21T16:58:00","slug":"ampliacion-hotelera-30-habitaciones","status":"publish","type":"post","link":"https:\/\/energie.pt\/es\/mundo-energie\/proyectos\/ampliacion-hotelera-30-habitaciones\/","title":{"rendered":"AMPLIACI\u00d3N HOTELERA + 30 HABITACIONES"},"content":{"rendered":"\n<figure class=\"wp-block-gallery has-nested-images columns-default is-cropped wp-block-gallery-1 is-layout-flex wp-block-gallery-is-layout-flex\">\n<figure class=\"wp-block-image size-large\"><img loading=\"lazy\" decoding=\"async\" width=\"1024\" height=\"546\" data-id=\"10437\" src=\"https:\/\/energie.pt\/wp-content\/uploads\/2018\/03\/fevereiro_marco_2018_case-study-1024x546.jpg\" alt=\"\" class=\"wp-image-10437\" srcset=\"https:\/\/energie.pt\/wp-content\/uploads\/2018\/03\/fevereiro_marco_2018_case-study-1024x546.jpg 1024w, https:\/\/energie.pt\/wp-content\/uploads\/2018\/03\/fevereiro_marco_2018_case-study-600x320.jpg 600w, https:\/\/energie.pt\/wp-content\/uploads\/2018\/03\/fevereiro_marco_2018_case-study-300x160.jpg 300w, https:\/\/energie.pt\/wp-content\/uploads\/2018\/03\/fevereiro_marco_2018_case-study-768x409.jpg 768w, https:\/\/energie.pt\/wp-content\/uploads\/2018\/03\/fevereiro_marco_2018_case-study-1536x818.jpg 1536w, https:\/\/energie.pt\/wp-content\/uploads\/2018\/03\/fevereiro_marco_2018_case-study.jpg 1567w\" sizes=\"(max-width: 1024px) 100vw, 1024px\" \/><\/figure>\n\n\n\n<figure class=\"wp-block-image size-large\"><img loading=\"lazy\" decoding=\"async\" width=\"1024\" height=\"578\" data-id=\"29291\" src=\"https:\/\/energie.pt\/wp-content\/uploads\/2025\/01\/energie_obre_fvmar_2018-02-1024x578.jpg\" alt=\"\" class=\"wp-image-29291\" srcset=\"https:\/\/energie.pt\/wp-content\/uploads\/2025\/01\/energie_obre_fvmar_2018-02-1024x578.jpg 1024w, https:\/\/energie.pt\/wp-content\/uploads\/2025\/01\/energie_obre_fvmar_2018-02-300x169.jpg 300w, https:\/\/energie.pt\/wp-content\/uploads\/2025\/01\/energie_obre_fvmar_2018-02-768x433.jpg 768w, https:\/\/energie.pt\/wp-content\/uploads\/2025\/01\/energie_obre_fvmar_2018-02.jpg 1301w\" sizes=\"(max-width: 1024px) 100vw, 1024px\" \/><\/figure>\n\n\n\n<figure class=\"wp-block-image size-large\"><img loading=\"lazy\" decoding=\"async\" width=\"1024\" height=\"578\" data-id=\"29296\" src=\"https:\/\/energie.pt\/wp-content\/uploads\/2025\/01\/energie_obre_fvmar_2018-03-1024x578.jpg\" alt=\"\" class=\"wp-image-29296\" srcset=\"https:\/\/energie.pt\/wp-content\/uploads\/2025\/01\/energie_obre_fvmar_2018-03-1024x578.jpg 1024w, https:\/\/energie.pt\/wp-content\/uploads\/2025\/01\/energie_obre_fvmar_2018-03-300x169.jpg 300w, https:\/\/energie.pt\/wp-content\/uploads\/2025\/01\/energie_obre_fvmar_2018-03-768x433.jpg 768w, https:\/\/energie.pt\/wp-content\/uploads\/2025\/01\/energie_obre_fvmar_2018-03.jpg 1301w\" sizes=\"(max-width: 1024px) 100vw, 1024px\" \/><\/figure>\n<\/figure>\n\n<p><strong>EQUIPO:<\/strong> Sistema Solar Termodin\u00e1mico<\/p>\n\n<p><strong>MODELO:<\/strong> ECO XL + BLOQUE SOLAR 16<\/p>\n\n<p><strong>APLICACI\u00d3N:<\/strong> Agua Caliente Sanitaria Uso Industrial<\/p>\n\n<p><strong>DESCRIPCI\u00d3N DE LA INSTALACI\u00d3N:<\/strong> ECO 2000IXD16, compuesto por 2 acumuladores THERMO XL de 1.000 litros cada uno, un BLOQUE SOLAR y 16 Paneles Solares Termodin\u00e1micos con capacidad de calentamiento de hasta 3.000 litros de agua\/d\u00eda.<\/p>\n\n<p><\/p>\n","protected":false},"excerpt":{"rendered":"<p>Agua Caliente Sanitaria Uso Industrial<\/p>\n","protected":false},"author":2,"featured_media":10441,"comment_status":"closed","ping_status":"closed","sticky":false,"template":"","format":"standard","meta":{"_acf_changed":false,"footnotes":""},"categories":[265,269],"tags":[],"class_list":["post-29320","post","type-post","status-publish","format-standard","has-post-thumbnail","hentry","category-mundo-energie","category-proyectos"],"blocksy_meta":[],"acf":{"data_bimensal_da_noticia":""},"cp_meta_data":{"_encloseme":["1"],"_yoast_wpseo_primary_category":["17"],"_wpml_media_duplicate":["1"],"_wpml_media_featured":["1"],"_data_bimensal_da_noticia":["field_627e65cc70022"],"_top_nav_excluded":[""],"_cms_nav_minihome":[""],"_thumbnail_id":["10441"],"stackable_optimized_css":[""],"stackable_optimized_css_raw":["a:0:{}"],"_wpml_media_has_media":["1"],"_last_translation_edit_mode":["translation-editor"]},"yoast_head":"<!-- This site is optimized with the Yoast SEO plugin v22.8 - https:\/\/yoast.com\/wordpress\/plugins\/seo\/ -->\r\n<title>AMPLIACI\u00d3N HOTELERA + 30 HABITACIONES - ENERGIE EST, Lda.<\/title>\r\n<meta name=\"robots\" content=\"index, follow, max-snippet:-1, max-image-preview:large, max-video-preview:-1\" \/>\r\n<link rel=\"canonical\" href=\"https:\/\/energie.pt\/es\/mundo-energie\/proyectos\/ampliacion-hotelera-30-habitaciones\/\" \/>\r\n<meta property=\"og:locale\" content=\"es_ES\" \/>\r\n<meta property=\"og:type\" content=\"article\" \/>\r\n<meta property=\"og:title\" content=\"AMPLIACI\u00d3N HOTELERA + 30 HABITACIONES - ENERGIE EST, Lda.\" \/>\r\n<meta property=\"og:description\" content=\"Agua Caliente Sanitaria Uso Industrial\" \/>\r\n<meta property=\"og:url\" content=\"https:\/\/energie.pt\/es\/mundo-energie\/proyectos\/ampliacion-hotelera-30-habitaciones\/\" \/>\r\n<meta property=\"og:site_name\" content=\"ENERGIE EST, Lda.\" \/>\r\n<meta property=\"article:publisher\" content=\"https:\/\/www.facebook.com\/EnergiePortugalEst\/\" \/>\r\n<meta property=\"article:published_time\" content=\"2018-04-10T09:22:00+00:00\" \/>\r\n<meta property=\"article:modified_time\" content=\"2025-01-21T16:58:00+00:00\" \/>\r\n<meta property=\"og:image\" content=\"https:\/\/energie.pt\/wp-content\/uploads\/2018\/03\/fevereiro_marco_2018_case-study.jpg\" \/>\r\n\t<meta property=\"og:image:width\" content=\"1567\" \/>\r\n\t<meta property=\"og:image:height\" content=\"835\" \/>\r\n\t<meta property=\"og:image:type\" content=\"image\/jpeg\" \/>\r\n<meta name=\"author\" content=\"Serafim Paredes\" \/>\r\n<meta name=\"twitter:card\" content=\"summary_large_image\" \/>\r\n<meta name=\"twitter:label1\" content=\"Escrito por\" \/>\n\t<meta name=\"twitter:data1\" content=\"Serafim Paredes\" \/>\r\n<script type=\"application\/ld+json\" class=\"yoast-schema-graph\">{\"@context\":\"https:\/\/schema.org\",\"@graph\":[{\"@type\":\"Article\",\"@id\":\"https:\/\/energie.pt\/es\/mundo-energie\/proyectos\/ampliacion-hotelera-30-habitaciones\/#article\",\"isPartOf\":{\"@id\":\"https:\/\/energie.pt\/es\/mundo-energie\/proyectos\/ampliacion-hotelera-30-habitaciones\/\"},\"author\":{\"name\":\"Serafim Paredes\",\"@id\":\"https:\/\/energie.pt\/es\/#\/schema\/person\/fbbc926447d5bcdd4272d1b2b459c176\"},\"headline\":\"AMPLIACI\u00d3N HOTELERA + 30 HABITACIONES\",\"datePublished\":\"2018-04-10T09:22:00+00:00\",\"dateModified\":\"2025-01-21T16:58:00+00:00\",\"mainEntityOfPage\":{\"@id\":\"https:\/\/energie.pt\/es\/mundo-energie\/proyectos\/ampliacion-hotelera-30-habitaciones\/\"},\"wordCount\":57,\"publisher\":{\"@id\":\"https:\/\/energie.pt\/es\/#organization\"},\"image\":{\"@id\":\"https:\/\/energie.pt\/es\/mundo-energie\/proyectos\/ampliacion-hotelera-30-habitaciones\/#primaryimage\"},\"thumbnailUrl\":\"https:\/\/energie.pt\/wp-content\/uploads\/2018\/03\/fevereiro_marco_2018_case-study.jpg\",\"articleSection\":[\"Mundo Energie\",\"Proyectos\"],\"inLanguage\":\"es\"},{\"@type\":\"WebPage\",\"@id\":\"https:\/\/energie.pt\/es\/mundo-energie\/proyectos\/ampliacion-hotelera-30-habitaciones\/\",\"url\":\"https:\/\/energie.pt\/es\/mundo-energie\/proyectos\/ampliacion-hotelera-30-habitaciones\/\",\"name\":\"AMPLIACI\u00d3N HOTELERA + 30 HABITACIONES - ENERGIE EST, Lda.\",\"isPartOf\":{\"@id\":\"https:\/\/energie.pt\/es\/#website\"},\"primaryImageOfPage\":{\"@id\":\"https:\/\/energie.pt\/es\/mundo-energie\/proyectos\/ampliacion-hotelera-30-habitaciones\/#primaryimage\"},\"image\":{\"@id\":\"https:\/\/energie.pt\/es\/mundo-energie\/proyectos\/ampliacion-hotelera-30-habitaciones\/#primaryimage\"},\"thumbnailUrl\":\"https:\/\/energie.pt\/wp-content\/uploads\/2018\/03\/fevereiro_marco_2018_case-study.jpg\",\"datePublished\":\"2018-04-10T09:22:00+00:00\",\"dateModified\":\"2025-01-21T16:58:00+00:00\",\"breadcrumb\":{\"@id\":\"https:\/\/energie.pt\/es\/mundo-energie\/proyectos\/ampliacion-hotelera-30-habitaciones\/#breadcrumb\"},\"inLanguage\":\"es\",\"potentialAction\":[{\"@type\":\"ReadAction\",\"target\":[\"https:\/\/energie.pt\/es\/mundo-energie\/proyectos\/ampliacion-hotelera-30-habitaciones\/\"]}]},{\"@type\":\"ImageObject\",\"inLanguage\":\"es\",\"@id\":\"https:\/\/energie.pt\/es\/mundo-energie\/proyectos\/ampliacion-hotelera-30-habitaciones\/#primaryimage\",\"url\":\"https:\/\/energie.pt\/wp-content\/uploads\/2018\/03\/fevereiro_marco_2018_case-study.jpg\",\"contentUrl\":\"https:\/\/energie.pt\/wp-content\/uploads\/2018\/03\/fevereiro_marco_2018_case-study.jpg\",\"width\":1567,\"height\":835},{\"@type\":\"BreadcrumbList\",\"@id\":\"https:\/\/energie.pt\/es\/mundo-energie\/proyectos\/ampliacion-hotelera-30-habitaciones\/#breadcrumb\",\"itemListElement\":[{\"@type\":\"ListItem\",\"position\":1,\"name\":\"P\u00e1gina principal\",\"item\":\"https:\/\/energie.pt\/es\/\"},{\"@type\":\"ListItem\",\"position\":2,\"name\":\"Mundo Energie\",\"item\":\"https:\/\/energie.pt\/es\/category\/mundo-energie\/\"},{\"@type\":\"ListItem\",\"position\":3,\"name\":\"Proyectos\",\"item\":\"https:\/\/energie.pt\/es\/category\/mundo-energie\/proyectos\/\"},{\"@type\":\"ListItem\",\"position\":4,\"name\":\"AMPLIACI\u00d3N HOTELERA + 30 HABITACIONES\"}]},{\"@type\":\"WebSite\",\"@id\":\"https:\/\/energie.pt\/es\/#website\",\"url\":\"https:\/\/energie.pt\/es\/\",\"name\":\"ENERGIE\",\"description\":\"Soluciones de Energ\u00eda Solar Termodin\u00e1mica, Climatizaci\u00f3n, Bombas de Calor y ACS\",\"publisher\":{\"@id\":\"https:\/\/energie.pt\/es\/#organization\"},\"alternateName\":\"ENERGIE\",\"potentialAction\":[{\"@type\":\"SearchAction\",\"target\":{\"@type\":\"EntryPoint\",\"urlTemplate\":\"https:\/\/energie.pt\/es\/?s={search_term_string}\"},\"query-input\":\"required name=search_term_string\"}],\"inLanguage\":\"es\"},{\"@type\":\"Organization\",\"@id\":\"https:\/\/energie.pt\/es\/#organization\",\"name\":\"Energie - Thermodynamic Solar Energy\",\"alternateName\":\"Energie\",\"url\":\"https:\/\/energie.pt\/es\/\",\"logo\":{\"@type\":\"ImageObject\",\"inLanguage\":\"es\",\"@id\":\"https:\/\/energie.pt\/es\/#\/schema\/logo\/image\/\",\"url\":\"https:\/\/energie.pt\/wp-content\/uploads\/2021\/06\/logo_energie.svg\",\"contentUrl\":\"https:\/\/energie.pt\/wp-content\/uploads\/2021\/06\/logo_energie.svg\",\"width\":190,\"height\":55,\"caption\":\"Energie - Thermodynamic Solar Energy\"},\"image\":{\"@id\":\"https:\/\/energie.pt\/es\/#\/schema\/logo\/image\/\"},\"sameAs\":[\"https:\/\/www.facebook.com\/EnergiePortugalEst\/\",\"https:\/\/www.instagram.com\/energieportugal\/\",\"https:\/\/www.youtube.com\/channel\/UCnItbF_zm_YZ1tFqzUcVgPQ\",\"https:\/\/www.linkedin.com\/company\/energieportugal\/\"]},{\"@type\":\"Person\",\"@id\":\"https:\/\/energie.pt\/es\/#\/schema\/person\/fbbc926447d5bcdd4272d1b2b459c176\",\"name\":\"Serafim Paredes\",\"sameAs\":[\"https:\/\/energie.pt\/\"],\"url\":\"https:\/\/energie.pt\/es\/author\/serafim\/\"}]}<\/script>\r\n<!-- \/ Yoast SEO plugin. -->","yoast_head_json":{"title":"AMPLIACI\u00d3N HOTELERA + 30 HABITACIONES - ENERGIE EST, Lda.","robots":{"index":"index","follow":"follow","max-snippet":"max-snippet:-1","max-image-preview":"max-image-preview:large","max-video-preview":"max-video-preview:-1"},"canonical":"https:\/\/energie.pt\/es\/mundo-energie\/proyectos\/ampliacion-hotelera-30-habitaciones\/","og_locale":"es_ES","og_type":"article","og_title":"AMPLIACI\u00d3N HOTELERA + 30 HABITACIONES - ENERGIE EST, Lda.","og_description":"Agua Caliente Sanitaria Uso Industrial","og_url":"https:\/\/energie.pt\/es\/mundo-energie\/proyectos\/ampliacion-hotelera-30-habitaciones\/","og_site_name":"ENERGIE EST, Lda.","article_publisher":"https:\/\/www.facebook.com\/EnergiePortugalEst\/","article_published_time":"2018-04-10T09:22:00+00:00","article_modified_time":"2025-01-21T16:58:00+00:00","og_image":[{"width":1567,"height":835,"url":"https:\/\/energie.pt\/wp-content\/uploads\/2018\/03\/fevereiro_marco_2018_case-study.jpg","type":"image\/jpeg"}],"author":"Serafim Paredes","twitter_card":"summary_large_image","twitter_misc":{"Escrito por":"Serafim Paredes"},"schema":{"@context":"https:\/\/schema.org","@graph":[{"@type":"Article","@id":"https:\/\/energie.pt\/es\/mundo-energie\/proyectos\/ampliacion-hotelera-30-habitaciones\/#article","isPartOf":{"@id":"https:\/\/energie.pt\/es\/mundo-energie\/proyectos\/ampliacion-hotelera-30-habitaciones\/"},"author":{"name":"Serafim Paredes","@id":"https:\/\/energie.pt\/es\/#\/schema\/person\/fbbc926447d5bcdd4272d1b2b459c176"},"headline":"AMPLIACI\u00d3N HOTELERA + 30 HABITACIONES","datePublished":"2018-04-10T09:22:00+00:00","dateModified":"2025-01-21T16:58:00+00:00","mainEntityOfPage":{"@id":"https:\/\/energie.pt\/es\/mundo-energie\/proyectos\/ampliacion-hotelera-30-habitaciones\/"},"wordCount":57,"publisher":{"@id":"https:\/\/energie.pt\/es\/#organization"},"image":{"@id":"https:\/\/energie.pt\/es\/mundo-energie\/proyectos\/ampliacion-hotelera-30-habitaciones\/#primaryimage"},"thumbnailUrl":"https:\/\/energie.pt\/wp-content\/uploads\/2018\/03\/fevereiro_marco_2018_case-study.jpg","articleSection":["Mundo Energie","Proyectos"],"inLanguage":"es"},{"@type":"WebPage","@id":"https:\/\/energie.pt\/es\/mundo-energie\/proyectos\/ampliacion-hotelera-30-habitaciones\/","url":"https:\/\/energie.pt\/es\/mundo-energie\/proyectos\/ampliacion-hotelera-30-habitaciones\/","name":"AMPLIACI\u00d3N HOTELERA + 30 HABITACIONES - ENERGIE EST, Lda.","isPartOf":{"@id":"https:\/\/energie.pt\/es\/#website"},"primaryImageOfPage":{"@id":"https:\/\/energie.pt\/es\/mundo-energie\/proyectos\/ampliacion-hotelera-30-habitaciones\/#primaryimage"},"image":{"@id":"https:\/\/energie.pt\/es\/mundo-energie\/proyectos\/ampliacion-hotelera-30-habitaciones\/#primaryimage"},"thumbnailUrl":"https:\/\/energie.pt\/wp-content\/uploads\/2018\/03\/fevereiro_marco_2018_case-study.jpg","datePublished":"2018-04-10T09:22:00+00:00","dateModified":"2025-01-21T16:58:00+00:00","breadcrumb":{"@id":"https:\/\/energie.pt\/es\/mundo-energie\/proyectos\/ampliacion-hotelera-30-habitaciones\/#breadcrumb"},"inLanguage":"es","potentialAction":[{"@type":"ReadAction","target":["https:\/\/energie.pt\/es\/mundo-energie\/proyectos\/ampliacion-hotelera-30-habitaciones\/"]}]},{"@type":"ImageObject","inLanguage":"es","@id":"https:\/\/energie.pt\/es\/mundo-energie\/proyectos\/ampliacion-hotelera-30-habitaciones\/#primaryimage","url":"https:\/\/energie.pt\/wp-content\/uploads\/2018\/03\/fevereiro_marco_2018_case-study.jpg","contentUrl":"https:\/\/energie.pt\/wp-content\/uploads\/2018\/03\/fevereiro_marco_2018_case-study.jpg","width":1567,"height":835},{"@type":"BreadcrumbList","@id":"https:\/\/energie.pt\/es\/mundo-energie\/proyectos\/ampliacion-hotelera-30-habitaciones\/#breadcrumb","itemListElement":[{"@type":"ListItem","position":1,"name":"P\u00e1gina principal","item":"https:\/\/energie.pt\/es\/"},{"@type":"ListItem","position":2,"name":"Mundo Energie","item":"https:\/\/energie.pt\/es\/category\/mundo-energie\/"},{"@type":"ListItem","position":3,"name":"Proyectos","item":"https:\/\/energie.pt\/es\/category\/mundo-energie\/proyectos\/"},{"@type":"ListItem","position":4,"name":"AMPLIACI\u00d3N HOTELERA + 30 HABITACIONES"}]},{"@type":"WebSite","@id":"https:\/\/energie.pt\/es\/#website","url":"https:\/\/energie.pt\/es\/","name":"ENERGIE","description":"Soluciones de Energ\u00eda Solar Termodin\u00e1mica, Climatizaci\u00f3n, Bombas de Calor y ACS","publisher":{"@id":"https:\/\/energie.pt\/es\/#organization"},"alternateName":"ENERGIE","potentialAction":[{"@type":"SearchAction","target":{"@type":"EntryPoint","urlTemplate":"https:\/\/energie.pt\/es\/?s={search_term_string}"},"query-input":"required name=search_term_string"}],"inLanguage":"es"},{"@type":"Organization","@id":"https:\/\/energie.pt\/es\/#organization","name":"Energie - Thermodynamic Solar Energy","alternateName":"Energie","url":"https:\/\/energie.pt\/es\/","logo":{"@type":"ImageObject","inLanguage":"es","@id":"https:\/\/energie.pt\/es\/#\/schema\/logo\/image\/","url":"https:\/\/energie.pt\/wp-content\/uploads\/2021\/06\/logo_energie.svg","contentUrl":"https:\/\/energie.pt\/wp-content\/uploads\/2021\/06\/logo_energie.svg","width":190,"height":55,"caption":"Energie - Thermodynamic Solar Energy"},"image":{"@id":"https:\/\/energie.pt\/es\/#\/schema\/logo\/image\/"},"sameAs":["https:\/\/www.facebook.com\/EnergiePortugalEst\/","https:\/\/www.instagram.com\/energieportugal\/","https:\/\/www.youtube.com\/channel\/UCnItbF_zm_YZ1tFqzUcVgPQ","https:\/\/www.linkedin.com\/company\/energieportugal\/"]},{"@type":"Person","@id":"https:\/\/energie.pt\/es\/#\/schema\/person\/fbbc926447d5bcdd4272d1b2b459c176","name":"Serafim Paredes","sameAs":["https:\/\/energie.pt\/"],"url":"https:\/\/energie.pt\/es\/author\/serafim\/"}]}},"_links":{"self":[{"href":"https:\/\/energie.pt\/es\/wp-json\/wp\/v2\/posts\/29320"}],"collection":[{"href":"https:\/\/energie.pt\/es\/wp-json\/wp\/v2\/posts"}],"about":[{"href":"https:\/\/energie.pt\/es\/wp-json\/wp\/v2\/types\/post"}],"author":[{"embeddable":true,"href":"https:\/\/energie.pt\/es\/wp-json\/wp\/v2\/users\/2"}],"replies":[{"embeddable":true,"href":"https:\/\/energie.pt\/es\/wp-json\/wp\/v2\/comments?post=29320"}],"version-history":[{"count":2,"href":"https:\/\/energie.pt\/es\/wp-json\/wp\/v2\/posts\/29320\/revisions"}],"predecessor-version":[{"id":29326,"href":"https:\/\/energie.pt\/es\/wp-json\/wp\/v2\/posts\/29320\/revisions\/29326"}],"wp:featuredmedia":[{"embeddable":true,"href":"https:\/\/energie.pt\/es\/wp-json\/wp\/v2\/media\/10441"}],"wp:attachment":[{"href":"https:\/\/energie.pt\/es\/wp-json\/wp\/v2\/media?parent=29320"}],"wp:term":[{"taxonomy":"category","embeddable":true,"href":"https:\/\/energie.pt\/es\/wp-json\/wp\/v2\/categories?post=29320"},{"taxonomy":"post_tag","embeddable":true,"href":"https:\/\/energie.pt\/es\/wp-json\/wp\/v2\/tags?post=29320"}],"curies":[{"name":"wp","href":"https:\/\/api.w.org\/{rel}","templated":true}]}}