{"id":30754,"date":"2016-10-13T11:09:50","date_gmt":"2016-10-13T11:09:50","guid":{"rendered":"https:\/\/energie.pt\/mundo-energie\/noticias\/asociacion-energie-plataforma-itecons-para-la-eficiencia-energetica-en-edificios\/"},"modified":"2025-01-24T12:06:29","modified_gmt":"2025-01-24T12:06:29","slug":"asociacion-energie-plataforma-itecons-para-la-eficiencia-energetica-en-edificios","status":"publish","type":"post","link":"https:\/\/energie.pt\/es\/mundo-energie\/noticias\/asociacion-energie-plataforma-itecons-para-la-eficiencia-energetica-en-edificios\/","title":{"rendered":"ASOCIACI\u00d3N ENERGIE | PLATAFORMA ITECONS PARA LA EFICIENCIA ENERG\u00c9TICA EN EDIFICIOS"},"content":{"rendered":"\n<p>Software EcoREN para el an\u00e1lisis del rendimiento energ\u00e9tico de los sistemas solares termodin\u00e1micos ENERGIE Tras la publicaci\u00f3n de la Orden n\u00ba 14985\/2015, el 17 de diciembre, se hizo posible estimar la contribuci\u00f3n renovable \u201cEren\u201d, as\u00ed como obtener el Qusable y el SPF, para bombas de calor , seg\u00fan norma EN 16147:2011. Se estableci\u00f3 as\u00ed la posibilidad de utilizar otros sistemas de energ\u00eda renovable como alternativa a los sistemas solares t\u00e9rmicos. En este sentido, est\u00e1 disponible la herramienta EcoREN, creada por LNEG, que permite contabilizar, para el clima portugu\u00e9s, la fracci\u00f3n de energ\u00eda renovable captada por el sistema solar termodin\u00e1mico ENERGIE, modelos ECO 200, ECO 250 y ECO 300 para la producci\u00f3n de Agua Caliente Sanitaria. (ACS). Esta herramienta es de uso gratuito, tanto a nivel individual como profesional.&#13;\n<\/p>\n\n<p><a href=\"http:\/\/www.itecons.uc.pt\/p3e\/\" target=\"_blank\" rel=\"noreferrer noopener\">http:\/\/www.itecons.uc.pt\/p3e\/<\/a><\/p>\n\n<p><\/p>\n","protected":false},"excerpt":{"rendered":"<p>Software EcoREN para el an\u00e1lisis del rendimiento energ\u00e9tico de los sistemas solares termodin\u00e1micos ENERGIE Tras la publicaci\u00f3n de la Orden n\u00ba 14985\/2015, el 17 de diciembre, se hizo posible estimar la contribuci\u00f3n renovable \u201cEren\u201d, as\u00ed como obtener el Qusable y el SPF, para bombas de calor , seg\u00fan norma EN 16147:2011. Se estableci\u00f3 as\u00ed la [&hellip;]<\/p>\n","protected":false},"author":3,"featured_media":11131,"comment_status":"open","ping_status":"closed","sticky":false,"template":"","format":"standard","meta":{"_acf_changed":false,"footnotes":""},"categories":[265,137],"tags":[],"class_list":["post-30754","post","type-post","status-publish","format-standard","has-post-thumbnail","hentry","category-mundo-energie","category-noticias"],"blocksy_meta":{"styles_descriptor":{"styles":{"desktop":"","tablet":"","mobile":""},"google_fonts":[],"version":6}},"acf":{"data_bimensal_da_noticia":"Octubre \/ 2016"},"cp_meta_data":{"_encloseme":["1"],"_yoast_wpseo_primary_category":["1"],"_wpml_media_duplicate":["1"],"_wpml_media_featured":["1"],"_data_bimensal_da_noticia":["field_627e65cc70022"],"_top_nav_excluded":[""],"_cms_nav_minihome":[""],"_wp_page_template":["default"],"data_bimensal_da_noticia":["Octubre \/ 2016"],"blocksy_post_meta_options":["a:1:{s:17:\"styles_descriptor\";a:3:{s:6:\"styles\";a:3:{s:7:\"desktop\";s:0:\"\";s:6:\"tablet\";s:0:\"\";s:6:\"mobile\";s:0:\"\";}s:12:\"google_fonts\";a:0:{}s:7:\"version\";i:6;}}"],"_thumbnail_id":["11131"],"stackable_optimized_css":[""],"stackable_optimized_css_raw":["a:0:{}"],"_last_translation_edit_mode":["translation-editor"]},"yoast_head":"<!-- This site is optimized with the Yoast SEO plugin v22.8 - https:\/\/yoast.com\/wordpress\/plugins\/seo\/ -->\r\n<title>ASOCIACI\u00d3N ENERGIE | PLATAFORMA ITECONS PARA LA EFICIENCIA ENERG\u00c9TICA EN EDIFICIOS - ENERGIE EST, Lda.<\/title>\r\n<meta name=\"robots\" content=\"index, follow, max-snippet:-1, max-image-preview:large, max-video-preview:-1\" \/>\r\n<link rel=\"canonical\" href=\"https:\/\/energie.pt\/es\/mundo-energie\/noticias\/asociacion-energie-plataforma-itecons-para-la-eficiencia-energetica-en-edificios\/\" \/>\r\n<meta property=\"og:locale\" content=\"es_ES\" \/>\r\n<meta property=\"og:type\" content=\"article\" \/>\r\n<meta property=\"og:title\" content=\"ASOCIACI\u00d3N ENERGIE | PLATAFORMA ITECONS PARA LA EFICIENCIA ENERG\u00c9TICA EN EDIFICIOS - ENERGIE EST, Lda.\" \/>\r\n<meta property=\"og:description\" content=\"Software EcoREN para el an\u00e1lisis del rendimiento energ\u00e9tico de los sistemas solares termodin\u00e1micos ENERGIE Tras la publicaci\u00f3n de la Orden n\u00ba 14985\/2015, el 17 de diciembre, se hizo posible estimar la contribuci\u00f3n renovable \u201cEren\u201d, as\u00ed como obtener el Qusable y el SPF, para bombas de calor , seg\u00fan norma EN 16147:2011. Se estableci\u00f3 as\u00ed la [&hellip;]\" \/>\r\n<meta property=\"og:url\" content=\"https:\/\/energie.pt\/es\/mundo-energie\/noticias\/asociacion-energie-plataforma-itecons-para-la-eficiencia-energetica-en-edificios\/\" \/>\r\n<meta property=\"og:site_name\" content=\"ENERGIE EST, Lda.\" \/>\r\n<meta property=\"article:publisher\" content=\"https:\/\/www.facebook.com\/EnergiePortugalEst\/\" \/>\r\n<meta property=\"article:published_time\" content=\"2016-10-13T11:09:50+00:00\" \/>\r\n<meta property=\"article:modified_time\" content=\"2025-01-24T12:06:29+00:00\" \/>\r\n<meta property=\"og:image\" content=\"https:\/\/energie.pt\/wp-content\/uploads\/2016\/10\/noticias-01.jpg\" \/>\r\n\t<meta property=\"og:image:width\" content=\"1611\" \/>\r\n\t<meta property=\"og:image:height\" content=\"873\" \/>\r\n\t<meta property=\"og:image:type\" content=\"image\/jpeg\" \/>\r\n<meta name=\"author\" content=\"catiarocha\" \/>\r\n<meta name=\"twitter:card\" content=\"summary_large_image\" \/>\r\n<meta name=\"twitter:label1\" content=\"Escrito por\" \/>\n\t<meta name=\"twitter:data1\" content=\"catiarocha\" \/>\n\t<meta name=\"twitter:label2\" content=\"Tiempo de lectura\" \/>\n\t<meta name=\"twitter:data2\" content=\"1 minuto\" \/>\r\n<script type=\"application\/ld+json\" class=\"yoast-schema-graph\">{\"@context\":\"https:\/\/schema.org\",\"@graph\":[{\"@type\":\"Article\",\"@id\":\"https:\/\/energie.pt\/es\/mundo-energie\/noticias\/asociacion-energie-plataforma-itecons-para-la-eficiencia-energetica-en-edificios\/#article\",\"isPartOf\":{\"@id\":\"https:\/\/energie.pt\/es\/mundo-energie\/noticias\/asociacion-energie-plataforma-itecons-para-la-eficiencia-energetica-en-edificios\/\"},\"author\":{\"name\":\"catiarocha\",\"@id\":\"https:\/\/energie.pt\/es\/#\/schema\/person\/db40e6f91190f7c107f522c91d27873d\"},\"headline\":\"ASOCIACI\u00d3N ENERGIE | PLATAFORMA ITECONS PARA LA EFICIENCIA ENERG\u00c9TICA EN EDIFICIOS\",\"datePublished\":\"2016-10-13T11:09:50+00:00\",\"dateModified\":\"2025-01-24T12:06:29+00:00\",\"mainEntityOfPage\":{\"@id\":\"https:\/\/energie.pt\/es\/mundo-energie\/noticias\/asociacion-energie-plataforma-itecons-para-la-eficiencia-energetica-en-edificios\/\"},\"wordCount\":153,\"commentCount\":0,\"publisher\":{\"@id\":\"https:\/\/energie.pt\/es\/#organization\"},\"image\":{\"@id\":\"https:\/\/energie.pt\/es\/mundo-energie\/noticias\/asociacion-energie-plataforma-itecons-para-la-eficiencia-energetica-en-edificios\/#primaryimage\"},\"thumbnailUrl\":\"https:\/\/energie.pt\/wp-content\/uploads\/2016\/10\/noticias-01.jpg\",\"articleSection\":[\"Mundo Energie\",\"Noticias\"],\"inLanguage\":\"es\",\"potentialAction\":[{\"@type\":\"CommentAction\",\"name\":\"Comment\",\"target\":[\"https:\/\/energie.pt\/es\/mundo-energie\/noticias\/asociacion-energie-plataforma-itecons-para-la-eficiencia-energetica-en-edificios\/#respond\"]}]},{\"@type\":\"WebPage\",\"@id\":\"https:\/\/energie.pt\/es\/mundo-energie\/noticias\/asociacion-energie-plataforma-itecons-para-la-eficiencia-energetica-en-edificios\/\",\"url\":\"https:\/\/energie.pt\/es\/mundo-energie\/noticias\/asociacion-energie-plataforma-itecons-para-la-eficiencia-energetica-en-edificios\/\",\"name\":\"ASOCIACI\u00d3N ENERGIE | PLATAFORMA ITECONS PARA LA EFICIENCIA ENERG\u00c9TICA EN EDIFICIOS - ENERGIE EST, Lda.\",\"isPartOf\":{\"@id\":\"https:\/\/energie.pt\/es\/#website\"},\"primaryImageOfPage\":{\"@id\":\"https:\/\/energie.pt\/es\/mundo-energie\/noticias\/asociacion-energie-plataforma-itecons-para-la-eficiencia-energetica-en-edificios\/#primaryimage\"},\"image\":{\"@id\":\"https:\/\/energie.pt\/es\/mundo-energie\/noticias\/asociacion-energie-plataforma-itecons-para-la-eficiencia-energetica-en-edificios\/#primaryimage\"},\"thumbnailUrl\":\"https:\/\/energie.pt\/wp-content\/uploads\/2016\/10\/noticias-01.jpg\",\"datePublished\":\"2016-10-13T11:09:50+00:00\",\"dateModified\":\"2025-01-24T12:06:29+00:00\",\"breadcrumb\":{\"@id\":\"https:\/\/energie.pt\/es\/mundo-energie\/noticias\/asociacion-energie-plataforma-itecons-para-la-eficiencia-energetica-en-edificios\/#breadcrumb\"},\"inLanguage\":\"es\",\"potentialAction\":[{\"@type\":\"ReadAction\",\"target\":[\"https:\/\/energie.pt\/es\/mundo-energie\/noticias\/asociacion-energie-plataforma-itecons-para-la-eficiencia-energetica-en-edificios\/\"]}]},{\"@type\":\"ImageObject\",\"inLanguage\":\"es\",\"@id\":\"https:\/\/energie.pt\/es\/mundo-energie\/noticias\/asociacion-energie-plataforma-itecons-para-la-eficiencia-energetica-en-edificios\/#primaryimage\",\"url\":\"https:\/\/energie.pt\/wp-content\/uploads\/2016\/10\/noticias-01.jpg\",\"contentUrl\":\"https:\/\/energie.pt\/wp-content\/uploads\/2016\/10\/noticias-01.jpg\",\"width\":1611,\"height\":873},{\"@type\":\"BreadcrumbList\",\"@id\":\"https:\/\/energie.pt\/es\/mundo-energie\/noticias\/asociacion-energie-plataforma-itecons-para-la-eficiencia-energetica-en-edificios\/#breadcrumb\",\"itemListElement\":[{\"@type\":\"ListItem\",\"position\":1,\"name\":\"P\u00e1gina principal\",\"item\":\"https:\/\/energie.pt\/es\/\"},{\"@type\":\"ListItem\",\"position\":2,\"name\":\"Mundo Energie\",\"item\":\"https:\/\/energie.pt\/es\/category\/mundo-energie\/\"},{\"@type\":\"ListItem\",\"position\":3,\"name\":\"Noticias\",\"item\":\"https:\/\/energie.pt\/es\/category\/mundo-energie\/noticias\/\"},{\"@type\":\"ListItem\",\"position\":4,\"name\":\"ASOCIACI\u00d3N ENERGIE | PLATAFORMA ITECONS PARA LA EFICIENCIA ENERG\u00c9TICA EN EDIFICIOS\"}]},{\"@type\":\"WebSite\",\"@id\":\"https:\/\/energie.pt\/es\/#website\",\"url\":\"https:\/\/energie.pt\/es\/\",\"name\":\"ENERGIE\",\"description\":\"Soluciones de Energ\u00eda Solar Termodin\u00e1mica, Climatizaci\u00f3n, Bombas de Calor y ACS\",\"publisher\":{\"@id\":\"https:\/\/energie.pt\/es\/#organization\"},\"alternateName\":\"ENERGIE\",\"potentialAction\":[{\"@type\":\"SearchAction\",\"target\":{\"@type\":\"EntryPoint\",\"urlTemplate\":\"https:\/\/energie.pt\/es\/?s={search_term_string}\"},\"query-input\":\"required name=search_term_string\"}],\"inLanguage\":\"es\"},{\"@type\":\"Organization\",\"@id\":\"https:\/\/energie.pt\/es\/#organization\",\"name\":\"Energie - Thermodynamic Solar Energy\",\"alternateName\":\"Energie\",\"url\":\"https:\/\/energie.pt\/es\/\",\"logo\":{\"@type\":\"ImageObject\",\"inLanguage\":\"es\",\"@id\":\"https:\/\/energie.pt\/es\/#\/schema\/logo\/image\/\",\"url\":\"https:\/\/energie.pt\/wp-content\/uploads\/2021\/06\/logo_energie.svg\",\"contentUrl\":\"https:\/\/energie.pt\/wp-content\/uploads\/2021\/06\/logo_energie.svg\",\"width\":190,\"height\":55,\"caption\":\"Energie - Thermodynamic Solar Energy\"},\"image\":{\"@id\":\"https:\/\/energie.pt\/es\/#\/schema\/logo\/image\/\"},\"sameAs\":[\"https:\/\/www.facebook.com\/EnergiePortugalEst\/\",\"https:\/\/www.instagram.com\/energieportugal\/\",\"https:\/\/www.youtube.com\/channel\/UCnItbF_zm_YZ1tFqzUcVgPQ\",\"https:\/\/www.linkedin.com\/company\/energieportugal\/\"]},{\"@type\":\"Person\",\"@id\":\"https:\/\/energie.pt\/es\/#\/schema\/person\/db40e6f91190f7c107f522c91d27873d\",\"name\":\"catiarocha\",\"sameAs\":[\"https:\/\/energie.pt\/\"],\"url\":\"https:\/\/energie.pt\/es\/author\/catiarocha\/\"}]}<\/script>\r\n<!-- \/ Yoast SEO plugin. -->","yoast_head_json":{"title":"ASOCIACI\u00d3N ENERGIE | PLATAFORMA ITECONS PARA LA EFICIENCIA ENERG\u00c9TICA EN EDIFICIOS - ENERGIE EST, Lda.","robots":{"index":"index","follow":"follow","max-snippet":"max-snippet:-1","max-image-preview":"max-image-preview:large","max-video-preview":"max-video-preview:-1"},"canonical":"https:\/\/energie.pt\/es\/mundo-energie\/noticias\/asociacion-energie-plataforma-itecons-para-la-eficiencia-energetica-en-edificios\/","og_locale":"es_ES","og_type":"article","og_title":"ASOCIACI\u00d3N ENERGIE | PLATAFORMA ITECONS PARA LA EFICIENCIA ENERG\u00c9TICA EN EDIFICIOS - ENERGIE EST, Lda.","og_description":"Software EcoREN para el an\u00e1lisis del rendimiento energ\u00e9tico de los sistemas solares termodin\u00e1micos ENERGIE Tras la publicaci\u00f3n de la Orden n\u00ba 14985\/2015, el 17 de diciembre, se hizo posible estimar la contribuci\u00f3n renovable \u201cEren\u201d, as\u00ed como obtener el Qusable y el SPF, para bombas de calor , seg\u00fan norma EN 16147:2011. Se estableci\u00f3 as\u00ed la [&hellip;]","og_url":"https:\/\/energie.pt\/es\/mundo-energie\/noticias\/asociacion-energie-plataforma-itecons-para-la-eficiencia-energetica-en-edificios\/","og_site_name":"ENERGIE EST, Lda.","article_publisher":"https:\/\/www.facebook.com\/EnergiePortugalEst\/","article_published_time":"2016-10-13T11:09:50+00:00","article_modified_time":"2025-01-24T12:06:29+00:00","og_image":[{"width":1611,"height":873,"url":"https:\/\/energie.pt\/wp-content\/uploads\/2016\/10\/noticias-01.jpg","type":"image\/jpeg"}],"author":"catiarocha","twitter_card":"summary_large_image","twitter_misc":{"Escrito por":"catiarocha","Tiempo de lectura":"1 minuto"},"schema":{"@context":"https:\/\/schema.org","@graph":[{"@type":"Article","@id":"https:\/\/energie.pt\/es\/mundo-energie\/noticias\/asociacion-energie-plataforma-itecons-para-la-eficiencia-energetica-en-edificios\/#article","isPartOf":{"@id":"https:\/\/energie.pt\/es\/mundo-energie\/noticias\/asociacion-energie-plataforma-itecons-para-la-eficiencia-energetica-en-edificios\/"},"author":{"name":"catiarocha","@id":"https:\/\/energie.pt\/es\/#\/schema\/person\/db40e6f91190f7c107f522c91d27873d"},"headline":"ASOCIACI\u00d3N ENERGIE | PLATAFORMA ITECONS PARA LA EFICIENCIA ENERG\u00c9TICA EN EDIFICIOS","datePublished":"2016-10-13T11:09:50+00:00","dateModified":"2025-01-24T12:06:29+00:00","mainEntityOfPage":{"@id":"https:\/\/energie.pt\/es\/mundo-energie\/noticias\/asociacion-energie-plataforma-itecons-para-la-eficiencia-energetica-en-edificios\/"},"wordCount":153,"commentCount":0,"publisher":{"@id":"https:\/\/energie.pt\/es\/#organization"},"image":{"@id":"https:\/\/energie.pt\/es\/mundo-energie\/noticias\/asociacion-energie-plataforma-itecons-para-la-eficiencia-energetica-en-edificios\/#primaryimage"},"thumbnailUrl":"https:\/\/energie.pt\/wp-content\/uploads\/2016\/10\/noticias-01.jpg","articleSection":["Mundo Energie","Noticias"],"inLanguage":"es","potentialAction":[{"@type":"CommentAction","name":"Comment","target":["https:\/\/energie.pt\/es\/mundo-energie\/noticias\/asociacion-energie-plataforma-itecons-para-la-eficiencia-energetica-en-edificios\/#respond"]}]},{"@type":"WebPage","@id":"https:\/\/energie.pt\/es\/mundo-energie\/noticias\/asociacion-energie-plataforma-itecons-para-la-eficiencia-energetica-en-edificios\/","url":"https:\/\/energie.pt\/es\/mundo-energie\/noticias\/asociacion-energie-plataforma-itecons-para-la-eficiencia-energetica-en-edificios\/","name":"ASOCIACI\u00d3N ENERGIE | PLATAFORMA ITECONS PARA LA EFICIENCIA ENERG\u00c9TICA EN EDIFICIOS - ENERGIE EST, Lda.","isPartOf":{"@id":"https:\/\/energie.pt\/es\/#website"},"primaryImageOfPage":{"@id":"https:\/\/energie.pt\/es\/mundo-energie\/noticias\/asociacion-energie-plataforma-itecons-para-la-eficiencia-energetica-en-edificios\/#primaryimage"},"image":{"@id":"https:\/\/energie.pt\/es\/mundo-energie\/noticias\/asociacion-energie-plataforma-itecons-para-la-eficiencia-energetica-en-edificios\/#primaryimage"},"thumbnailUrl":"https:\/\/energie.pt\/wp-content\/uploads\/2016\/10\/noticias-01.jpg","datePublished":"2016-10-13T11:09:50+00:00","dateModified":"2025-01-24T12:06:29+00:00","breadcrumb":{"@id":"https:\/\/energie.pt\/es\/mundo-energie\/noticias\/asociacion-energie-plataforma-itecons-para-la-eficiencia-energetica-en-edificios\/#breadcrumb"},"inLanguage":"es","potentialAction":[{"@type":"ReadAction","target":["https:\/\/energie.pt\/es\/mundo-energie\/noticias\/asociacion-energie-plataforma-itecons-para-la-eficiencia-energetica-en-edificios\/"]}]},{"@type":"ImageObject","inLanguage":"es","@id":"https:\/\/energie.pt\/es\/mundo-energie\/noticias\/asociacion-energie-plataforma-itecons-para-la-eficiencia-energetica-en-edificios\/#primaryimage","url":"https:\/\/energie.pt\/wp-content\/uploads\/2016\/10\/noticias-01.jpg","contentUrl":"https:\/\/energie.pt\/wp-content\/uploads\/2016\/10\/noticias-01.jpg","width":1611,"height":873},{"@type":"BreadcrumbList","@id":"https:\/\/energie.pt\/es\/mundo-energie\/noticias\/asociacion-energie-plataforma-itecons-para-la-eficiencia-energetica-en-edificios\/#breadcrumb","itemListElement":[{"@type":"ListItem","position":1,"name":"P\u00e1gina principal","item":"https:\/\/energie.pt\/es\/"},{"@type":"ListItem","position":2,"name":"Mundo Energie","item":"https:\/\/energie.pt\/es\/category\/mundo-energie\/"},{"@type":"ListItem","position":3,"name":"Noticias","item":"https:\/\/energie.pt\/es\/category\/mundo-energie\/noticias\/"},{"@type":"ListItem","position":4,"name":"ASOCIACI\u00d3N ENERGIE | PLATAFORMA ITECONS PARA LA EFICIENCIA ENERG\u00c9TICA EN EDIFICIOS"}]},{"@type":"WebSite","@id":"https:\/\/energie.pt\/es\/#website","url":"https:\/\/energie.pt\/es\/","name":"ENERGIE","description":"Soluciones de Energ\u00eda Solar Termodin\u00e1mica, Climatizaci\u00f3n, Bombas de Calor y ACS","publisher":{"@id":"https:\/\/energie.pt\/es\/#organization"},"alternateName":"ENERGIE","potentialAction":[{"@type":"SearchAction","target":{"@type":"EntryPoint","urlTemplate":"https:\/\/energie.pt\/es\/?s={search_term_string}"},"query-input":"required name=search_term_string"}],"inLanguage":"es"},{"@type":"Organization","@id":"https:\/\/energie.pt\/es\/#organization","name":"Energie - Thermodynamic Solar Energy","alternateName":"Energie","url":"https:\/\/energie.pt\/es\/","logo":{"@type":"ImageObject","inLanguage":"es","@id":"https:\/\/energie.pt\/es\/#\/schema\/logo\/image\/","url":"https:\/\/energie.pt\/wp-content\/uploads\/2021\/06\/logo_energie.svg","contentUrl":"https:\/\/energie.pt\/wp-content\/uploads\/2021\/06\/logo_energie.svg","width":190,"height":55,"caption":"Energie - Thermodynamic Solar Energy"},"image":{"@id":"https:\/\/energie.pt\/es\/#\/schema\/logo\/image\/"},"sameAs":["https:\/\/www.facebook.com\/EnergiePortugalEst\/","https:\/\/www.instagram.com\/energieportugal\/","https:\/\/www.youtube.com\/channel\/UCnItbF_zm_YZ1tFqzUcVgPQ","https:\/\/www.linkedin.com\/company\/energieportugal\/"]},{"@type":"Person","@id":"https:\/\/energie.pt\/es\/#\/schema\/person\/db40e6f91190f7c107f522c91d27873d","name":"catiarocha","sameAs":["https:\/\/energie.pt\/"],"url":"https:\/\/energie.pt\/es\/author\/catiarocha\/"}]}},"_links":{"self":[{"href":"https:\/\/energie.pt\/es\/wp-json\/wp\/v2\/posts\/30754"}],"collection":[{"href":"https:\/\/energie.pt\/es\/wp-json\/wp\/v2\/posts"}],"about":[{"href":"https:\/\/energie.pt\/es\/wp-json\/wp\/v2\/types\/post"}],"author":[{"embeddable":true,"href":"https:\/\/energie.pt\/es\/wp-json\/wp\/v2\/users\/3"}],"replies":[{"embeddable":true,"href":"https:\/\/energie.pt\/es\/wp-json\/wp\/v2\/comments?post=30754"}],"version-history":[{"count":1,"href":"https:\/\/energie.pt\/es\/wp-json\/wp\/v2\/posts\/30754\/revisions"}],"predecessor-version":[{"id":30755,"href":"https:\/\/energie.pt\/es\/wp-json\/wp\/v2\/posts\/30754\/revisions\/30755"}],"wp:featuredmedia":[{"embeddable":true,"href":"https:\/\/energie.pt\/es\/wp-json\/wp\/v2\/media\/11131"}],"wp:attachment":[{"href":"https:\/\/energie.pt\/es\/wp-json\/wp\/v2\/media?parent=30754"}],"wp:term":[{"taxonomy":"category","embeddable":true,"href":"https:\/\/energie.pt\/es\/wp-json\/wp\/v2\/categories?post=30754"},{"taxonomy":"post_tag","embeddable":true,"href":"https:\/\/energie.pt\/es\/wp-json\/wp\/v2\/tags?post=30754"}],"curies":[{"name":"wp","href":"https:\/\/api.w.org\/{rel}","templated":true}]}}