{"id":32789,"date":"2025-10-14T10:48:04","date_gmt":"2025-10-14T10:48:04","guid":{"rendered":"https:\/\/energie.pt\/mundo-energie\/noticias\/obra-de-referencia-hogar-de-mayores\/"},"modified":"2025-10-22T11:27:23","modified_gmt":"2025-10-22T11:27:23","slug":"obra-de-referencia-hogar-de-mayores","status":"publish","type":"post","link":"https:\/\/energie.pt\/es\/mundo-energie\/obra-de-referencia-hogar-de-mayores\/","title":{"rendered":"OBRA DE REFERENCIA \u2013 HOGAR DE MAYORES"},"content":{"rendered":"\n<div class=\"wp-block-stackable-columns stk-block-columns stk-block stk-ebacdbd\" data-block-id=\"ebacdbd\"><div class=\"stk-row stk-inner-blocks stk-block-content stk-content-align stk-ebacdbd-column\">\n<div class=\"wp-block-stackable-column stk-block-column stk-column stk-block stk-306e28e\" data-v=\"4\" data-block-id=\"306e28e\"><div class=\"stk-column-wrapper stk-block-column__content stk-container stk-306e28e-container stk--no-background stk--no-padding\"><div class=\"stk-block-content stk-inner-blocks stk-306e28e-inner-blocks\">\n<div class=\"wp-block-stackable-columns stk-block-columns stk-block stk-ba99fd4\" data-block-id=\"ba99fd4\"><div class=\"stk-row stk-inner-blocks stk-block-content stk-content-align stk-ba99fd4-column\">\n<div class=\"wp-block-stackable-column stk-block-column stk-column stk-block stk-70e43dd\" data-v=\"4\" data-block-id=\"70e43dd\"><style>@media screen and (min-width:768px){.stk-70e43dd{flex:var(--stk-flex-grow,1) 1 calc(68.5% - var(--stk-column-gap,0px) * 1 \/ 2 ) !important}}<\/style><div class=\"stk-column-wrapper stk-block-column__content stk-container stk-70e43dd-container stk--no-background stk--no-padding\"><div class=\"stk-block-content stk-inner-blocks stk-70e43dd-inner-blocks\">\n<figure class=\"wp-block-gallery has-nested-images columns-default is-cropped wp-block-gallery-1 is-layout-flex wp-block-gallery-is-layout-flex\">\n<figure class=\"wp-block-image size-large\"><img loading=\"lazy\" decoding=\"async\" width=\"1024\" height=\"683\" src=\"https:\/\/energie.pt\/wp-content\/uploads\/2025\/10\/LAR-IDOSOS_INVERTER-14HT_1-1024x683.jpeg\" alt=\"\" class=\"wp-image-32767\" srcset=\"https:\/\/energie.pt\/wp-content\/uploads\/2025\/10\/LAR-IDOSOS_INVERTER-14HT_1-1024x683.jpeg 1024w, https:\/\/energie.pt\/wp-content\/uploads\/2025\/10\/LAR-IDOSOS_INVERTER-14HT_1-300x200.jpeg 300w, https:\/\/energie.pt\/wp-content\/uploads\/2025\/10\/LAR-IDOSOS_INVERTER-14HT_1-768x512.jpeg 768w, https:\/\/energie.pt\/wp-content\/uploads\/2025\/10\/LAR-IDOSOS_INVERTER-14HT_1-1536x1024.jpeg 1536w, https:\/\/energie.pt\/wp-content\/uploads\/2025\/10\/LAR-IDOSOS_INVERTER-14HT_1-2048x1365.jpeg 2048w\" sizes=\"(max-width: 1024px) 100vw, 1024px\" \/><\/figure>\n<\/figure>\n<\/div><\/div><\/div>\n\n\n\n<div class=\"wp-block-stackable-column stk-block-column stk-column stk-block stk-02aa6b1\" data-v=\"4\" data-block-id=\"02aa6b1\"><style>@media screen and (min-width:768px){.stk-02aa6b1{flex:var(--stk-flex-grow,1) 1 calc(31.5% - var(--stk-column-gap,0px) * 1 \/ 2 ) !important}}<\/style><div class=\"stk-column-wrapper stk-block-column__content stk-container stk-02aa6b1-container stk--no-background stk--no-padding\"><div class=\"stk-block-content stk-inner-blocks stk-02aa6b1-inner-blocks\">\n<figure class=\"wp-block-gallery has-nested-images columns-default is-cropped wp-block-gallery-2 is-layout-flex wp-block-gallery-is-layout-flex\">\n<figure class=\"wp-block-image size-large\"><img loading=\"lazy\" decoding=\"async\" width=\"683\" height=\"1024\" src=\"https:\/\/energie.pt\/wp-content\/uploads\/2025\/10\/LAR-IDOSOS_INVERTER-14HT_2_1-683x1024.jpg\" alt=\"\" class=\"wp-image-32777\" srcset=\"https:\/\/energie.pt\/wp-content\/uploads\/2025\/10\/LAR-IDOSOS_INVERTER-14HT_2_1-683x1024.jpg 683w, https:\/\/energie.pt\/wp-content\/uploads\/2025\/10\/LAR-IDOSOS_INVERTER-14HT_2_1-200x300.jpg 200w, https:\/\/energie.pt\/wp-content\/uploads\/2025\/10\/LAR-IDOSOS_INVERTER-14HT_2_1-768x1152.jpg 768w, https:\/\/energie.pt\/wp-content\/uploads\/2025\/10\/LAR-IDOSOS_INVERTER-14HT_2_1.jpg 832w\" sizes=\"(max-width: 683px) 100vw, 683px\" \/><\/figure>\n<\/figure>\n<\/div><\/div><\/div>\n<\/div><\/div>\n<\/div><\/div><\/div>\n<\/div><\/div>\n\n<p>ENERGIE, en colaboraci\u00f3n con el instalador autorizado Fernando Pimenta, Lda., implement\u00f3 una soluci\u00f3n eficiente de Agua Caliente Sanitaria (ACS) y Calefacci\u00f3n Central en el Hogar de Mayores del Centro Social e Parroquial de Cardielos, en Viana do Castelo. Se instalaron dos Bombas de Calor de \u00faltima generaci\u00f3n AQUAPURA INVERTER 14HT-T, que utilizan el refrigerante natural R290, garantizando confort t\u00e9rmico durante todo el a\u00f1o y reduciendo significativamente el consumo energ\u00e9tico en comparaci\u00f3n con las antiguas calderas.<\/p>\n\n<p>Las Bombas de Calor AQUAPURA INVERTER X14HT-T destacan por su alta eficiencia estacional, ajustando autom\u00e1ticamente la potencia a las necesidades reales del edificio, lo que permite optimizar el consumo de energ\u00eda y asegurar una calefacci\u00f3n constante y estable. El sistema aprovech\u00f3 tambi\u00e9n los dep\u00f3sitos existentes de 500\u202fl y la instalaci\u00f3n solar t\u00e9rmica, maximizando la eficiencia global.<\/p>\n\n<p>El hogar, con 21 camas, est\u00e1 ahora totalmente preparado para proporcionar confort y bienestar a sus residentes, benefici\u00e1ndose de una soluci\u00f3n energ\u00e9tica moderna, sostenible y fiable, de ENERGIE.<\/p>\n\n<p>Foto cedida amablemente por nuestro socio #FernandoPimenta<\/p>\n\n<p><\/p>\n","protected":false},"excerpt":{"rendered":"<p>ENERGIE, en colaboraci\u00f3n con el instalador autorizado Fernando Pimenta, Lda., implement\u00f3 una soluci\u00f3n eficiente de Agua Caliente Sanitaria (ACS) y Calefacci\u00f3n Central en el Hogar de Mayores del Centro Social e Parroquial de Cardielos, en Viana do Castelo. Se instalaron dos Bombas de Calor de \u00faltima generaci\u00f3n AQUAPURA INVERTER 14HT-T, que utilizan el refrigerante natural [&hellip;]<\/p>\n","protected":false},"author":2,"featured_media":32758,"comment_status":"closed","ping_status":"closed","sticky":false,"template":"","format":"standard","meta":{"_acf_changed":false,"footnotes":""},"categories":[265,137],"tags":[],"class_list":["post-32789","post","type-post","status-publish","format-standard","has-post-thumbnail","hentry","category-mundo-energie","category-noticias"],"blocksy_meta":{"disable_featured_image":"yes","styles_descriptor":{"styles":{"desktop":"","tablet":"","mobile":""},"google_fonts":[],"version":6}},"acf":{"data_bimensal_da_noticia":"SEPTIEMBRE | OCTUBRE \/2025"},"cp_meta_data":{"_wpml_media_duplicate":["1"],"_wpml_media_featured":["1"],"_data_bimensal_da_noticia":["field_627e65cc70022"],"_top_nav_excluded":[""],"_cms_nav_minihome":[""],"data_bimensal_da_noticia":["SEPTIEMBRE | OCTUBRE \/2025"],"blocksy_post_meta_options":["a:2:{s:22:\"disable_featured_image\";s:3:\"yes\";s:17:\"styles_descriptor\";a:3:{s:6:\"styles\";a:3:{s:7:\"desktop\";s:0:\"\";s:6:\"tablet\";s:0:\"\";s:6:\"mobile\";s:0:\"\";}s:12:\"google_fonts\";a:0:{}s:7:\"version\";i:6;}}"],"_thumbnail_id":["32758"],"stackable_optimized_css":["@media screen and (min-width:768px){.stk-70e43dd{flex:var(--stk-flex-grow,1) 1 calc(68.5% - var(--stk-column-gap,0px) * 1 \/ 2 ) !important}.stk-02aa6b1{flex:var(--stk-flex-grow,1) 1 calc(31.5% - var(--stk-column-gap,0px) * 1 \/ 2 ) !important}}"],"stackable_optimized_css_raw":["a:2:{s:7:\"70e43dd\";a:1:{i:0;a:2:{i:0;s:155:\"<style>@media screen and (min-width:768px){.stk-70e43dd{flex:var(--stk-flex-grow,1) 1 calc(68.5% - var(--stk-column-gap,0px) * 1 \/ 2 ) !important}}<\/style>\";i:1;s:140:\"@media screen and (min-width:768px){.stk-70e43dd{flex:var(--stk-flex-grow,1) 1 calc(68.5% - var(--stk-column-gap,0px) * 1 \/ 2 ) !important}}\";}}s:7:\"02aa6b1\";a:1:{i:0;a:2:{i:0;s:155:\"<style>@media screen and (min-width:768px){.stk-02aa6b1{flex:var(--stk-flex-grow,1) 1 calc(31.5% - var(--stk-column-gap,0px) * 1 \/ 2 ) !important}}<\/style>\";i:1;s:140:\"@media screen and (min-width:768px){.stk-02aa6b1{flex:var(--stk-flex-grow,1) 1 calc(31.5% - var(--stk-column-gap,0px) * 1 \/ 2 ) !important}}\";}}}"],"_wpml_media_has_media":["1"],"_last_translation_edit_mode":["translation-editor"],"_edit_last":["2"],"_encloseme":["1"],"_edit_lock":["1761132410:2"],"_yoast_wpseo_primary_category":["130"]},"yoast_head":"<!-- This site is optimized with the Yoast SEO plugin v22.8 - https:\/\/yoast.com\/wordpress\/plugins\/seo\/ -->\r\n<title>OBRA DE REFERENCIA \u2013 HOGAR DE MAYORES - ENERGIE EST, Lda.<\/title>\r\n<meta name=\"robots\" content=\"index, follow, max-snippet:-1, max-image-preview:large, max-video-preview:-1\" \/>\r\n<link rel=\"canonical\" href=\"https:\/\/energie.pt\/es\/mundo-energie\/obra-de-referencia-hogar-de-mayores\/\" \/>\r\n<meta property=\"og:locale\" content=\"es_ES\" \/>\r\n<meta property=\"og:type\" content=\"article\" \/>\r\n<meta property=\"og:title\" content=\"OBRA DE REFERENCIA \u2013 HOGAR DE MAYORES - ENERGIE EST, Lda.\" \/>\r\n<meta property=\"og:description\" content=\"ENERGIE, en colaboraci\u00f3n con el instalador autorizado Fernando Pimenta, Lda., implement\u00f3 una soluci\u00f3n eficiente de Agua Caliente Sanitaria (ACS) y Calefacci\u00f3n Central en el Hogar de Mayores del Centro Social e Parroquial de Cardielos, en Viana do Castelo. Se instalaron dos Bombas de Calor de \u00faltima generaci\u00f3n AQUAPURA INVERTER 14HT-T, que utilizan el refrigerante natural [&hellip;]\" \/>\r\n<meta property=\"og:url\" content=\"https:\/\/energie.pt\/es\/mundo-energie\/obra-de-referencia-hogar-de-mayores\/\" \/>\r\n<meta property=\"og:site_name\" content=\"ENERGIE EST, Lda.\" \/>\r\n<meta property=\"article:publisher\" content=\"https:\/\/www.facebook.com\/EnergiePortugalEst\/\" \/>\r\n<meta property=\"article:published_time\" content=\"2025-10-14T10:48:04+00:00\" \/>\r\n<meta property=\"article:modified_time\" content=\"2025-10-22T11:27:23+00:00\" \/>\r\n<meta property=\"og:image\" content=\"https:\/\/energie.pt\/wp-content\/uploads\/2025\/10\/SET_OUT_obra_referencia_lar_idosos-1024x543.png\" \/>\r\n\t<meta property=\"og:image:width\" content=\"1024\" \/>\r\n\t<meta property=\"og:image:height\" content=\"543\" \/>\r\n\t<meta property=\"og:image:type\" content=\"image\/png\" \/>\r\n<meta name=\"author\" content=\"Serafim Paredes\" \/>\r\n<meta name=\"twitter:card\" content=\"summary_large_image\" \/>\r\n<meta name=\"twitter:label1\" content=\"Escrito por\" \/>\n\t<meta name=\"twitter:data1\" content=\"Serafim Paredes\" \/>\n\t<meta name=\"twitter:label2\" content=\"Tiempo de lectura\" \/>\n\t<meta name=\"twitter:data2\" content=\"1 minuto\" \/>\r\n<script type=\"application\/ld+json\" class=\"yoast-schema-graph\">{\"@context\":\"https:\/\/schema.org\",\"@graph\":[{\"@type\":\"Article\",\"@id\":\"https:\/\/energie.pt\/es\/mundo-energie\/obra-de-referencia-hogar-de-mayores\/#article\",\"isPartOf\":{\"@id\":\"https:\/\/energie.pt\/es\/mundo-energie\/obra-de-referencia-hogar-de-mayores\/\"},\"author\":{\"name\":\"Serafim Paredes\",\"@id\":\"https:\/\/energie.pt\/es\/#\/schema\/person\/fbbc926447d5bcdd4272d1b2b459c176\"},\"headline\":\"OBRA DE REFERENCIA \u2013 HOGAR DE MAYORES\",\"datePublished\":\"2025-10-14T10:48:04+00:00\",\"dateModified\":\"2025-10-22T11:27:23+00:00\",\"mainEntityOfPage\":{\"@id\":\"https:\/\/energie.pt\/es\/mundo-energie\/obra-de-referencia-hogar-de-mayores\/\"},\"wordCount\":190,\"publisher\":{\"@id\":\"https:\/\/energie.pt\/es\/#organization\"},\"image\":{\"@id\":\"https:\/\/energie.pt\/es\/mundo-energie\/obra-de-referencia-hogar-de-mayores\/#primaryimage\"},\"thumbnailUrl\":\"https:\/\/energie.pt\/wp-content\/uploads\/2025\/10\/SET_OUT_obra_referencia_lar_idosos.png\",\"articleSection\":[\"Mundo Energie\",\"Noticias\"],\"inLanguage\":\"es\"},{\"@type\":\"WebPage\",\"@id\":\"https:\/\/energie.pt\/es\/mundo-energie\/obra-de-referencia-hogar-de-mayores\/\",\"url\":\"https:\/\/energie.pt\/es\/mundo-energie\/obra-de-referencia-hogar-de-mayores\/\",\"name\":\"OBRA DE REFERENCIA \u2013 HOGAR DE MAYORES - ENERGIE EST, Lda.\",\"isPartOf\":{\"@id\":\"https:\/\/energie.pt\/es\/#website\"},\"primaryImageOfPage\":{\"@id\":\"https:\/\/energie.pt\/es\/mundo-energie\/obra-de-referencia-hogar-de-mayores\/#primaryimage\"},\"image\":{\"@id\":\"https:\/\/energie.pt\/es\/mundo-energie\/obra-de-referencia-hogar-de-mayores\/#primaryimage\"},\"thumbnailUrl\":\"https:\/\/energie.pt\/wp-content\/uploads\/2025\/10\/SET_OUT_obra_referencia_lar_idosos.png\",\"datePublished\":\"2025-10-14T10:48:04+00:00\",\"dateModified\":\"2025-10-22T11:27:23+00:00\",\"breadcrumb\":{\"@id\":\"https:\/\/energie.pt\/es\/mundo-energie\/obra-de-referencia-hogar-de-mayores\/#breadcrumb\"},\"inLanguage\":\"es\",\"potentialAction\":[{\"@type\":\"ReadAction\",\"target\":[\"https:\/\/energie.pt\/es\/mundo-energie\/obra-de-referencia-hogar-de-mayores\/\"]}]},{\"@type\":\"ImageObject\",\"inLanguage\":\"es\",\"@id\":\"https:\/\/energie.pt\/es\/mundo-energie\/obra-de-referencia-hogar-de-mayores\/#primaryimage\",\"url\":\"https:\/\/energie.pt\/wp-content\/uploads\/2025\/10\/SET_OUT_obra_referencia_lar_idosos.png\",\"contentUrl\":\"https:\/\/energie.pt\/wp-content\/uploads\/2025\/10\/SET_OUT_obra_referencia_lar_idosos.png\",\"width\":2251,\"height\":1194},{\"@type\":\"BreadcrumbList\",\"@id\":\"https:\/\/energie.pt\/es\/mundo-energie\/obra-de-referencia-hogar-de-mayores\/#breadcrumb\",\"itemListElement\":[{\"@type\":\"ListItem\",\"position\":1,\"name\":\"P\u00e1gina principal\",\"item\":\"https:\/\/energie.pt\/es\/\"},{\"@type\":\"ListItem\",\"position\":2,\"name\":\"Mundo Energie\",\"item\":\"https:\/\/energie.pt\/es\/category\/mundo-energie\/\"},{\"@type\":\"ListItem\",\"position\":3,\"name\":\"OBRA DE REFERENCIA \u2013 HOGAR DE MAYORES\"}]},{\"@type\":\"WebSite\",\"@id\":\"https:\/\/energie.pt\/es\/#website\",\"url\":\"https:\/\/energie.pt\/es\/\",\"name\":\"ENERGIE\",\"description\":\"Soluciones de Energ\u00eda Solar Termodin\u00e1mica, Climatizaci\u00f3n, Bombas de Calor y ACS\",\"publisher\":{\"@id\":\"https:\/\/energie.pt\/es\/#organization\"},\"alternateName\":\"ENERGIE\",\"potentialAction\":[{\"@type\":\"SearchAction\",\"target\":{\"@type\":\"EntryPoint\",\"urlTemplate\":\"https:\/\/energie.pt\/es\/?s={search_term_string}\"},\"query-input\":\"required name=search_term_string\"}],\"inLanguage\":\"es\"},{\"@type\":\"Organization\",\"@id\":\"https:\/\/energie.pt\/es\/#organization\",\"name\":\"Energie - Thermodynamic Solar Energy\",\"alternateName\":\"Energie\",\"url\":\"https:\/\/energie.pt\/es\/\",\"logo\":{\"@type\":\"ImageObject\",\"inLanguage\":\"es\",\"@id\":\"https:\/\/energie.pt\/es\/#\/schema\/logo\/image\/\",\"url\":\"https:\/\/energie.pt\/wp-content\/uploads\/2021\/06\/logo_energie.svg\",\"contentUrl\":\"https:\/\/energie.pt\/wp-content\/uploads\/2021\/06\/logo_energie.svg\",\"width\":190,\"height\":55,\"caption\":\"Energie - Thermodynamic Solar Energy\"},\"image\":{\"@id\":\"https:\/\/energie.pt\/es\/#\/schema\/logo\/image\/\"},\"sameAs\":[\"https:\/\/www.facebook.com\/EnergiePortugalEst\/\",\"https:\/\/www.instagram.com\/energieportugal\/\",\"https:\/\/www.youtube.com\/channel\/UCnItbF_zm_YZ1tFqzUcVgPQ\",\"https:\/\/www.linkedin.com\/company\/energieportugal\/\"]},{\"@type\":\"Person\",\"@id\":\"https:\/\/energie.pt\/es\/#\/schema\/person\/fbbc926447d5bcdd4272d1b2b459c176\",\"name\":\"Serafim Paredes\",\"sameAs\":[\"https:\/\/energie.pt\/\"],\"url\":\"https:\/\/energie.pt\/es\/author\/serafim\/\"}]}<\/script>\r\n<!-- \/ Yoast SEO plugin. -->","yoast_head_json":{"title":"OBRA DE REFERENCIA \u2013 HOGAR DE MAYORES - ENERGIE EST, Lda.","robots":{"index":"index","follow":"follow","max-snippet":"max-snippet:-1","max-image-preview":"max-image-preview:large","max-video-preview":"max-video-preview:-1"},"canonical":"https:\/\/energie.pt\/es\/mundo-energie\/obra-de-referencia-hogar-de-mayores\/","og_locale":"es_ES","og_type":"article","og_title":"OBRA DE REFERENCIA \u2013 HOGAR DE MAYORES - ENERGIE EST, Lda.","og_description":"ENERGIE, en colaboraci\u00f3n con el instalador autorizado Fernando Pimenta, Lda., implement\u00f3 una soluci\u00f3n eficiente de Agua Caliente Sanitaria (ACS) y Calefacci\u00f3n Central en el Hogar de Mayores del Centro Social e Parroquial de Cardielos, en Viana do Castelo. Se instalaron dos Bombas de Calor de \u00faltima generaci\u00f3n AQUAPURA INVERTER 14HT-T, que utilizan el refrigerante natural [&hellip;]","og_url":"https:\/\/energie.pt\/es\/mundo-energie\/obra-de-referencia-hogar-de-mayores\/","og_site_name":"ENERGIE EST, Lda.","article_publisher":"https:\/\/www.facebook.com\/EnergiePortugalEst\/","article_published_time":"2025-10-14T10:48:04+00:00","article_modified_time":"2025-10-22T11:27:23+00:00","og_image":[{"width":1024,"height":543,"url":"https:\/\/energie.pt\/wp-content\/uploads\/2025\/10\/SET_OUT_obra_referencia_lar_idosos-1024x543.png","type":"image\/png"}],"author":"Serafim Paredes","twitter_card":"summary_large_image","twitter_misc":{"Escrito por":"Serafim Paredes","Tiempo de lectura":"1 minuto"},"schema":{"@context":"https:\/\/schema.org","@graph":[{"@type":"Article","@id":"https:\/\/energie.pt\/es\/mundo-energie\/obra-de-referencia-hogar-de-mayores\/#article","isPartOf":{"@id":"https:\/\/energie.pt\/es\/mundo-energie\/obra-de-referencia-hogar-de-mayores\/"},"author":{"name":"Serafim Paredes","@id":"https:\/\/energie.pt\/es\/#\/schema\/person\/fbbc926447d5bcdd4272d1b2b459c176"},"headline":"OBRA DE REFERENCIA \u2013 HOGAR DE MAYORES","datePublished":"2025-10-14T10:48:04+00:00","dateModified":"2025-10-22T11:27:23+00:00","mainEntityOfPage":{"@id":"https:\/\/energie.pt\/es\/mundo-energie\/obra-de-referencia-hogar-de-mayores\/"},"wordCount":190,"publisher":{"@id":"https:\/\/energie.pt\/es\/#organization"},"image":{"@id":"https:\/\/energie.pt\/es\/mundo-energie\/obra-de-referencia-hogar-de-mayores\/#primaryimage"},"thumbnailUrl":"https:\/\/energie.pt\/wp-content\/uploads\/2025\/10\/SET_OUT_obra_referencia_lar_idosos.png","articleSection":["Mundo Energie","Noticias"],"inLanguage":"es"},{"@type":"WebPage","@id":"https:\/\/energie.pt\/es\/mundo-energie\/obra-de-referencia-hogar-de-mayores\/","url":"https:\/\/energie.pt\/es\/mundo-energie\/obra-de-referencia-hogar-de-mayores\/","name":"OBRA DE REFERENCIA \u2013 HOGAR DE MAYORES - ENERGIE EST, Lda.","isPartOf":{"@id":"https:\/\/energie.pt\/es\/#website"},"primaryImageOfPage":{"@id":"https:\/\/energie.pt\/es\/mundo-energie\/obra-de-referencia-hogar-de-mayores\/#primaryimage"},"image":{"@id":"https:\/\/energie.pt\/es\/mundo-energie\/obra-de-referencia-hogar-de-mayores\/#primaryimage"},"thumbnailUrl":"https:\/\/energie.pt\/wp-content\/uploads\/2025\/10\/SET_OUT_obra_referencia_lar_idosos.png","datePublished":"2025-10-14T10:48:04+00:00","dateModified":"2025-10-22T11:27:23+00:00","breadcrumb":{"@id":"https:\/\/energie.pt\/es\/mundo-energie\/obra-de-referencia-hogar-de-mayores\/#breadcrumb"},"inLanguage":"es","potentialAction":[{"@type":"ReadAction","target":["https:\/\/energie.pt\/es\/mundo-energie\/obra-de-referencia-hogar-de-mayores\/"]}]},{"@type":"ImageObject","inLanguage":"es","@id":"https:\/\/energie.pt\/es\/mundo-energie\/obra-de-referencia-hogar-de-mayores\/#primaryimage","url":"https:\/\/energie.pt\/wp-content\/uploads\/2025\/10\/SET_OUT_obra_referencia_lar_idosos.png","contentUrl":"https:\/\/energie.pt\/wp-content\/uploads\/2025\/10\/SET_OUT_obra_referencia_lar_idosos.png","width":2251,"height":1194},{"@type":"BreadcrumbList","@id":"https:\/\/energie.pt\/es\/mundo-energie\/obra-de-referencia-hogar-de-mayores\/#breadcrumb","itemListElement":[{"@type":"ListItem","position":1,"name":"P\u00e1gina principal","item":"https:\/\/energie.pt\/es\/"},{"@type":"ListItem","position":2,"name":"Mundo Energie","item":"https:\/\/energie.pt\/es\/category\/mundo-energie\/"},{"@type":"ListItem","position":3,"name":"OBRA DE REFERENCIA \u2013 HOGAR DE MAYORES"}]},{"@type":"WebSite","@id":"https:\/\/energie.pt\/es\/#website","url":"https:\/\/energie.pt\/es\/","name":"ENERGIE","description":"Soluciones de Energ\u00eda Solar Termodin\u00e1mica, Climatizaci\u00f3n, Bombas de Calor y ACS","publisher":{"@id":"https:\/\/energie.pt\/es\/#organization"},"alternateName":"ENERGIE","potentialAction":[{"@type":"SearchAction","target":{"@type":"EntryPoint","urlTemplate":"https:\/\/energie.pt\/es\/?s={search_term_string}"},"query-input":"required name=search_term_string"}],"inLanguage":"es"},{"@type":"Organization","@id":"https:\/\/energie.pt\/es\/#organization","name":"Energie - Thermodynamic Solar Energy","alternateName":"Energie","url":"https:\/\/energie.pt\/es\/","logo":{"@type":"ImageObject","inLanguage":"es","@id":"https:\/\/energie.pt\/es\/#\/schema\/logo\/image\/","url":"https:\/\/energie.pt\/wp-content\/uploads\/2021\/06\/logo_energie.svg","contentUrl":"https:\/\/energie.pt\/wp-content\/uploads\/2021\/06\/logo_energie.svg","width":190,"height":55,"caption":"Energie - Thermodynamic Solar Energy"},"image":{"@id":"https:\/\/energie.pt\/es\/#\/schema\/logo\/image\/"},"sameAs":["https:\/\/www.facebook.com\/EnergiePortugalEst\/","https:\/\/www.instagram.com\/energieportugal\/","https:\/\/www.youtube.com\/channel\/UCnItbF_zm_YZ1tFqzUcVgPQ","https:\/\/www.linkedin.com\/company\/energieportugal\/"]},{"@type":"Person","@id":"https:\/\/energie.pt\/es\/#\/schema\/person\/fbbc926447d5bcdd4272d1b2b459c176","name":"Serafim Paredes","sameAs":["https:\/\/energie.pt\/"],"url":"https:\/\/energie.pt\/es\/author\/serafim\/"}]}},"_links":{"self":[{"href":"https:\/\/energie.pt\/es\/wp-json\/wp\/v2\/posts\/32789"}],"collection":[{"href":"https:\/\/energie.pt\/es\/wp-json\/wp\/v2\/posts"}],"about":[{"href":"https:\/\/energie.pt\/es\/wp-json\/wp\/v2\/types\/post"}],"author":[{"embeddable":true,"href":"https:\/\/energie.pt\/es\/wp-json\/wp\/v2\/users\/2"}],"replies":[{"embeddable":true,"href":"https:\/\/energie.pt\/es\/wp-json\/wp\/v2\/comments?post=32789"}],"version-history":[{"count":1,"href":"https:\/\/energie.pt\/es\/wp-json\/wp\/v2\/posts\/32789\/revisions"}],"predecessor-version":[{"id":32790,"href":"https:\/\/energie.pt\/es\/wp-json\/wp\/v2\/posts\/32789\/revisions\/32790"}],"wp:featuredmedia":[{"embeddable":true,"href":"https:\/\/energie.pt\/es\/wp-json\/wp\/v2\/media\/32758"}],"wp:attachment":[{"href":"https:\/\/energie.pt\/es\/wp-json\/wp\/v2\/media?parent=32789"}],"wp:term":[{"taxonomy":"category","embeddable":true,"href":"https:\/\/energie.pt\/es\/wp-json\/wp\/v2\/categories?post=32789"},{"taxonomy":"post_tag","embeddable":true,"href":"https:\/\/energie.pt\/es\/wp-json\/wp\/v2\/tags?post=32789"}],"curies":[{"name":"wp","href":"https:\/\/api.w.org\/{rel}","templated":true}]}}