{"id":32875,"date":"2025-10-14T11:39:29","date_gmt":"2025-10-14T11:39:29","guid":{"rendered":"https:\/\/energie.pt\/mundo-energie\/noticias\/nuevo-acumulador-de-inercia-hydrokit\/"},"modified":"2025-10-22T11:28:45","modified_gmt":"2025-10-22T11:28:45","slug":"nuevo-acumulador-de-inercia-hydrokit","status":"publish","type":"post","link":"https:\/\/energie.pt\/es\/mundo-energie\/nuevo-acumulador-de-inercia-hydrokit\/","title":{"rendered":"NUEVO ACUMULADOR DE INERCIA HYDROKIT"},"content":{"rendered":"\n<div class=\"wp-block-stackable-columns stk-block-columns stk-block stk-7c49c42\" data-block-id=\"7c49c42\"><div class=\"stk-row stk-inner-blocks stk-block-content stk-content-align stk-7c49c42-column\">\n<div class=\"wp-block-stackable-column stk-block-column stk-column stk-block stk-985e112\" data-v=\"4\" data-block-id=\"985e112\"><style>@media screen and (min-width:768px){.stk-985e112{flex:var(--stk-flex-grow,1) 1 25% !important}}<\/style><div class=\"stk-column-wrapper stk-block-column__content stk-container stk-985e112-container stk--no-background stk--no-padding\"><div class=\"stk-block-content stk-inner-blocks stk-985e112-inner-blocks\">\n<figure class=\"wp-block-gallery has-nested-images columns-default is-cropped wp-block-gallery-1 is-layout-flex wp-block-gallery-is-layout-flex\">\n<figure class=\"wp-block-image size-large\"><img loading=\"lazy\" decoding=\"async\" width=\"1024\" height=\"683\" src=\"https:\/\/energie.pt\/wp-content\/uploads\/2025\/10\/27.10_6-1024x683.jpg\" alt=\"\" class=\"wp-image-32849\" srcset=\"https:\/\/energie.pt\/wp-content\/uploads\/2025\/10\/27.10_6-1024x683.jpg 1024w, https:\/\/energie.pt\/wp-content\/uploads\/2025\/10\/27.10_6-300x200.jpg 300w, https:\/\/energie.pt\/wp-content\/uploads\/2025\/10\/27.10_6-768x512.jpg 768w, https:\/\/energie.pt\/wp-content\/uploads\/2025\/10\/27.10_6-1536x1024.jpg 1536w, https:\/\/energie.pt\/wp-content\/uploads\/2025\/10\/27.10_6-2048x1365.jpg 2048w\" sizes=\"(max-width: 1024px) 100vw, 1024px\" \/><\/figure>\n<\/figure>\n<\/div><\/div><\/div>\n\n\n\n<div class=\"wp-block-stackable-column stk-block-column stk-column stk-block stk-ee2064c\" data-v=\"4\" data-block-id=\"ee2064c\"><style>@media screen and (min-width:768px){.stk-ee2064c{flex:var(--stk-flex-grow,1) 1 25% !important}}<\/style><div class=\"stk-column-wrapper stk-block-column__content stk-container stk-ee2064c-container stk--no-background stk--no-padding\"><div class=\"stk-block-content stk-inner-blocks stk-ee2064c-inner-blocks\">\n<figure class=\"wp-block-gallery has-nested-images columns-default is-cropped wp-block-gallery-2 is-layout-flex wp-block-gallery-is-layout-flex\">\n<figure class=\"wp-block-image size-large\"><img loading=\"lazy\" decoding=\"async\" width=\"1024\" height=\"683\" src=\"https:\/\/energie.pt\/wp-content\/uploads\/2025\/10\/27.10_5-1024x683.jpg\" alt=\"\" class=\"wp-image-32854\" srcset=\"https:\/\/energie.pt\/wp-content\/uploads\/2025\/10\/27.10_5-1024x683.jpg 1024w, https:\/\/energie.pt\/wp-content\/uploads\/2025\/10\/27.10_5-300x200.jpg 300w, https:\/\/energie.pt\/wp-content\/uploads\/2025\/10\/27.10_5-768x512.jpg 768w, https:\/\/energie.pt\/wp-content\/uploads\/2025\/10\/27.10_5-1536x1024.jpg 1536w, https:\/\/energie.pt\/wp-content\/uploads\/2025\/10\/27.10_5-2048x1365.jpg 2048w\" sizes=\"(max-width: 1024px) 100vw, 1024px\" \/><\/figure>\n<\/figure>\n<\/div><\/div><\/div>\n\n\n\n<div class=\"wp-block-stackable-column stk-block-column stk-column stk-block stk-1d7c46e\" data-v=\"4\" data-block-id=\"1d7c46e\"><style>@media screen and (min-width:768px){.stk-1d7c46e{flex:var(--stk-flex-grow,1) 1 25% !important}}<\/style><div class=\"stk-column-wrapper stk-block-column__content stk-container stk-1d7c46e-container stk--no-background stk--no-padding\"><div class=\"stk-block-content stk-inner-blocks stk-1d7c46e-inner-blocks\">\n<figure class=\"wp-block-gallery has-nested-images columns-default is-cropped wp-block-gallery-3 is-layout-flex wp-block-gallery-is-layout-flex\">\n<figure class=\"wp-block-image size-large\"><img loading=\"lazy\" decoding=\"async\" width=\"1024\" height=\"683\" src=\"https:\/\/energie.pt\/wp-content\/uploads\/2025\/10\/27.10_4-1024x683.jpg\" alt=\"\" class=\"wp-image-32859\" srcset=\"https:\/\/energie.pt\/wp-content\/uploads\/2025\/10\/27.10_4-1024x683.jpg 1024w, https:\/\/energie.pt\/wp-content\/uploads\/2025\/10\/27.10_4-300x200.jpg 300w, https:\/\/energie.pt\/wp-content\/uploads\/2025\/10\/27.10_4-768x512.jpg 768w, https:\/\/energie.pt\/wp-content\/uploads\/2025\/10\/27.10_4-1536x1024.jpg 1536w, https:\/\/energie.pt\/wp-content\/uploads\/2025\/10\/27.10_4-2048x1365.jpg 2048w\" sizes=\"(max-width: 1024px) 100vw, 1024px\" \/><\/figure>\n<\/figure>\n<\/div><\/div><\/div>\n\n\n\n<div class=\"wp-block-stackable-column stk-block-column stk-column stk-block stk-2a13252\" data-v=\"4\" data-block-id=\"2a13252\"><style>@media screen and (min-width:768px){.stk-2a13252{flex:var(--stk-flex-grow,1) 1 25% !important}}<\/style><div class=\"stk-column-wrapper stk-block-column__content stk-container stk-2a13252-container stk--no-background stk--no-padding\"><div class=\"stk-block-content stk-inner-blocks stk-2a13252-inner-blocks\">\n<figure class=\"wp-block-gallery has-nested-images columns-default is-cropped wp-block-gallery-4 is-layout-flex wp-block-gallery-is-layout-flex\">\n<figure class=\"wp-block-image size-large\"><img loading=\"lazy\" decoding=\"async\" width=\"1024\" height=\"683\" src=\"https:\/\/energie.pt\/wp-content\/uploads\/2025\/10\/27.10_2-1024x683.jpg\" alt=\"\" class=\"wp-image-32864\" srcset=\"https:\/\/energie.pt\/wp-content\/uploads\/2025\/10\/27.10_2-1024x683.jpg 1024w, https:\/\/energie.pt\/wp-content\/uploads\/2025\/10\/27.10_2-300x200.jpg 300w, https:\/\/energie.pt\/wp-content\/uploads\/2025\/10\/27.10_2-768x512.jpg 768w, https:\/\/energie.pt\/wp-content\/uploads\/2025\/10\/27.10_2-1536x1024.jpg 1536w, https:\/\/energie.pt\/wp-content\/uploads\/2025\/10\/27.10_2-2048x1366.jpg 2048w\" sizes=\"(max-width: 1024px) 100vw, 1024px\" \/><\/figure>\n<\/figure>\n<\/div><\/div><\/div>\n<\/div><\/div>\n\n<p>ENERGIE presenta los nuevos acumuladores de inercia HYDROKIT<\/p>\n\n<p>La instalaci\u00f3n de un acumulador de inercia no tiene por qu\u00e9 ser compleja. Con esta visi\u00f3n, ENERGIE desarroll\u00f3 el HYDROKIT, una soluci\u00f3n lista para instalar que simplifica el proceso, reduce el tiempo de montaje y garantiza una mayor eficiencia en cada proyecto.<\/p>\n\n<p>Tras el modelo de 100 litros, la gama HYDROKIT incorpora ahora tambi\u00e9n la versi\u00f3n de 200 litros, disponible en configuraciones de uno o dos circuitos, ofreciendo mayor versatilidad para aplicaciones de climatizaci\u00f3n y\/o agua caliente sanitaria (ACS).<\/p>\n\n<p>Principales ventajas del HYDROKIT:<\/p>\n\n<p>Compatible con todas las marcas de bombas de calor<\/p>\n\n<p>Construcci\u00f3n en acero inoxidable, disponible en 100 L y 200 L<\/p>\n\n<p>Configuraci\u00f3n flexible: uno o dos circuitos<\/p>\n\n<p>Instalaci\u00f3n optimizada, con un ahorro de hasta 3 horas de trabajo<\/p>\n\n<p>P\u00e9rdidas t\u00e9rmicas m\u00ednimas para un rendimiento m\u00e1ximo<\/p>\n\n<p>Reducci\u00f3n de los costes de instalaci\u00f3n<\/p>\n\n<p>Con HYDROKIT, los profesionales dejan de enfrentarse a la complejidad de los sistemas convencionales montados pieza por pieza. El resultado es una soluci\u00f3n m\u00e1s pr\u00e1ctica, r\u00e1pida y econ\u00f3mica, que garantiza confort y prestaciones al usuario final.<\/p>\n\n<p>Vea el v\u00eddeo aqu\u00ed: <a href=\"https:\/\/youtube.com\/shorts\/YuLpml6ZZcE\">HYDROKIT<\/a><\/p>\n","protected":false},"excerpt":{"rendered":"<p>ENERGIE presenta los nuevos acumuladores de inercia HYDROKIT La instalaci\u00f3n de un acumulador de inercia no tiene por qu\u00e9 ser compleja. Con esta visi\u00f3n, ENERGIE desarroll\u00f3 el HYDROKIT, una soluci\u00f3n lista para instalar que simplifica el proceso, reduce el tiempo de montaje y garantiza una mayor eficiencia en cada proyecto. Tras el modelo de 100 [&hellip;]<\/p>\n","protected":false},"author":2,"featured_media":32881,"comment_status":"closed","ping_status":"closed","sticky":false,"template":"","format":"standard","meta":{"_acf_changed":false,"footnotes":""},"categories":[265,137],"tags":[],"class_list":["post-32875","post","type-post","status-publish","format-standard","has-post-thumbnail","hentry","category-mundo-energie","category-noticias"],"blocksy_meta":{"disable_featured_image":"yes","styles_descriptor":{"styles":{"desktop":"","tablet":"","mobile":""},"google_fonts":[],"version":6}},"acf":{"data_bimensal_da_noticia":"SEPTIEMBRE | OCTUBRE \/2025"},"cp_meta_data":{"_wpml_media_duplicate":["1"],"_wpml_media_featured":["1"],"_data_bimensal_da_noticia":["field_627e65cc70022"],"_top_nav_excluded":[""],"_cms_nav_minihome":[""],"data_bimensal_da_noticia":["SEPTIEMBRE | OCTUBRE \/2025"],"blocksy_post_meta_options":["a:2:{s:22:\"disable_featured_image\";s:3:\"yes\";s:17:\"styles_descriptor\";a:3:{s:6:\"styles\";a:3:{s:7:\"desktop\";s:0:\"\";s:6:\"tablet\";s:0:\"\";s:6:\"mobile\";s:0:\"\";}s:12:\"google_fonts\";a:0:{}s:7:\"version\";i:6;}}"],"stackable_optimized_css":["@media screen and (min-width:768px){.stk-985e112,.stk-ee2064c,.stk-1d7c46e,.stk-2a13252{flex:var(--stk-flex-grow,1) 1 25% !important}}"],"stackable_optimized_css_raw":["a:4:{s:7:\"985e112\";a:1:{i:0;a:2:{i:0;s:110:\"<style>@media screen and (min-width:768px){.stk-985e112{flex:var(--stk-flex-grow,1) 1 25% !important}}<\/style>\";i:1;s:95:\"@media screen and (min-width:768px){.stk-985e112{flex:var(--stk-flex-grow,1) 1 25% !important}}\";}}s:7:\"ee2064c\";a:1:{i:0;a:2:{i:0;s:110:\"<style>@media screen and (min-width:768px){.stk-ee2064c{flex:var(--stk-flex-grow,1) 1 25% !important}}<\/style>\";i:1;s:95:\"@media screen and (min-width:768px){.stk-ee2064c{flex:var(--stk-flex-grow,1) 1 25% !important}}\";}}s:7:\"1d7c46e\";a:1:{i:0;a:2:{i:0;s:110:\"<style>@media screen and (min-width:768px){.stk-1d7c46e{flex:var(--stk-flex-grow,1) 1 25% !important}}<\/style>\";i:1;s:95:\"@media screen and (min-width:768px){.stk-1d7c46e{flex:var(--stk-flex-grow,1) 1 25% !important}}\";}}s:7:\"2a13252\";a:1:{i:0;a:2:{i:0;s:110:\"<style>@media screen and (min-width:768px){.stk-2a13252{flex:var(--stk-flex-grow,1) 1 25% !important}}<\/style>\";i:1;s:95:\"@media screen and (min-width:768px){.stk-2a13252{flex:var(--stk-flex-grow,1) 1 25% !important}}\";}}}"],"_wpml_media_has_media":["1"],"_last_translation_edit_mode":["translation-editor"],"_thumbnail_id":["32881"],"_edit_last":["2"],"_encloseme":["1"],"_edit_lock":["1761132492:2"],"_yoast_wpseo_primary_category":["130"]},"yoast_head":"<!-- This site is optimized with the Yoast SEO plugin v22.8 - https:\/\/yoast.com\/wordpress\/plugins\/seo\/ -->\r\n<title>NUEVO ACUMULADOR DE INERCIA HYDROKIT - ENERGIE EST, Lda.<\/title>\r\n<meta name=\"robots\" content=\"index, follow, max-snippet:-1, max-image-preview:large, max-video-preview:-1\" \/>\r\n<link rel=\"canonical\" href=\"https:\/\/energie.pt\/es\/mundo-energie\/nuevo-acumulador-de-inercia-hydrokit\/\" \/>\r\n<meta property=\"og:locale\" content=\"es_ES\" \/>\r\n<meta property=\"og:type\" content=\"article\" \/>\r\n<meta property=\"og:title\" content=\"NUEVO ACUMULADOR DE INERCIA HYDROKIT - ENERGIE EST, Lda.\" \/>\r\n<meta property=\"og:description\" content=\"ENERGIE presenta los nuevos acumuladores de inercia HYDROKIT La instalaci\u00f3n de un acumulador de inercia no tiene por qu\u00e9 ser compleja. Con esta visi\u00f3n, ENERGIE desarroll\u00f3 el HYDROKIT, una soluci\u00f3n lista para instalar que simplifica el proceso, reduce el tiempo de montaje y garantiza una mayor eficiencia en cada proyecto. Tras el modelo de 100 [&hellip;]\" \/>\r\n<meta property=\"og:url\" content=\"https:\/\/energie.pt\/es\/mundo-energie\/nuevo-acumulador-de-inercia-hydrokit\/\" \/>\r\n<meta property=\"og:site_name\" content=\"ENERGIE EST, Lda.\" \/>\r\n<meta property=\"article:publisher\" content=\"https:\/\/www.facebook.com\/EnergiePortugalEst\/\" \/>\r\n<meta property=\"article:published_time\" content=\"2025-10-14T11:39:29+00:00\" \/>\r\n<meta property=\"article:modified_time\" content=\"2025-10-22T11:28:45+00:00\" \/>\r\n<meta property=\"og:image\" content=\"https:\/\/energie.pt\/wp-content\/uploads\/2025\/10\/SET_OUT_hydrokit-1024x543.png\" \/>\r\n\t<meta property=\"og:image:width\" content=\"1024\" \/>\r\n\t<meta property=\"og:image:height\" content=\"543\" \/>\r\n\t<meta property=\"og:image:type\" content=\"image\/png\" \/>\r\n<meta name=\"author\" content=\"Serafim Paredes\" \/>\r\n<meta name=\"twitter:card\" content=\"summary_large_image\" \/>\r\n<meta name=\"twitter:label1\" content=\"Escrito por\" \/>\n\t<meta name=\"twitter:data1\" content=\"Serafim Paredes\" \/>\n\t<meta name=\"twitter:label2\" content=\"Tiempo de lectura\" \/>\n\t<meta name=\"twitter:data2\" content=\"1 minuto\" \/>\r\n<script type=\"application\/ld+json\" class=\"yoast-schema-graph\">{\"@context\":\"https:\/\/schema.org\",\"@graph\":[{\"@type\":\"Article\",\"@id\":\"https:\/\/energie.pt\/es\/mundo-energie\/nuevo-acumulador-de-inercia-hydrokit\/#article\",\"isPartOf\":{\"@id\":\"https:\/\/energie.pt\/es\/mundo-energie\/nuevo-acumulador-de-inercia-hydrokit\/\"},\"author\":{\"name\":\"Serafim Paredes\",\"@id\":\"https:\/\/energie.pt\/es\/#\/schema\/person\/fbbc926447d5bcdd4272d1b2b459c176\"},\"headline\":\"NUEVO ACUMULADOR DE INERCIA HYDROKIT\",\"datePublished\":\"2025-10-14T11:39:29+00:00\",\"dateModified\":\"2025-10-22T11:28:45+00:00\",\"mainEntityOfPage\":{\"@id\":\"https:\/\/energie.pt\/es\/mundo-energie\/nuevo-acumulador-de-inercia-hydrokit\/\"},\"wordCount\":204,\"publisher\":{\"@id\":\"https:\/\/energie.pt\/es\/#organization\"},\"image\":{\"@id\":\"https:\/\/energie.pt\/es\/mundo-energie\/nuevo-acumulador-de-inercia-hydrokit\/#primaryimage\"},\"thumbnailUrl\":\"https:\/\/energie.pt\/wp-content\/uploads\/2025\/10\/SET_OUT_hydrokit.png\",\"articleSection\":[\"Mundo Energie\",\"Noticias\"],\"inLanguage\":\"es\"},{\"@type\":\"WebPage\",\"@id\":\"https:\/\/energie.pt\/es\/mundo-energie\/nuevo-acumulador-de-inercia-hydrokit\/\",\"url\":\"https:\/\/energie.pt\/es\/mundo-energie\/nuevo-acumulador-de-inercia-hydrokit\/\",\"name\":\"NUEVO ACUMULADOR DE INERCIA HYDROKIT - ENERGIE EST, Lda.\",\"isPartOf\":{\"@id\":\"https:\/\/energie.pt\/es\/#website\"},\"primaryImageOfPage\":{\"@id\":\"https:\/\/energie.pt\/es\/mundo-energie\/nuevo-acumulador-de-inercia-hydrokit\/#primaryimage\"},\"image\":{\"@id\":\"https:\/\/energie.pt\/es\/mundo-energie\/nuevo-acumulador-de-inercia-hydrokit\/#primaryimage\"},\"thumbnailUrl\":\"https:\/\/energie.pt\/wp-content\/uploads\/2025\/10\/SET_OUT_hydrokit.png\",\"datePublished\":\"2025-10-14T11:39:29+00:00\",\"dateModified\":\"2025-10-22T11:28:45+00:00\",\"breadcrumb\":{\"@id\":\"https:\/\/energie.pt\/es\/mundo-energie\/nuevo-acumulador-de-inercia-hydrokit\/#breadcrumb\"},\"inLanguage\":\"es\",\"potentialAction\":[{\"@type\":\"ReadAction\",\"target\":[\"https:\/\/energie.pt\/es\/mundo-energie\/nuevo-acumulador-de-inercia-hydrokit\/\"]}]},{\"@type\":\"ImageObject\",\"inLanguage\":\"es\",\"@id\":\"https:\/\/energie.pt\/es\/mundo-energie\/nuevo-acumulador-de-inercia-hydrokit\/#primaryimage\",\"url\":\"https:\/\/energie.pt\/wp-content\/uploads\/2025\/10\/SET_OUT_hydrokit.png\",\"contentUrl\":\"https:\/\/energie.pt\/wp-content\/uploads\/2025\/10\/SET_OUT_hydrokit.png\",\"width\":2251,\"height\":1194},{\"@type\":\"BreadcrumbList\",\"@id\":\"https:\/\/energie.pt\/es\/mundo-energie\/nuevo-acumulador-de-inercia-hydrokit\/#breadcrumb\",\"itemListElement\":[{\"@type\":\"ListItem\",\"position\":1,\"name\":\"P\u00e1gina principal\",\"item\":\"https:\/\/energie.pt\/es\/\"},{\"@type\":\"ListItem\",\"position\":2,\"name\":\"Mundo Energie\",\"item\":\"https:\/\/energie.pt\/es\/category\/mundo-energie\/\"},{\"@type\":\"ListItem\",\"position\":3,\"name\":\"NUEVO ACUMULADOR DE INERCIA HYDROKIT\"}]},{\"@type\":\"WebSite\",\"@id\":\"https:\/\/energie.pt\/es\/#website\",\"url\":\"https:\/\/energie.pt\/es\/\",\"name\":\"ENERGIE\",\"description\":\"Soluciones de Energ\u00eda Solar Termodin\u00e1mica, Climatizaci\u00f3n, Bombas de Calor y ACS\",\"publisher\":{\"@id\":\"https:\/\/energie.pt\/es\/#organization\"},\"alternateName\":\"ENERGIE\",\"potentialAction\":[{\"@type\":\"SearchAction\",\"target\":{\"@type\":\"EntryPoint\",\"urlTemplate\":\"https:\/\/energie.pt\/es\/?s={search_term_string}\"},\"query-input\":\"required name=search_term_string\"}],\"inLanguage\":\"es\"},{\"@type\":\"Organization\",\"@id\":\"https:\/\/energie.pt\/es\/#organization\",\"name\":\"Energie - Thermodynamic Solar Energy\",\"alternateName\":\"Energie\",\"url\":\"https:\/\/energie.pt\/es\/\",\"logo\":{\"@type\":\"ImageObject\",\"inLanguage\":\"es\",\"@id\":\"https:\/\/energie.pt\/es\/#\/schema\/logo\/image\/\",\"url\":\"https:\/\/energie.pt\/wp-content\/uploads\/2021\/06\/logo_energie.svg\",\"contentUrl\":\"https:\/\/energie.pt\/wp-content\/uploads\/2021\/06\/logo_energie.svg\",\"width\":190,\"height\":55,\"caption\":\"Energie - Thermodynamic Solar Energy\"},\"image\":{\"@id\":\"https:\/\/energie.pt\/es\/#\/schema\/logo\/image\/\"},\"sameAs\":[\"https:\/\/www.facebook.com\/EnergiePortugalEst\/\",\"https:\/\/www.instagram.com\/energieportugal\/\",\"https:\/\/www.youtube.com\/channel\/UCnItbF_zm_YZ1tFqzUcVgPQ\",\"https:\/\/www.linkedin.com\/company\/energieportugal\/\"]},{\"@type\":\"Person\",\"@id\":\"https:\/\/energie.pt\/es\/#\/schema\/person\/fbbc926447d5bcdd4272d1b2b459c176\",\"name\":\"Serafim Paredes\",\"sameAs\":[\"https:\/\/energie.pt\/\"],\"url\":\"https:\/\/energie.pt\/es\/author\/serafim\/\"}]}<\/script>\r\n<!-- \/ Yoast SEO plugin. -->","yoast_head_json":{"title":"NUEVO ACUMULADOR DE INERCIA HYDROKIT - ENERGIE EST, Lda.","robots":{"index":"index","follow":"follow","max-snippet":"max-snippet:-1","max-image-preview":"max-image-preview:large","max-video-preview":"max-video-preview:-1"},"canonical":"https:\/\/energie.pt\/es\/mundo-energie\/nuevo-acumulador-de-inercia-hydrokit\/","og_locale":"es_ES","og_type":"article","og_title":"NUEVO ACUMULADOR DE INERCIA HYDROKIT - ENERGIE EST, Lda.","og_description":"ENERGIE presenta los nuevos acumuladores de inercia HYDROKIT La instalaci\u00f3n de un acumulador de inercia no tiene por qu\u00e9 ser compleja. Con esta visi\u00f3n, ENERGIE desarroll\u00f3 el HYDROKIT, una soluci\u00f3n lista para instalar que simplifica el proceso, reduce el tiempo de montaje y garantiza una mayor eficiencia en cada proyecto. Tras el modelo de 100 [&hellip;]","og_url":"https:\/\/energie.pt\/es\/mundo-energie\/nuevo-acumulador-de-inercia-hydrokit\/","og_site_name":"ENERGIE EST, Lda.","article_publisher":"https:\/\/www.facebook.com\/EnergiePortugalEst\/","article_published_time":"2025-10-14T11:39:29+00:00","article_modified_time":"2025-10-22T11:28:45+00:00","og_image":[{"width":1024,"height":543,"url":"https:\/\/energie.pt\/wp-content\/uploads\/2025\/10\/SET_OUT_hydrokit-1024x543.png","type":"image\/png"}],"author":"Serafim Paredes","twitter_card":"summary_large_image","twitter_misc":{"Escrito por":"Serafim Paredes","Tiempo de lectura":"1 minuto"},"schema":{"@context":"https:\/\/schema.org","@graph":[{"@type":"Article","@id":"https:\/\/energie.pt\/es\/mundo-energie\/nuevo-acumulador-de-inercia-hydrokit\/#article","isPartOf":{"@id":"https:\/\/energie.pt\/es\/mundo-energie\/nuevo-acumulador-de-inercia-hydrokit\/"},"author":{"name":"Serafim Paredes","@id":"https:\/\/energie.pt\/es\/#\/schema\/person\/fbbc926447d5bcdd4272d1b2b459c176"},"headline":"NUEVO ACUMULADOR DE INERCIA HYDROKIT","datePublished":"2025-10-14T11:39:29+00:00","dateModified":"2025-10-22T11:28:45+00:00","mainEntityOfPage":{"@id":"https:\/\/energie.pt\/es\/mundo-energie\/nuevo-acumulador-de-inercia-hydrokit\/"},"wordCount":204,"publisher":{"@id":"https:\/\/energie.pt\/es\/#organization"},"image":{"@id":"https:\/\/energie.pt\/es\/mundo-energie\/nuevo-acumulador-de-inercia-hydrokit\/#primaryimage"},"thumbnailUrl":"https:\/\/energie.pt\/wp-content\/uploads\/2025\/10\/SET_OUT_hydrokit.png","articleSection":["Mundo Energie","Noticias"],"inLanguage":"es"},{"@type":"WebPage","@id":"https:\/\/energie.pt\/es\/mundo-energie\/nuevo-acumulador-de-inercia-hydrokit\/","url":"https:\/\/energie.pt\/es\/mundo-energie\/nuevo-acumulador-de-inercia-hydrokit\/","name":"NUEVO ACUMULADOR DE INERCIA HYDROKIT - ENERGIE EST, Lda.","isPartOf":{"@id":"https:\/\/energie.pt\/es\/#website"},"primaryImageOfPage":{"@id":"https:\/\/energie.pt\/es\/mundo-energie\/nuevo-acumulador-de-inercia-hydrokit\/#primaryimage"},"image":{"@id":"https:\/\/energie.pt\/es\/mundo-energie\/nuevo-acumulador-de-inercia-hydrokit\/#primaryimage"},"thumbnailUrl":"https:\/\/energie.pt\/wp-content\/uploads\/2025\/10\/SET_OUT_hydrokit.png","datePublished":"2025-10-14T11:39:29+00:00","dateModified":"2025-10-22T11:28:45+00:00","breadcrumb":{"@id":"https:\/\/energie.pt\/es\/mundo-energie\/nuevo-acumulador-de-inercia-hydrokit\/#breadcrumb"},"inLanguage":"es","potentialAction":[{"@type":"ReadAction","target":["https:\/\/energie.pt\/es\/mundo-energie\/nuevo-acumulador-de-inercia-hydrokit\/"]}]},{"@type":"ImageObject","inLanguage":"es","@id":"https:\/\/energie.pt\/es\/mundo-energie\/nuevo-acumulador-de-inercia-hydrokit\/#primaryimage","url":"https:\/\/energie.pt\/wp-content\/uploads\/2025\/10\/SET_OUT_hydrokit.png","contentUrl":"https:\/\/energie.pt\/wp-content\/uploads\/2025\/10\/SET_OUT_hydrokit.png","width":2251,"height":1194},{"@type":"BreadcrumbList","@id":"https:\/\/energie.pt\/es\/mundo-energie\/nuevo-acumulador-de-inercia-hydrokit\/#breadcrumb","itemListElement":[{"@type":"ListItem","position":1,"name":"P\u00e1gina principal","item":"https:\/\/energie.pt\/es\/"},{"@type":"ListItem","position":2,"name":"Mundo Energie","item":"https:\/\/energie.pt\/es\/category\/mundo-energie\/"},{"@type":"ListItem","position":3,"name":"NUEVO ACUMULADOR DE INERCIA HYDROKIT"}]},{"@type":"WebSite","@id":"https:\/\/energie.pt\/es\/#website","url":"https:\/\/energie.pt\/es\/","name":"ENERGIE","description":"Soluciones de Energ\u00eda Solar Termodin\u00e1mica, Climatizaci\u00f3n, Bombas de Calor y ACS","publisher":{"@id":"https:\/\/energie.pt\/es\/#organization"},"alternateName":"ENERGIE","potentialAction":[{"@type":"SearchAction","target":{"@type":"EntryPoint","urlTemplate":"https:\/\/energie.pt\/es\/?s={search_term_string}"},"query-input":"required name=search_term_string"}],"inLanguage":"es"},{"@type":"Organization","@id":"https:\/\/energie.pt\/es\/#organization","name":"Energie - Thermodynamic Solar Energy","alternateName":"Energie","url":"https:\/\/energie.pt\/es\/","logo":{"@type":"ImageObject","inLanguage":"es","@id":"https:\/\/energie.pt\/es\/#\/schema\/logo\/image\/","url":"https:\/\/energie.pt\/wp-content\/uploads\/2021\/06\/logo_energie.svg","contentUrl":"https:\/\/energie.pt\/wp-content\/uploads\/2021\/06\/logo_energie.svg","width":190,"height":55,"caption":"Energie - Thermodynamic Solar Energy"},"image":{"@id":"https:\/\/energie.pt\/es\/#\/schema\/logo\/image\/"},"sameAs":["https:\/\/www.facebook.com\/EnergiePortugalEst\/","https:\/\/www.instagram.com\/energieportugal\/","https:\/\/www.youtube.com\/channel\/UCnItbF_zm_YZ1tFqzUcVgPQ","https:\/\/www.linkedin.com\/company\/energieportugal\/"]},{"@type":"Person","@id":"https:\/\/energie.pt\/es\/#\/schema\/person\/fbbc926447d5bcdd4272d1b2b459c176","name":"Serafim Paredes","sameAs":["https:\/\/energie.pt\/"],"url":"https:\/\/energie.pt\/es\/author\/serafim\/"}]}},"_links":{"self":[{"href":"https:\/\/energie.pt\/es\/wp-json\/wp\/v2\/posts\/32875"}],"collection":[{"href":"https:\/\/energie.pt\/es\/wp-json\/wp\/v2\/posts"}],"about":[{"href":"https:\/\/energie.pt\/es\/wp-json\/wp\/v2\/types\/post"}],"author":[{"embeddable":true,"href":"https:\/\/energie.pt\/es\/wp-json\/wp\/v2\/users\/2"}],"replies":[{"embeddable":true,"href":"https:\/\/energie.pt\/es\/wp-json\/wp\/v2\/comments?post=32875"}],"version-history":[{"count":1,"href":"https:\/\/energie.pt\/es\/wp-json\/wp\/v2\/posts\/32875\/revisions"}],"predecessor-version":[{"id":32876,"href":"https:\/\/energie.pt\/es\/wp-json\/wp\/v2\/posts\/32875\/revisions\/32876"}],"wp:featuredmedia":[{"embeddable":true,"href":"https:\/\/energie.pt\/es\/wp-json\/wp\/v2\/media\/32881"}],"wp:attachment":[{"href":"https:\/\/energie.pt\/es\/wp-json\/wp\/v2\/media?parent=32875"}],"wp:term":[{"taxonomy":"category","embeddable":true,"href":"https:\/\/energie.pt\/es\/wp-json\/wp\/v2\/categories?post=32875"},{"taxonomy":"post_tag","embeddable":true,"href":"https:\/\/energie.pt\/es\/wp-json\/wp\/v2\/tags?post=32875"}],"curies":[{"name":"wp","href":"https:\/\/api.w.org\/{rel}","templated":true}]}}