{"id":15648,"date":"2022-06-24T10:08:00","date_gmt":"2022-06-24T10:08:00","guid":{"rendered":"https:\/\/energie.pt\/monde-energie\/nouvelles\/energie-est-presente-a-lexposition-internationale-mce22\/"},"modified":"2025-01-23T09:24:35","modified_gmt":"2025-01-23T09:24:35","slug":"energie-est-presente-a-lexposition-internationale-mce22","status":"publish","type":"post","link":"https:\/\/energie.pt\/fr\/monde-energie\/nouvelles\/energie-est-presente-a-lexposition-internationale-mce22\/","title":{"rendered":"ENERGIE EST PR\u00c9SENTE \u00c0 L\u2019EXPOSITION INTERNATIONALE MCE&rsquo;22"},"content":{"rendered":"\n<p>ENERGIE est de retour dans les salons internationaux en participant \u00e0 l\u2019un des plus grands salons europ\u00e9ens et internationaux du chauffage, de la ventilation, de la climatisation (HVAC). La Mostra Convegno Expocomfort&rsquo;22 (MCE) a lieu \u00e0 Milan, du 28 juin au 1er juillet.<br\/><br\/>&#13;\nLa MCE pr\u00e9sente le panorama complet du secteur et les nouvelles technologies appliqu\u00e9es pour le confort, l\u2019efficacit\u00e9 et les \u00e9conomies d\u2019\u00e9nergie et ENERGIE est fi\u00e8re de pr\u00e9senter ses solutions \u00e0 la pointe de la technologie!<br\/><br\/>&#13;\nNous serons pr\u00e9sents sur le stand B11, dans le Hall 1, avec les derni\u00e8res nouveaut\u00e9s du segment des pompes \u00e0 chaleur et des syst\u00e8mes solaires thermodynamiques pour la production d\u2019eau chaude sanitaire (ECS), le chauffage et la climatisation. Gr\u00e2ce \u00e0 sa pr\u00e9sence \u00e0 la MCE, ENERGIE aura l\u2019opportunit\u00e9 de pr\u00e9senter ce qui se fabrique de mieux au Portugal dans le secteur, d\u2019accro\u00eetre son r\u00e9seau commercial international et de nouer des contacts avec des partenaires internationaux.<br\/><br\/>&#13;\nC\u2019est un plaisir pour nous de faire partie des quatre jours de la Mostra Convegno Expocomfort&rsquo;22 l\u2019un des plus grands salons du secteur au niveau international et europ\u00e9en!<\/p>\n","protected":false},"excerpt":{"rendered":"<p>ENERGIE est de retour dans les salons internationaux en participant \u00e0 l\u2019un des plus grands salons europ\u00e9ens et internationaux du chauffage, de la ventilation, de la climatisation (HVAC). La Mostra Convegno Expocomfort&rsquo;22 (MCE) a lieu \u00e0 Milan, du 28 juin au 1er juillet. &#13; La MCE pr\u00e9sente le panorama complet du secteur et les nouvelles [&hellip;]<\/p>\n","protected":false},"author":2,"featured_media":10968,"comment_status":"closed","ping_status":"closed","sticky":false,"template":"","format":"standard","meta":{"_acf_changed":false,"footnotes":""},"categories":[263,136],"tags":[],"class_list":["post-15648","post","type-post","status-publish","format-standard","has-post-thumbnail","hentry","category-monde-energie","category-nouvelles"],"blocksy_meta":{"styles_descriptor":{"styles":{"desktop":"","tablet":"","mobile":""},"google_fonts":[],"version":6}},"acf":{"data_bimensal_da_noticia":" mai | juin \/ 2022"},"cp_meta_data":{"_encloseme":["1"],"blocksy_post_meta_options":["a:1:{s:17:\"styles_descriptor\";a:3:{s:6:\"styles\";a:3:{s:7:\"desktop\";s:0:\"\";s:6:\"tablet\";s:0:\"\";s:6:\"mobile\";s:0:\"\";}s:12:\"google_fonts\";a:0:{}s:7:\"version\";i:6;}}"],"_wpml_media_duplicate":["1"],"_wpml_media_featured":["1"],"_data_bimensal_da_noticia":["field_627e65cc70022"],"_top_nav_excluded":[""],"_cms_nav_minihome":[""],"_thumbnail_id":["10968"],"_last_translation_edit_mode":["translation-editor"],"stackable_optimized_css":[""],"stackable_optimized_css_raw":["a:0:{}"],"_yoast_wpseo_primary_category":["1"],"data_bimensal_da_noticia":[" mai | juin \/ 2022"]},"yoast_head":"<!-- This site is optimized with the Yoast SEO plugin v22.8 - https:\/\/yoast.com\/wordpress\/plugins\/seo\/ -->\r\n<title>ENERGIE EST PR\u00c9SENTE \u00c0 L\u2019EXPOSITION INTERNATIONALE MCE&#039;22 - ENERGIE EST, Lda.<\/title>\r\n<meta name=\"robots\" content=\"index, follow, max-snippet:-1, max-image-preview:large, max-video-preview:-1\" \/>\r\n<link rel=\"canonical\" href=\"https:\/\/energie.pt\/fr\/monde-energie\/nouvelles\/energie-est-presente-a-lexposition-internationale-mce22\/\" \/>\r\n<meta property=\"og:locale\" content=\"fr_FR\" \/>\r\n<meta property=\"og:type\" content=\"article\" \/>\r\n<meta property=\"og:title\" content=\"ENERGIE EST PR\u00c9SENTE \u00c0 L\u2019EXPOSITION INTERNATIONALE MCE&#039;22 - ENERGIE EST, Lda.\" \/>\r\n<meta property=\"og:description\" content=\"ENERGIE est de retour dans les salons internationaux en participant \u00e0 l\u2019un des plus grands salons europ\u00e9ens et internationaux du chauffage, de la ventilation, de la climatisation (HVAC). La Mostra Convegno Expocomfort&rsquo;22 (MCE) a lieu \u00e0 Milan, du 28 juin au 1er juillet. &#013; La MCE pr\u00e9sente le panorama complet du secteur et les nouvelles [&hellip;]\" \/>\r\n<meta property=\"og:url\" content=\"https:\/\/energie.pt\/fr\/monde-energie\/nouvelles\/energie-est-presente-a-lexposition-internationale-mce22\/\" \/>\r\n<meta property=\"og:site_name\" content=\"ENERGIE EST, Lda.\" \/>\r\n<meta property=\"article:publisher\" content=\"https:\/\/www.facebook.com\/EnergiePortugalEst\/\" \/>\r\n<meta property=\"article:published_time\" content=\"2022-06-24T10:08:00+00:00\" \/>\r\n<meta property=\"article:modified_time\" content=\"2025-01-23T09:24:35+00:00\" \/>\r\n<meta property=\"og:image\" content=\"https:\/\/energie.pt\/wp-content\/uploads\/2022\/06\/mai_jun_mce.jpg\" \/>\r\n\t<meta property=\"og:image:width\" content=\"1567\" \/>\r\n\t<meta property=\"og:image:height\" content=\"830\" \/>\r\n\t<meta property=\"og:image:type\" content=\"image\/jpeg\" \/>\r\n<meta name=\"author\" content=\"Serafim Paredes\" \/>\r\n<meta name=\"twitter:card\" content=\"summary_large_image\" \/>\r\n<meta name=\"twitter:label1\" content=\"\u00c9crit par\" \/>\n\t<meta name=\"twitter:data1\" content=\"Serafim Paredes\" \/>\n\t<meta name=\"twitter:label2\" content=\"Dur\u00e9e de lecture estim\u00e9e\" \/>\n\t<meta name=\"twitter:data2\" content=\"1 minute\" \/>\r\n<script type=\"application\/ld+json\" class=\"yoast-schema-graph\">{\"@context\":\"https:\/\/schema.org\",\"@graph\":[{\"@type\":\"Article\",\"@id\":\"https:\/\/energie.pt\/fr\/monde-energie\/nouvelles\/energie-est-presente-a-lexposition-internationale-mce22\/#article\",\"isPartOf\":{\"@id\":\"https:\/\/energie.pt\/fr\/monde-energie\/nouvelles\/energie-est-presente-a-lexposition-internationale-mce22\/\"},\"author\":{\"name\":\"Serafim Paredes\",\"@id\":\"https:\/\/energie.pt\/fr\/#\/schema\/person\/fbbc926447d5bcdd4272d1b2b459c176\"},\"headline\":\"ENERGIE EST PR\u00c9SENTE \u00c0 L\u2019EXPOSITION INTERNATIONALE MCE&rsquo;22\",\"datePublished\":\"2022-06-24T10:08:00+00:00\",\"dateModified\":\"2025-01-23T09:24:35+00:00\",\"mainEntityOfPage\":{\"@id\":\"https:\/\/energie.pt\/fr\/monde-energie\/nouvelles\/energie-est-presente-a-lexposition-internationale-mce22\/\"},\"wordCount\":204,\"publisher\":{\"@id\":\"https:\/\/energie.pt\/fr\/#organization\"},\"image\":{\"@id\":\"https:\/\/energie.pt\/fr\/monde-energie\/nouvelles\/energie-est-presente-a-lexposition-internationale-mce22\/#primaryimage\"},\"thumbnailUrl\":\"https:\/\/energie.pt\/wp-content\/uploads\/2022\/06\/mai_jun_mce.jpg\",\"articleSection\":[\"Monde Energie\",\"Nouvelles\"],\"inLanguage\":\"fr-FR\"},{\"@type\":\"WebPage\",\"@id\":\"https:\/\/energie.pt\/fr\/monde-energie\/nouvelles\/energie-est-presente-a-lexposition-internationale-mce22\/\",\"url\":\"https:\/\/energie.pt\/fr\/monde-energie\/nouvelles\/energie-est-presente-a-lexposition-internationale-mce22\/\",\"name\":\"ENERGIE EST PR\u00c9SENTE \u00c0 L\u2019EXPOSITION INTERNATIONALE MCE'22 - ENERGIE EST, Lda.\",\"isPartOf\":{\"@id\":\"https:\/\/energie.pt\/fr\/#website\"},\"primaryImageOfPage\":{\"@id\":\"https:\/\/energie.pt\/fr\/monde-energie\/nouvelles\/energie-est-presente-a-lexposition-internationale-mce22\/#primaryimage\"},\"image\":{\"@id\":\"https:\/\/energie.pt\/fr\/monde-energie\/nouvelles\/energie-est-presente-a-lexposition-internationale-mce22\/#primaryimage\"},\"thumbnailUrl\":\"https:\/\/energie.pt\/wp-content\/uploads\/2022\/06\/mai_jun_mce.jpg\",\"datePublished\":\"2022-06-24T10:08:00+00:00\",\"dateModified\":\"2025-01-23T09:24:35+00:00\",\"breadcrumb\":{\"@id\":\"https:\/\/energie.pt\/fr\/monde-energie\/nouvelles\/energie-est-presente-a-lexposition-internationale-mce22\/#breadcrumb\"},\"inLanguage\":\"fr-FR\",\"potentialAction\":[{\"@type\":\"ReadAction\",\"target\":[\"https:\/\/energie.pt\/fr\/monde-energie\/nouvelles\/energie-est-presente-a-lexposition-internationale-mce22\/\"]}]},{\"@type\":\"ImageObject\",\"inLanguage\":\"fr-FR\",\"@id\":\"https:\/\/energie.pt\/fr\/monde-energie\/nouvelles\/energie-est-presente-a-lexposition-internationale-mce22\/#primaryimage\",\"url\":\"https:\/\/energie.pt\/wp-content\/uploads\/2022\/06\/mai_jun_mce.jpg\",\"contentUrl\":\"https:\/\/energie.pt\/wp-content\/uploads\/2022\/06\/mai_jun_mce.jpg\",\"width\":1567,\"height\":830},{\"@type\":\"BreadcrumbList\",\"@id\":\"https:\/\/energie.pt\/fr\/monde-energie\/nouvelles\/energie-est-presente-a-lexposition-internationale-mce22\/#breadcrumb\",\"itemListElement\":[{\"@type\":\"ListItem\",\"position\":1,\"name\":\"Page d'accueil\",\"item\":\"https:\/\/energie.pt\/fr\/\"},{\"@type\":\"ListItem\",\"position\":2,\"name\":\"Monde Energie\",\"item\":\"https:\/\/energie.pt\/fr\/category\/monde-energie\/\"},{\"@type\":\"ListItem\",\"position\":3,\"name\":\"Nouvelles\",\"item\":\"https:\/\/energie.pt\/fr\/category\/monde-energie\/nouvelles\/\"},{\"@type\":\"ListItem\",\"position\":4,\"name\":\"ENERGIE EST PR\u00c9SENTE \u00c0 L\u2019EXPOSITION INTERNATIONALE MCE&rsquo;22\"}]},{\"@type\":\"WebSite\",\"@id\":\"https:\/\/energie.pt\/fr\/#website\",\"url\":\"https:\/\/energie.pt\/fr\/\",\"name\":\"ENERGIE\",\"description\":\"Solutions d'\u00e9nergie solaire thermodynamique, climatisation, pompes \u00e0 chaleur et ECS\",\"publisher\":{\"@id\":\"https:\/\/energie.pt\/fr\/#organization\"},\"alternateName\":\"ENERGIE\",\"potentialAction\":[{\"@type\":\"SearchAction\",\"target\":{\"@type\":\"EntryPoint\",\"urlTemplate\":\"https:\/\/energie.pt\/fr\/?s={search_term_string}\"},\"query-input\":\"required name=search_term_string\"}],\"inLanguage\":\"fr-FR\"},{\"@type\":\"Organization\",\"@id\":\"https:\/\/energie.pt\/fr\/#organization\",\"name\":\"Energie - Thermodynamic Solar Energy\",\"alternateName\":\"Energie\",\"url\":\"https:\/\/energie.pt\/fr\/\",\"logo\":{\"@type\":\"ImageObject\",\"inLanguage\":\"fr-FR\",\"@id\":\"https:\/\/energie.pt\/fr\/#\/schema\/logo\/image\/\",\"url\":\"https:\/\/energie.pt\/wp-content\/uploads\/2021\/06\/logo_energie.svg\",\"contentUrl\":\"https:\/\/energie.pt\/wp-content\/uploads\/2021\/06\/logo_energie.svg\",\"width\":190,\"height\":55,\"caption\":\"Energie - Thermodynamic Solar Energy\"},\"image\":{\"@id\":\"https:\/\/energie.pt\/fr\/#\/schema\/logo\/image\/\"},\"sameAs\":[\"https:\/\/www.facebook.com\/EnergiePortugalEst\/\",\"https:\/\/www.instagram.com\/energieportugal\/\",\"https:\/\/www.youtube.com\/channel\/UCnItbF_zm_YZ1tFqzUcVgPQ\",\"https:\/\/www.linkedin.com\/company\/energieportugal\/\"]},{\"@type\":\"Person\",\"@id\":\"https:\/\/energie.pt\/fr\/#\/schema\/person\/fbbc926447d5bcdd4272d1b2b459c176\",\"name\":\"Serafim Paredes\",\"sameAs\":[\"https:\/\/energie.pt\/\"],\"url\":\"https:\/\/energie.pt\/fr\/author\/serafim\/\"}]}<\/script>\r\n<!-- \/ Yoast SEO plugin. -->","yoast_head_json":{"title":"ENERGIE EST PR\u00c9SENTE \u00c0 L\u2019EXPOSITION INTERNATIONALE MCE'22 - ENERGIE EST, Lda.","robots":{"index":"index","follow":"follow","max-snippet":"max-snippet:-1","max-image-preview":"max-image-preview:large","max-video-preview":"max-video-preview:-1"},"canonical":"https:\/\/energie.pt\/fr\/monde-energie\/nouvelles\/energie-est-presente-a-lexposition-internationale-mce22\/","og_locale":"fr_FR","og_type":"article","og_title":"ENERGIE EST PR\u00c9SENTE \u00c0 L\u2019EXPOSITION INTERNATIONALE MCE'22 - ENERGIE EST, Lda.","og_description":"ENERGIE est de retour dans les salons internationaux en participant \u00e0 l\u2019un des plus grands salons europ\u00e9ens et internationaux du chauffage, de la ventilation, de la climatisation (HVAC). La Mostra Convegno Expocomfort&rsquo;22 (MCE) a lieu \u00e0 Milan, du 28 juin au 1er juillet. &#13; La MCE pr\u00e9sente le panorama complet du secteur et les nouvelles [&hellip;]","og_url":"https:\/\/energie.pt\/fr\/monde-energie\/nouvelles\/energie-est-presente-a-lexposition-internationale-mce22\/","og_site_name":"ENERGIE EST, Lda.","article_publisher":"https:\/\/www.facebook.com\/EnergiePortugalEst\/","article_published_time":"2022-06-24T10:08:00+00:00","article_modified_time":"2025-01-23T09:24:35+00:00","og_image":[{"width":1567,"height":830,"url":"https:\/\/energie.pt\/wp-content\/uploads\/2022\/06\/mai_jun_mce.jpg","type":"image\/jpeg"}],"author":"Serafim Paredes","twitter_card":"summary_large_image","twitter_misc":{"\u00c9crit par":"Serafim Paredes","Dur\u00e9e de lecture estim\u00e9e":"1 minute"},"schema":{"@context":"https:\/\/schema.org","@graph":[{"@type":"Article","@id":"https:\/\/energie.pt\/fr\/monde-energie\/nouvelles\/energie-est-presente-a-lexposition-internationale-mce22\/#article","isPartOf":{"@id":"https:\/\/energie.pt\/fr\/monde-energie\/nouvelles\/energie-est-presente-a-lexposition-internationale-mce22\/"},"author":{"name":"Serafim Paredes","@id":"https:\/\/energie.pt\/fr\/#\/schema\/person\/fbbc926447d5bcdd4272d1b2b459c176"},"headline":"ENERGIE EST PR\u00c9SENTE \u00c0 L\u2019EXPOSITION INTERNATIONALE MCE&rsquo;22","datePublished":"2022-06-24T10:08:00+00:00","dateModified":"2025-01-23T09:24:35+00:00","mainEntityOfPage":{"@id":"https:\/\/energie.pt\/fr\/monde-energie\/nouvelles\/energie-est-presente-a-lexposition-internationale-mce22\/"},"wordCount":204,"publisher":{"@id":"https:\/\/energie.pt\/fr\/#organization"},"image":{"@id":"https:\/\/energie.pt\/fr\/monde-energie\/nouvelles\/energie-est-presente-a-lexposition-internationale-mce22\/#primaryimage"},"thumbnailUrl":"https:\/\/energie.pt\/wp-content\/uploads\/2022\/06\/mai_jun_mce.jpg","articleSection":["Monde Energie","Nouvelles"],"inLanguage":"fr-FR"},{"@type":"WebPage","@id":"https:\/\/energie.pt\/fr\/monde-energie\/nouvelles\/energie-est-presente-a-lexposition-internationale-mce22\/","url":"https:\/\/energie.pt\/fr\/monde-energie\/nouvelles\/energie-est-presente-a-lexposition-internationale-mce22\/","name":"ENERGIE EST PR\u00c9SENTE \u00c0 L\u2019EXPOSITION INTERNATIONALE MCE'22 - ENERGIE EST, Lda.","isPartOf":{"@id":"https:\/\/energie.pt\/fr\/#website"},"primaryImageOfPage":{"@id":"https:\/\/energie.pt\/fr\/monde-energie\/nouvelles\/energie-est-presente-a-lexposition-internationale-mce22\/#primaryimage"},"image":{"@id":"https:\/\/energie.pt\/fr\/monde-energie\/nouvelles\/energie-est-presente-a-lexposition-internationale-mce22\/#primaryimage"},"thumbnailUrl":"https:\/\/energie.pt\/wp-content\/uploads\/2022\/06\/mai_jun_mce.jpg","datePublished":"2022-06-24T10:08:00+00:00","dateModified":"2025-01-23T09:24:35+00:00","breadcrumb":{"@id":"https:\/\/energie.pt\/fr\/monde-energie\/nouvelles\/energie-est-presente-a-lexposition-internationale-mce22\/#breadcrumb"},"inLanguage":"fr-FR","potentialAction":[{"@type":"ReadAction","target":["https:\/\/energie.pt\/fr\/monde-energie\/nouvelles\/energie-est-presente-a-lexposition-internationale-mce22\/"]}]},{"@type":"ImageObject","inLanguage":"fr-FR","@id":"https:\/\/energie.pt\/fr\/monde-energie\/nouvelles\/energie-est-presente-a-lexposition-internationale-mce22\/#primaryimage","url":"https:\/\/energie.pt\/wp-content\/uploads\/2022\/06\/mai_jun_mce.jpg","contentUrl":"https:\/\/energie.pt\/wp-content\/uploads\/2022\/06\/mai_jun_mce.jpg","width":1567,"height":830},{"@type":"BreadcrumbList","@id":"https:\/\/energie.pt\/fr\/monde-energie\/nouvelles\/energie-est-presente-a-lexposition-internationale-mce22\/#breadcrumb","itemListElement":[{"@type":"ListItem","position":1,"name":"Page d'accueil","item":"https:\/\/energie.pt\/fr\/"},{"@type":"ListItem","position":2,"name":"Monde Energie","item":"https:\/\/energie.pt\/fr\/category\/monde-energie\/"},{"@type":"ListItem","position":3,"name":"Nouvelles","item":"https:\/\/energie.pt\/fr\/category\/monde-energie\/nouvelles\/"},{"@type":"ListItem","position":4,"name":"ENERGIE EST PR\u00c9SENTE \u00c0 L\u2019EXPOSITION INTERNATIONALE MCE&rsquo;22"}]},{"@type":"WebSite","@id":"https:\/\/energie.pt\/fr\/#website","url":"https:\/\/energie.pt\/fr\/","name":"ENERGIE","description":"Solutions d'\u00e9nergie solaire thermodynamique, climatisation, pompes \u00e0 chaleur et ECS","publisher":{"@id":"https:\/\/energie.pt\/fr\/#organization"},"alternateName":"ENERGIE","potentialAction":[{"@type":"SearchAction","target":{"@type":"EntryPoint","urlTemplate":"https:\/\/energie.pt\/fr\/?s={search_term_string}"},"query-input":"required name=search_term_string"}],"inLanguage":"fr-FR"},{"@type":"Organization","@id":"https:\/\/energie.pt\/fr\/#organization","name":"Energie - Thermodynamic Solar Energy","alternateName":"Energie","url":"https:\/\/energie.pt\/fr\/","logo":{"@type":"ImageObject","inLanguage":"fr-FR","@id":"https:\/\/energie.pt\/fr\/#\/schema\/logo\/image\/","url":"https:\/\/energie.pt\/wp-content\/uploads\/2021\/06\/logo_energie.svg","contentUrl":"https:\/\/energie.pt\/wp-content\/uploads\/2021\/06\/logo_energie.svg","width":190,"height":55,"caption":"Energie - Thermodynamic Solar Energy"},"image":{"@id":"https:\/\/energie.pt\/fr\/#\/schema\/logo\/image\/"},"sameAs":["https:\/\/www.facebook.com\/EnergiePortugalEst\/","https:\/\/www.instagram.com\/energieportugal\/","https:\/\/www.youtube.com\/channel\/UCnItbF_zm_YZ1tFqzUcVgPQ","https:\/\/www.linkedin.com\/company\/energieportugal\/"]},{"@type":"Person","@id":"https:\/\/energie.pt\/fr\/#\/schema\/person\/fbbc926447d5bcdd4272d1b2b459c176","name":"Serafim Paredes","sameAs":["https:\/\/energie.pt\/"],"url":"https:\/\/energie.pt\/fr\/author\/serafim\/"}]}},"_links":{"self":[{"href":"https:\/\/energie.pt\/fr\/wp-json\/wp\/v2\/posts\/15648"}],"collection":[{"href":"https:\/\/energie.pt\/fr\/wp-json\/wp\/v2\/posts"}],"about":[{"href":"https:\/\/energie.pt\/fr\/wp-json\/wp\/v2\/types\/post"}],"author":[{"embeddable":true,"href":"https:\/\/energie.pt\/fr\/wp-json\/wp\/v2\/users\/2"}],"replies":[{"embeddable":true,"href":"https:\/\/energie.pt\/fr\/wp-json\/wp\/v2\/comments?post=15648"}],"version-history":[{"count":1,"href":"https:\/\/energie.pt\/fr\/wp-json\/wp\/v2\/posts\/15648\/revisions"}],"predecessor-version":[{"id":30173,"href":"https:\/\/energie.pt\/fr\/wp-json\/wp\/v2\/posts\/15648\/revisions\/30173"}],"wp:featuredmedia":[{"embeddable":true,"href":"https:\/\/energie.pt\/fr\/wp-json\/wp\/v2\/media\/10968"}],"wp:attachment":[{"href":"https:\/\/energie.pt\/fr\/wp-json\/wp\/v2\/media?parent=15648"}],"wp:term":[{"taxonomy":"category","embeddable":true,"href":"https:\/\/energie.pt\/fr\/wp-json\/wp\/v2\/categories?post=15648"},{"taxonomy":"post_tag","embeddable":true,"href":"https:\/\/energie.pt\/fr\/wp-json\/wp\/v2\/tags?post=15648"}],"curies":[{"name":"wp","href":"https:\/\/api.w.org\/{rel}","templated":true}]}}