{"id":17684,"date":"2018-01-16T10:22:20","date_gmt":"2018-01-16T10:22:20","guid":{"rendered":"https:\/\/energie.pt\/monde-energie\/nouvelles\/energie-academy-formation-technique-des-cadres-opertec\/"},"modified":"2025-01-23T15:43:35","modified_gmt":"2025-01-23T15:43:35","slug":"energie-academy-formation-technique-des-cadres-opertec","status":"publish","type":"post","link":"https:\/\/energie.pt\/fr\/monde-energie\/nouvelles\/energie-academy-formation-technique-des-cadres-opertec\/","title":{"rendered":"ENERGIE ACADEMY FORMATION TECHNIQUE DES CADRES OPERTEC"},"content":{"rendered":"\n<p>Le 15 janvier, une formation technique coordonn\u00e9e par le personnel technique d&rsquo;ENERGIE a eu lieu dans les installation d\u2019ENERGIE Academy, et \u00e0 laquelle ont particip\u00e9 14 membres de la soci\u00e9t\u00e9 OPERTEC.<\/p>\n\n<p>Dans cette initiative, la gamme de produits a \u00e9t\u00e9 pr\u00e9sent\u00e9e avec une approche technique des caract\u00e9ristiques et des potentialit\u00e9s de chaque typologie de produit, mettant en \u00e9vidence les solutions d\u2019Eaux Chaudes Sanitaires (ECS) pour un usage domestique et industriel. <br\/><br\/>&#13;\nL&rsquo;objectif principal de la pr\u00e9sentation \u00e9tait la transmission et le partage des connaissances qui permettront aux techniciens d&rsquo;OPERTEC de s\u00e9lectionner le produit avec plus de pr\u00e9cision, une situation qui permettra un meilleur suivi et l&rsquo;ex\u00e9cution de leurs projets. &#13;\n<\/p>\n\n<p>Apr\u00e8s avoir expliqu\u00e9 les \u00e9tapes et les s\u00e9quences d&rsquo;installation, les participants ont montr\u00e9 leur appr\u00e9ciation pour la conduite du processus, \u00e9tant disponibles pour proposer des solutions ENERGIE aux demandes et travaux ouverts. <br\/><br\/>&#13;\n&#13;\nIl a \u00e9galement \u00e9t\u00e9 r\u00e9alis\u00e9 une visite \u00e0 l&rsquo;usine, o\u00f9 il a \u00e9t\u00e9 possible de contacter de pr\u00e8s avec les processus et les m\u00e9thodes constructives et la qualit\u00e9 des \u00e9quipements fabriqu\u00e9s. <br\/><br\/>&#13;\nLa session s&rsquo;est termin\u00e9e avec l&rsquo;intention d&rsquo;explorer ces questions dans un proche avenir.&#13;\n<\/p>\n","protected":false},"excerpt":{"rendered":"<p>Le 15 janvier, une formation technique coordonn\u00e9e par le personnel technique d&rsquo;ENERGIE a eu lieu dans les installation d\u2019ENERGIE Academy, et \u00e0 laquelle ont particip\u00e9 14 membres de la soci\u00e9t\u00e9 OPERTEC. Dans cette initiative, la gamme de produits a \u00e9t\u00e9 pr\u00e9sent\u00e9e avec une approche technique des caract\u00e9ristiques et des potentialit\u00e9s de chaque typologie de produit, [&hellip;]<\/p>\n","protected":false},"author":3,"featured_media":10434,"comment_status":"open","ping_status":"closed","sticky":false,"template":"","format":"standard","meta":{"_acf_changed":false,"footnotes":""},"categories":[263,136],"tags":[],"class_list":["post-17684","post","type-post","status-publish","format-standard","has-post-thumbnail","hentry","category-monde-energie","category-nouvelles"],"blocksy_meta":{"styles_descriptor":{"styles":{"desktop":"","tablet":"","mobile":""},"google_fonts":[],"version":6}},"acf":{"data_bimensal_da_noticia":"janvier | F\u00e9vrier \/ 2018"},"cp_meta_data":{"_encloseme":["1"],"blocksy_post_meta_options":["a:1:{s:17:\"styles_descriptor\";a:3:{s:6:\"styles\";a:3:{s:7:\"desktop\";s:0:\"\";s:6:\"tablet\";s:0:\"\";s:6:\"mobile\";s:0:\"\";}s:12:\"google_fonts\";a:0:{}s:7:\"version\";i:6;}}"],"_wpml_media_duplicate":["1"],"_wpml_media_featured":["1"],"_data_bimensal_da_noticia":["field_627e65cc70022"],"_top_nav_excluded":[""],"_cms_nav_minihome":[""],"_wp_page_template":["default"],"_thumbnail_id":["10434"],"_last_translation_edit_mode":["translation-editor"],"stackable_optimized_css":[""],"stackable_optimized_css_raw":["a:0:{}"],"_yoast_wpseo_primary_category":["1"],"data_bimensal_da_noticia":["janvier | F\u00e9vrier \/ 2018"]},"yoast_head":"<!-- This site is optimized with the Yoast SEO plugin v22.8 - https:\/\/yoast.com\/wordpress\/plugins\/seo\/ -->\r\n<title>ENERGIE ACADEMY FORMATION TECHNIQUE DES CADRES OPERTEC - ENERGIE EST, Lda.<\/title>\r\n<meta name=\"robots\" content=\"index, follow, max-snippet:-1, max-image-preview:large, max-video-preview:-1\" \/>\r\n<link rel=\"canonical\" href=\"https:\/\/energie.pt\/fr\/monde-energie\/nouvelles\/energie-academy-formation-technique-des-cadres-opertec\/\" \/>\r\n<meta property=\"og:locale\" content=\"fr_FR\" \/>\r\n<meta property=\"og:type\" content=\"article\" \/>\r\n<meta property=\"og:title\" content=\"ENERGIE ACADEMY FORMATION TECHNIQUE DES CADRES OPERTEC - ENERGIE EST, Lda.\" \/>\r\n<meta property=\"og:description\" content=\"Le 15 janvier, une formation technique coordonn\u00e9e par le personnel technique d&rsquo;ENERGIE a eu lieu dans les installation d\u2019ENERGIE Academy, et \u00e0 laquelle ont particip\u00e9 14 membres de la soci\u00e9t\u00e9 OPERTEC. Dans cette initiative, la gamme de produits a \u00e9t\u00e9 pr\u00e9sent\u00e9e avec une approche technique des caract\u00e9ristiques et des potentialit\u00e9s de chaque typologie de produit, [&hellip;]\" \/>\r\n<meta property=\"og:url\" content=\"https:\/\/energie.pt\/fr\/monde-energie\/nouvelles\/energie-academy-formation-technique-des-cadres-opertec\/\" \/>\r\n<meta property=\"og:site_name\" content=\"ENERGIE EST, Lda.\" \/>\r\n<meta property=\"article:publisher\" content=\"https:\/\/www.facebook.com\/EnergiePortugalEst\/\" \/>\r\n<meta property=\"article:published_time\" content=\"2018-01-16T10:22:20+00:00\" \/>\r\n<meta property=\"article:modified_time\" content=\"2025-01-23T15:43:35+00:00\" \/>\r\n<meta property=\"og:image\" content=\"https:\/\/energie.pt\/wp-content\/uploads\/2022\/06\/JANEIRO-2018_FORMACAO.jpg\" \/>\r\n\t<meta property=\"og:image:width\" content=\"1568\" \/>\r\n\t<meta property=\"og:image:height\" content=\"831\" \/>\r\n\t<meta property=\"og:image:type\" content=\"image\/jpeg\" \/>\r\n<meta name=\"author\" content=\"catiarocha\" \/>\r\n<meta name=\"twitter:card\" content=\"summary_large_image\" \/>\r\n<meta name=\"twitter:label1\" content=\"\u00c9crit par\" \/>\n\t<meta name=\"twitter:data1\" content=\"catiarocha\" \/>\n\t<meta name=\"twitter:label2\" content=\"Dur\u00e9e de lecture estim\u00e9e\" \/>\n\t<meta name=\"twitter:data2\" content=\"1 minute\" \/>\r\n<script type=\"application\/ld+json\" class=\"yoast-schema-graph\">{\"@context\":\"https:\/\/schema.org\",\"@graph\":[{\"@type\":\"Article\",\"@id\":\"https:\/\/energie.pt\/fr\/monde-energie\/nouvelles\/energie-academy-formation-technique-des-cadres-opertec\/#article\",\"isPartOf\":{\"@id\":\"https:\/\/energie.pt\/fr\/monde-energie\/nouvelles\/energie-academy-formation-technique-des-cadres-opertec\/\"},\"author\":{\"name\":\"catiarocha\",\"@id\":\"https:\/\/energie.pt\/fr\/#\/schema\/person\/db40e6f91190f7c107f522c91d27873d\"},\"headline\":\"ENERGIE ACADEMY FORMATION TECHNIQUE DES CADRES OPERTEC\",\"datePublished\":\"2018-01-16T10:22:20+00:00\",\"dateModified\":\"2025-01-23T15:43:35+00:00\",\"mainEntityOfPage\":{\"@id\":\"https:\/\/energie.pt\/fr\/monde-energie\/nouvelles\/energie-academy-formation-technique-des-cadres-opertec\/\"},\"wordCount\":216,\"commentCount\":0,\"publisher\":{\"@id\":\"https:\/\/energie.pt\/fr\/#organization\"},\"image\":{\"@id\":\"https:\/\/energie.pt\/fr\/monde-energie\/nouvelles\/energie-academy-formation-technique-des-cadres-opertec\/#primaryimage\"},\"thumbnailUrl\":\"https:\/\/energie.pt\/wp-content\/uploads\/2022\/06\/JANEIRO-2018_FORMACAO.jpg\",\"articleSection\":[\"Monde Energie\",\"Nouvelles\"],\"inLanguage\":\"fr-FR\",\"potentialAction\":[{\"@type\":\"CommentAction\",\"name\":\"Comment\",\"target\":[\"https:\/\/energie.pt\/fr\/monde-energie\/nouvelles\/energie-academy-formation-technique-des-cadres-opertec\/#respond\"]}]},{\"@type\":\"WebPage\",\"@id\":\"https:\/\/energie.pt\/fr\/monde-energie\/nouvelles\/energie-academy-formation-technique-des-cadres-opertec\/\",\"url\":\"https:\/\/energie.pt\/fr\/monde-energie\/nouvelles\/energie-academy-formation-technique-des-cadres-opertec\/\",\"name\":\"ENERGIE ACADEMY FORMATION TECHNIQUE DES CADRES OPERTEC - ENERGIE EST, Lda.\",\"isPartOf\":{\"@id\":\"https:\/\/energie.pt\/fr\/#website\"},\"primaryImageOfPage\":{\"@id\":\"https:\/\/energie.pt\/fr\/monde-energie\/nouvelles\/energie-academy-formation-technique-des-cadres-opertec\/#primaryimage\"},\"image\":{\"@id\":\"https:\/\/energie.pt\/fr\/monde-energie\/nouvelles\/energie-academy-formation-technique-des-cadres-opertec\/#primaryimage\"},\"thumbnailUrl\":\"https:\/\/energie.pt\/wp-content\/uploads\/2022\/06\/JANEIRO-2018_FORMACAO.jpg\",\"datePublished\":\"2018-01-16T10:22:20+00:00\",\"dateModified\":\"2025-01-23T15:43:35+00:00\",\"breadcrumb\":{\"@id\":\"https:\/\/energie.pt\/fr\/monde-energie\/nouvelles\/energie-academy-formation-technique-des-cadres-opertec\/#breadcrumb\"},\"inLanguage\":\"fr-FR\",\"potentialAction\":[{\"@type\":\"ReadAction\",\"target\":[\"https:\/\/energie.pt\/fr\/monde-energie\/nouvelles\/energie-academy-formation-technique-des-cadres-opertec\/\"]}]},{\"@type\":\"ImageObject\",\"inLanguage\":\"fr-FR\",\"@id\":\"https:\/\/energie.pt\/fr\/monde-energie\/nouvelles\/energie-academy-formation-technique-des-cadres-opertec\/#primaryimage\",\"url\":\"https:\/\/energie.pt\/wp-content\/uploads\/2022\/06\/JANEIRO-2018_FORMACAO.jpg\",\"contentUrl\":\"https:\/\/energie.pt\/wp-content\/uploads\/2022\/06\/JANEIRO-2018_FORMACAO.jpg\",\"width\":1568,\"height\":831},{\"@type\":\"BreadcrumbList\",\"@id\":\"https:\/\/energie.pt\/fr\/monde-energie\/nouvelles\/energie-academy-formation-technique-des-cadres-opertec\/#breadcrumb\",\"itemListElement\":[{\"@type\":\"ListItem\",\"position\":1,\"name\":\"Page d'accueil\",\"item\":\"https:\/\/energie.pt\/fr\/\"},{\"@type\":\"ListItem\",\"position\":2,\"name\":\"Monde Energie\",\"item\":\"https:\/\/energie.pt\/fr\/category\/monde-energie\/\"},{\"@type\":\"ListItem\",\"position\":3,\"name\":\"Nouvelles\",\"item\":\"https:\/\/energie.pt\/fr\/category\/monde-energie\/nouvelles\/\"},{\"@type\":\"ListItem\",\"position\":4,\"name\":\"ENERGIE ACADEMY FORMATION TECHNIQUE DES CADRES OPERTEC\"}]},{\"@type\":\"WebSite\",\"@id\":\"https:\/\/energie.pt\/fr\/#website\",\"url\":\"https:\/\/energie.pt\/fr\/\",\"name\":\"ENERGIE\",\"description\":\"Solutions d'\u00e9nergie solaire thermodynamique, climatisation, pompes \u00e0 chaleur et ECS\",\"publisher\":{\"@id\":\"https:\/\/energie.pt\/fr\/#organization\"},\"alternateName\":\"ENERGIE\",\"potentialAction\":[{\"@type\":\"SearchAction\",\"target\":{\"@type\":\"EntryPoint\",\"urlTemplate\":\"https:\/\/energie.pt\/fr\/?s={search_term_string}\"},\"query-input\":\"required name=search_term_string\"}],\"inLanguage\":\"fr-FR\"},{\"@type\":\"Organization\",\"@id\":\"https:\/\/energie.pt\/fr\/#organization\",\"name\":\"Energie - Thermodynamic Solar Energy\",\"alternateName\":\"Energie\",\"url\":\"https:\/\/energie.pt\/fr\/\",\"logo\":{\"@type\":\"ImageObject\",\"inLanguage\":\"fr-FR\",\"@id\":\"https:\/\/energie.pt\/fr\/#\/schema\/logo\/image\/\",\"url\":\"https:\/\/energie.pt\/wp-content\/uploads\/2021\/06\/logo_energie.svg\",\"contentUrl\":\"https:\/\/energie.pt\/wp-content\/uploads\/2021\/06\/logo_energie.svg\",\"width\":190,\"height\":55,\"caption\":\"Energie - Thermodynamic Solar Energy\"},\"image\":{\"@id\":\"https:\/\/energie.pt\/fr\/#\/schema\/logo\/image\/\"},\"sameAs\":[\"https:\/\/www.facebook.com\/EnergiePortugalEst\/\",\"https:\/\/www.instagram.com\/energieportugal\/\",\"https:\/\/www.youtube.com\/channel\/UCnItbF_zm_YZ1tFqzUcVgPQ\",\"https:\/\/www.linkedin.com\/company\/energieportugal\/\"]},{\"@type\":\"Person\",\"@id\":\"https:\/\/energie.pt\/fr\/#\/schema\/person\/db40e6f91190f7c107f522c91d27873d\",\"name\":\"catiarocha\",\"sameAs\":[\"https:\/\/energie.pt\/\"],\"url\":\"https:\/\/energie.pt\/fr\/author\/catiarocha\/\"}]}<\/script>\r\n<!-- \/ Yoast SEO plugin. -->","yoast_head_json":{"title":"ENERGIE ACADEMY FORMATION TECHNIQUE DES CADRES OPERTEC - ENERGIE EST, Lda.","robots":{"index":"index","follow":"follow","max-snippet":"max-snippet:-1","max-image-preview":"max-image-preview:large","max-video-preview":"max-video-preview:-1"},"canonical":"https:\/\/energie.pt\/fr\/monde-energie\/nouvelles\/energie-academy-formation-technique-des-cadres-opertec\/","og_locale":"fr_FR","og_type":"article","og_title":"ENERGIE ACADEMY FORMATION TECHNIQUE DES CADRES OPERTEC - ENERGIE EST, Lda.","og_description":"Le 15 janvier, une formation technique coordonn\u00e9e par le personnel technique d&rsquo;ENERGIE a eu lieu dans les installation d\u2019ENERGIE Academy, et \u00e0 laquelle ont particip\u00e9 14 membres de la soci\u00e9t\u00e9 OPERTEC. Dans cette initiative, la gamme de produits a \u00e9t\u00e9 pr\u00e9sent\u00e9e avec une approche technique des caract\u00e9ristiques et des potentialit\u00e9s de chaque typologie de produit, [&hellip;]","og_url":"https:\/\/energie.pt\/fr\/monde-energie\/nouvelles\/energie-academy-formation-technique-des-cadres-opertec\/","og_site_name":"ENERGIE EST, Lda.","article_publisher":"https:\/\/www.facebook.com\/EnergiePortugalEst\/","article_published_time":"2018-01-16T10:22:20+00:00","article_modified_time":"2025-01-23T15:43:35+00:00","og_image":[{"width":1568,"height":831,"url":"https:\/\/energie.pt\/wp-content\/uploads\/2022\/06\/JANEIRO-2018_FORMACAO.jpg","type":"image\/jpeg"}],"author":"catiarocha","twitter_card":"summary_large_image","twitter_misc":{"\u00c9crit par":"catiarocha","Dur\u00e9e de lecture estim\u00e9e":"1 minute"},"schema":{"@context":"https:\/\/schema.org","@graph":[{"@type":"Article","@id":"https:\/\/energie.pt\/fr\/monde-energie\/nouvelles\/energie-academy-formation-technique-des-cadres-opertec\/#article","isPartOf":{"@id":"https:\/\/energie.pt\/fr\/monde-energie\/nouvelles\/energie-academy-formation-technique-des-cadres-opertec\/"},"author":{"name":"catiarocha","@id":"https:\/\/energie.pt\/fr\/#\/schema\/person\/db40e6f91190f7c107f522c91d27873d"},"headline":"ENERGIE ACADEMY FORMATION TECHNIQUE DES CADRES OPERTEC","datePublished":"2018-01-16T10:22:20+00:00","dateModified":"2025-01-23T15:43:35+00:00","mainEntityOfPage":{"@id":"https:\/\/energie.pt\/fr\/monde-energie\/nouvelles\/energie-academy-formation-technique-des-cadres-opertec\/"},"wordCount":216,"commentCount":0,"publisher":{"@id":"https:\/\/energie.pt\/fr\/#organization"},"image":{"@id":"https:\/\/energie.pt\/fr\/monde-energie\/nouvelles\/energie-academy-formation-technique-des-cadres-opertec\/#primaryimage"},"thumbnailUrl":"https:\/\/energie.pt\/wp-content\/uploads\/2022\/06\/JANEIRO-2018_FORMACAO.jpg","articleSection":["Monde Energie","Nouvelles"],"inLanguage":"fr-FR","potentialAction":[{"@type":"CommentAction","name":"Comment","target":["https:\/\/energie.pt\/fr\/monde-energie\/nouvelles\/energie-academy-formation-technique-des-cadres-opertec\/#respond"]}]},{"@type":"WebPage","@id":"https:\/\/energie.pt\/fr\/monde-energie\/nouvelles\/energie-academy-formation-technique-des-cadres-opertec\/","url":"https:\/\/energie.pt\/fr\/monde-energie\/nouvelles\/energie-academy-formation-technique-des-cadres-opertec\/","name":"ENERGIE ACADEMY FORMATION TECHNIQUE DES CADRES OPERTEC - ENERGIE EST, Lda.","isPartOf":{"@id":"https:\/\/energie.pt\/fr\/#website"},"primaryImageOfPage":{"@id":"https:\/\/energie.pt\/fr\/monde-energie\/nouvelles\/energie-academy-formation-technique-des-cadres-opertec\/#primaryimage"},"image":{"@id":"https:\/\/energie.pt\/fr\/monde-energie\/nouvelles\/energie-academy-formation-technique-des-cadres-opertec\/#primaryimage"},"thumbnailUrl":"https:\/\/energie.pt\/wp-content\/uploads\/2022\/06\/JANEIRO-2018_FORMACAO.jpg","datePublished":"2018-01-16T10:22:20+00:00","dateModified":"2025-01-23T15:43:35+00:00","breadcrumb":{"@id":"https:\/\/energie.pt\/fr\/monde-energie\/nouvelles\/energie-academy-formation-technique-des-cadres-opertec\/#breadcrumb"},"inLanguage":"fr-FR","potentialAction":[{"@type":"ReadAction","target":["https:\/\/energie.pt\/fr\/monde-energie\/nouvelles\/energie-academy-formation-technique-des-cadres-opertec\/"]}]},{"@type":"ImageObject","inLanguage":"fr-FR","@id":"https:\/\/energie.pt\/fr\/monde-energie\/nouvelles\/energie-academy-formation-technique-des-cadres-opertec\/#primaryimage","url":"https:\/\/energie.pt\/wp-content\/uploads\/2022\/06\/JANEIRO-2018_FORMACAO.jpg","contentUrl":"https:\/\/energie.pt\/wp-content\/uploads\/2022\/06\/JANEIRO-2018_FORMACAO.jpg","width":1568,"height":831},{"@type":"BreadcrumbList","@id":"https:\/\/energie.pt\/fr\/monde-energie\/nouvelles\/energie-academy-formation-technique-des-cadres-opertec\/#breadcrumb","itemListElement":[{"@type":"ListItem","position":1,"name":"Page d'accueil","item":"https:\/\/energie.pt\/fr\/"},{"@type":"ListItem","position":2,"name":"Monde Energie","item":"https:\/\/energie.pt\/fr\/category\/monde-energie\/"},{"@type":"ListItem","position":3,"name":"Nouvelles","item":"https:\/\/energie.pt\/fr\/category\/monde-energie\/nouvelles\/"},{"@type":"ListItem","position":4,"name":"ENERGIE ACADEMY FORMATION TECHNIQUE DES CADRES OPERTEC"}]},{"@type":"WebSite","@id":"https:\/\/energie.pt\/fr\/#website","url":"https:\/\/energie.pt\/fr\/","name":"ENERGIE","description":"Solutions d'\u00e9nergie solaire thermodynamique, climatisation, pompes \u00e0 chaleur et ECS","publisher":{"@id":"https:\/\/energie.pt\/fr\/#organization"},"alternateName":"ENERGIE","potentialAction":[{"@type":"SearchAction","target":{"@type":"EntryPoint","urlTemplate":"https:\/\/energie.pt\/fr\/?s={search_term_string}"},"query-input":"required name=search_term_string"}],"inLanguage":"fr-FR"},{"@type":"Organization","@id":"https:\/\/energie.pt\/fr\/#organization","name":"Energie - Thermodynamic Solar Energy","alternateName":"Energie","url":"https:\/\/energie.pt\/fr\/","logo":{"@type":"ImageObject","inLanguage":"fr-FR","@id":"https:\/\/energie.pt\/fr\/#\/schema\/logo\/image\/","url":"https:\/\/energie.pt\/wp-content\/uploads\/2021\/06\/logo_energie.svg","contentUrl":"https:\/\/energie.pt\/wp-content\/uploads\/2021\/06\/logo_energie.svg","width":190,"height":55,"caption":"Energie - Thermodynamic Solar Energy"},"image":{"@id":"https:\/\/energie.pt\/fr\/#\/schema\/logo\/image\/"},"sameAs":["https:\/\/www.facebook.com\/EnergiePortugalEst\/","https:\/\/www.instagram.com\/energieportugal\/","https:\/\/www.youtube.com\/channel\/UCnItbF_zm_YZ1tFqzUcVgPQ","https:\/\/www.linkedin.com\/company\/energieportugal\/"]},{"@type":"Person","@id":"https:\/\/energie.pt\/fr\/#\/schema\/person\/db40e6f91190f7c107f522c91d27873d","name":"catiarocha","sameAs":["https:\/\/energie.pt\/"],"url":"https:\/\/energie.pt\/fr\/author\/catiarocha\/"}]}},"_links":{"self":[{"href":"https:\/\/energie.pt\/fr\/wp-json\/wp\/v2\/posts\/17684"}],"collection":[{"href":"https:\/\/energie.pt\/fr\/wp-json\/wp\/v2\/posts"}],"about":[{"href":"https:\/\/energie.pt\/fr\/wp-json\/wp\/v2\/types\/post"}],"author":[{"embeddable":true,"href":"https:\/\/energie.pt\/fr\/wp-json\/wp\/v2\/users\/3"}],"replies":[{"embeddable":true,"href":"https:\/\/energie.pt\/fr\/wp-json\/wp\/v2\/comments?post=17684"}],"version-history":[{"count":1,"href":"https:\/\/energie.pt\/fr\/wp-json\/wp\/v2\/posts\/17684\/revisions"}],"predecessor-version":[{"id":30539,"href":"https:\/\/energie.pt\/fr\/wp-json\/wp\/v2\/posts\/17684\/revisions\/30539"}],"wp:featuredmedia":[{"embeddable":true,"href":"https:\/\/energie.pt\/fr\/wp-json\/wp\/v2\/media\/10434"}],"wp:attachment":[{"href":"https:\/\/energie.pt\/fr\/wp-json\/wp\/v2\/media?parent=17684"}],"wp:term":[{"taxonomy":"category","embeddable":true,"href":"https:\/\/energie.pt\/fr\/wp-json\/wp\/v2\/categories?post=17684"},{"taxonomy":"post_tag","embeddable":true,"href":"https:\/\/energie.pt\/fr\/wp-json\/wp\/v2\/tags?post=17684"}],"curies":[{"name":"wp","href":"https:\/\/api.w.org\/{rel}","templated":true}]}}