{"id":23111,"date":"2023-12-18T15:53:53","date_gmt":"2023-12-18T15:53:53","guid":{"rendered":"https:\/\/energie.pt\/monde-energie\/nouvelles\/travaux-de-reference-immeuble-collectif-2\/"},"modified":"2025-01-22T11:31:29","modified_gmt":"2025-01-22T11:31:29","slug":"travaux-de-reference-immeuble-collectif-2","status":"publish","type":"post","link":"https:\/\/energie.pt\/fr\/monde-energie\/nouvelles\/travaux-de-reference-immeuble-collectif-2\/","title":{"rendered":"TRAVAUX DE R\u00c9F\u00c9RENCE \u2013 IMMEUBLE COLLECTIF"},"content":{"rendered":"\n<p><strong>ENERGIE pr\u00e9sente un nouveau projet de r\u00e9f\u00e9rence sur les rives du fleuve C\u00e1vado, dans le nord du Portugal.<\/strong><\/p>\n\n<p>Le paysage pittoresque des rives du fleuve C\u00e1vado, dans le nord du Portugal, a \u00e9t\u00e9 le t\u00e9moin d\u2019un nouveau projet immobilier de r\u00e9f\u00e9rence d\u2019ENERGIE. Ce projet, compos\u00e9 de quatre lots, repr\u00e9sente une convergence parfaite des normes les plus \u00e9lev\u00e9es en mati\u00e8re de confort et de technologie. Dans ce projet, plus de 80 pompes \u00e0 chaleur a\u00e9rothermiques AQUAPURA ont \u00e9t\u00e9 install\u00e9es, une solution innovante et efficiente.<\/p>\n\n<p>Dans ce complexe immobilier, les mod\u00e8les AQUAPURA MONOBLOC et AQUAPURA SPLIT, adapt\u00e9s \u00e0 diff\u00e9rents besoins, constituent l\u2019ensemble des solutions install\u00e9es. Ces pompes \u00e0 chaleur a\u00e9rothermiques, destin\u00e9es au chauffage de l\u2019eau \u00e0 usage r\u00e9sidentiel, sont capables d\u2019offrir de l\u2019eau chaude jusqu\u2019\u00e0 60 \u00b0C. Le principal atout de ces \u00e9quipements est leur remarquable efficacit\u00e9, attest\u00e9e par la classe \u00e9nerg\u00e9tique A++, qui leur conf\u00e8re l\u2019un des coefficients de performance (COP) les plus \u00e9lev\u00e9s du march\u00e9. Par exemple, le mod\u00e8le de 270 litres pr\u00e9sente un COP de 3,9, ce qui renforce l\u2019efficacit\u00e9 et la durabilit\u00e9 de ces syst\u00e8mes.<\/p>\n\n<p>ENERGIE s\u2019engage continuellement \u00e0 fournir des solutions adapt\u00e9es \u00e0 chaque d\u00e9fi. Et pour chaque d\u00e9fi, une solution\u2009!<\/p>\n","protected":false},"excerpt":{"rendered":"<p>ENERGIE pr\u00e9sente un nouveau projet de r\u00e9f\u00e9rence sur les rives du fleuve C\u00e1vado, dans le nord du Portugal. Le paysage pittoresque des rives du fleuve C\u00e1vado, dans le nord du Portugal, a \u00e9t\u00e9 le t\u00e9moin d\u2019un nouveau projet immobilier de r\u00e9f\u00e9rence d\u2019ENERGIE. Ce projet, compos\u00e9 de quatre lots, repr\u00e9sente une convergence parfaite des normes les [&hellip;]<\/p>\n","protected":false},"author":2,"featured_media":23082,"comment_status":"closed","ping_status":"closed","sticky":false,"template":"","format":"standard","meta":{"_acf_changed":false,"footnotes":""},"categories":[263,136],"tags":[],"class_list":["post-23111","post","type-post","status-publish","format-standard","has-post-thumbnail","hentry","category-monde-energie","category-nouvelles"],"blocksy_meta":[],"acf":{"data_bimensal_da_noticia":"SEPTEMBRE | OCTOBRE \/ 2023"},"cp_meta_data":{"_encloseme":["1"],"_wpml_media_duplicate":["1"],"_wpml_media_featured":["1"],"_data_bimensal_da_noticia":["field_627e65cc70022"],"_top_nav_excluded":[""],"_cms_nav_minihome":[""],"_thumbnail_id":["23082"],"stackable_optimized_css":[""],"stackable_optimized_css_raw":["a:0:{}"],"_last_translation_edit_mode":["translation-editor"],"_wpml_word_count":["{\"total\":211,\"to_translate\":{\"en\":211,\"it\":211,\"pt-pt\":211,\"es\":211}}"],"_yoast_wpseo_primary_category":["1"],"data_bimensal_da_noticia":["SEPTEMBRE | OCTOBRE \/ 2023"],"_wpml_media_has_media":["1"]},"yoast_head":"<!-- This site is optimized with the Yoast SEO plugin v22.8 - https:\/\/yoast.com\/wordpress\/plugins\/seo\/ -->\r\n<title>TRAVAUX DE R\u00c9F\u00c9RENCE \u2013 IMMEUBLE COLLECTIF - ENERGIE EST, Lda.<\/title>\r\n<meta name=\"robots\" content=\"index, follow, max-snippet:-1, max-image-preview:large, max-video-preview:-1\" \/>\r\n<link rel=\"canonical\" href=\"https:\/\/energie.pt\/fr\/monde-energie\/nouvelles\/travaux-de-reference-immeuble-collectif-2\/\" \/>\r\n<meta property=\"og:locale\" content=\"fr_FR\" \/>\r\n<meta property=\"og:type\" content=\"article\" \/>\r\n<meta property=\"og:title\" content=\"TRAVAUX DE R\u00c9F\u00c9RENCE \u2013 IMMEUBLE COLLECTIF - ENERGIE EST, Lda.\" \/>\r\n<meta property=\"og:description\" content=\"ENERGIE pr\u00e9sente un nouveau projet de r\u00e9f\u00e9rence sur les rives du fleuve C\u00e1vado, dans le nord du Portugal. Le paysage pittoresque des rives du fleuve C\u00e1vado, dans le nord du Portugal, a \u00e9t\u00e9 le t\u00e9moin d\u2019un nouveau projet immobilier de r\u00e9f\u00e9rence d\u2019ENERGIE. Ce projet, compos\u00e9 de quatre lots, repr\u00e9sente une convergence parfaite des normes les [&hellip;]\" \/>\r\n<meta property=\"og:url\" content=\"https:\/\/energie.pt\/fr\/monde-energie\/nouvelles\/travaux-de-reference-immeuble-collectif-2\/\" \/>\r\n<meta property=\"og:site_name\" content=\"ENERGIE EST, Lda.\" \/>\r\n<meta property=\"article:publisher\" content=\"https:\/\/www.facebook.com\/EnergiePortugalEst\/\" \/>\r\n<meta property=\"article:published_time\" content=\"2023-12-18T15:53:53+00:00\" \/>\r\n<meta property=\"article:modified_time\" content=\"2025-01-22T11:31:29+00:00\" \/>\r\n<meta property=\"og:image\" content=\"https:\/\/energie.pt\/wp-content\/uploads\/2023\/12\/nov_dez_obra_referencia_v1-scaled.jpg\" \/>\r\n\t<meta property=\"og:image:width\" content=\"2560\" \/>\r\n\t<meta property=\"og:image:height\" content=\"1360\" \/>\r\n\t<meta property=\"og:image:type\" content=\"image\/jpeg\" \/>\r\n<meta name=\"author\" content=\"Serafim Paredes\" \/>\r\n<meta name=\"twitter:card\" content=\"summary_large_image\" \/>\r\n<meta name=\"twitter:label1\" content=\"\u00c9crit par\" \/>\n\t<meta name=\"twitter:data1\" content=\"Serafim Paredes\" \/>\n\t<meta name=\"twitter:label2\" content=\"Dur\u00e9e de lecture estim\u00e9e\" \/>\n\t<meta name=\"twitter:data2\" content=\"1 minute\" \/>\r\n<script type=\"application\/ld+json\" class=\"yoast-schema-graph\">{\"@context\":\"https:\/\/schema.org\",\"@graph\":[{\"@type\":\"Article\",\"@id\":\"https:\/\/energie.pt\/fr\/monde-energie\/nouvelles\/travaux-de-reference-immeuble-collectif-2\/#article\",\"isPartOf\":{\"@id\":\"https:\/\/energie.pt\/fr\/monde-energie\/nouvelles\/travaux-de-reference-immeuble-collectif-2\/\"},\"author\":{\"name\":\"Serafim Paredes\",\"@id\":\"https:\/\/energie.pt\/fr\/#\/schema\/person\/fbbc926447d5bcdd4272d1b2b459c176\"},\"headline\":\"TRAVAUX DE R\u00c9F\u00c9RENCE \u2013 IMMEUBLE COLLECTIF\",\"datePublished\":\"2023-12-18T15:53:53+00:00\",\"dateModified\":\"2025-01-22T11:31:29+00:00\",\"mainEntityOfPage\":{\"@id\":\"https:\/\/energie.pt\/fr\/monde-energie\/nouvelles\/travaux-de-reference-immeuble-collectif-2\/\"},\"wordCount\":230,\"publisher\":{\"@id\":\"https:\/\/energie.pt\/fr\/#organization\"},\"image\":{\"@id\":\"https:\/\/energie.pt\/fr\/monde-energie\/nouvelles\/travaux-de-reference-immeuble-collectif-2\/#primaryimage\"},\"thumbnailUrl\":\"https:\/\/energie.pt\/wp-content\/uploads\/2023\/12\/nov_dez_obra_referencia_v1-scaled.jpg\",\"articleSection\":[\"Monde Energie\",\"Nouvelles\"],\"inLanguage\":\"fr-FR\"},{\"@type\":\"WebPage\",\"@id\":\"https:\/\/energie.pt\/fr\/monde-energie\/nouvelles\/travaux-de-reference-immeuble-collectif-2\/\",\"url\":\"https:\/\/energie.pt\/fr\/monde-energie\/nouvelles\/travaux-de-reference-immeuble-collectif-2\/\",\"name\":\"TRAVAUX DE R\u00c9F\u00c9RENCE \u2013 IMMEUBLE COLLECTIF - ENERGIE EST, Lda.\",\"isPartOf\":{\"@id\":\"https:\/\/energie.pt\/fr\/#website\"},\"primaryImageOfPage\":{\"@id\":\"https:\/\/energie.pt\/fr\/monde-energie\/nouvelles\/travaux-de-reference-immeuble-collectif-2\/#primaryimage\"},\"image\":{\"@id\":\"https:\/\/energie.pt\/fr\/monde-energie\/nouvelles\/travaux-de-reference-immeuble-collectif-2\/#primaryimage\"},\"thumbnailUrl\":\"https:\/\/energie.pt\/wp-content\/uploads\/2023\/12\/nov_dez_obra_referencia_v1-scaled.jpg\",\"datePublished\":\"2023-12-18T15:53:53+00:00\",\"dateModified\":\"2025-01-22T11:31:29+00:00\",\"breadcrumb\":{\"@id\":\"https:\/\/energie.pt\/fr\/monde-energie\/nouvelles\/travaux-de-reference-immeuble-collectif-2\/#breadcrumb\"},\"inLanguage\":\"fr-FR\",\"potentialAction\":[{\"@type\":\"ReadAction\",\"target\":[\"https:\/\/energie.pt\/fr\/monde-energie\/nouvelles\/travaux-de-reference-immeuble-collectif-2\/\"]}]},{\"@type\":\"ImageObject\",\"inLanguage\":\"fr-FR\",\"@id\":\"https:\/\/energie.pt\/fr\/monde-energie\/nouvelles\/travaux-de-reference-immeuble-collectif-2\/#primaryimage\",\"url\":\"https:\/\/energie.pt\/wp-content\/uploads\/2023\/12\/nov_dez_obra_referencia_v1-scaled.jpg\",\"contentUrl\":\"https:\/\/energie.pt\/wp-content\/uploads\/2023\/12\/nov_dez_obra_referencia_v1-scaled.jpg\",\"width\":2560,\"height\":1360,\"caption\":\"OBRA REFER\u00caNCIA \u2013 EDIF\u00cdCIO MULTIFAMILIAR\"},{\"@type\":\"BreadcrumbList\",\"@id\":\"https:\/\/energie.pt\/fr\/monde-energie\/nouvelles\/travaux-de-reference-immeuble-collectif-2\/#breadcrumb\",\"itemListElement\":[{\"@type\":\"ListItem\",\"position\":1,\"name\":\"Page d'accueil\",\"item\":\"https:\/\/energie.pt\/fr\/\"},{\"@type\":\"ListItem\",\"position\":2,\"name\":\"Monde Energie\",\"item\":\"https:\/\/energie.pt\/fr\/category\/monde-energie\/\"},{\"@type\":\"ListItem\",\"position\":3,\"name\":\"Nouvelles\",\"item\":\"https:\/\/energie.pt\/fr\/category\/monde-energie\/nouvelles\/\"},{\"@type\":\"ListItem\",\"position\":4,\"name\":\"TRAVAUX DE R\u00c9F\u00c9RENCE \u2013 IMMEUBLE COLLECTIF\"}]},{\"@type\":\"WebSite\",\"@id\":\"https:\/\/energie.pt\/fr\/#website\",\"url\":\"https:\/\/energie.pt\/fr\/\",\"name\":\"ENERGIE\",\"description\":\"Solutions d'\u00e9nergie solaire thermodynamique, climatisation, pompes \u00e0 chaleur et ECS\",\"publisher\":{\"@id\":\"https:\/\/energie.pt\/fr\/#organization\"},\"alternateName\":\"ENERGIE\",\"potentialAction\":[{\"@type\":\"SearchAction\",\"target\":{\"@type\":\"EntryPoint\",\"urlTemplate\":\"https:\/\/energie.pt\/fr\/?s={search_term_string}\"},\"query-input\":\"required name=search_term_string\"}],\"inLanguage\":\"fr-FR\"},{\"@type\":\"Organization\",\"@id\":\"https:\/\/energie.pt\/fr\/#organization\",\"name\":\"Energie - Thermodynamic Solar Energy\",\"alternateName\":\"Energie\",\"url\":\"https:\/\/energie.pt\/fr\/\",\"logo\":{\"@type\":\"ImageObject\",\"inLanguage\":\"fr-FR\",\"@id\":\"https:\/\/energie.pt\/fr\/#\/schema\/logo\/image\/\",\"url\":\"https:\/\/energie.pt\/wp-content\/uploads\/2021\/06\/logo_energie.svg\",\"contentUrl\":\"https:\/\/energie.pt\/wp-content\/uploads\/2021\/06\/logo_energie.svg\",\"width\":190,\"height\":55,\"caption\":\"Energie - Thermodynamic Solar Energy\"},\"image\":{\"@id\":\"https:\/\/energie.pt\/fr\/#\/schema\/logo\/image\/\"},\"sameAs\":[\"https:\/\/www.facebook.com\/EnergiePortugalEst\/\",\"https:\/\/www.instagram.com\/energieportugal\/\",\"https:\/\/www.youtube.com\/channel\/UCnItbF_zm_YZ1tFqzUcVgPQ\",\"https:\/\/www.linkedin.com\/company\/energieportugal\/\"]},{\"@type\":\"Person\",\"@id\":\"https:\/\/energie.pt\/fr\/#\/schema\/person\/fbbc926447d5bcdd4272d1b2b459c176\",\"name\":\"Serafim Paredes\",\"sameAs\":[\"https:\/\/energie.pt\/\"],\"url\":\"https:\/\/energie.pt\/fr\/author\/serafim\/\"}]}<\/script>\r\n<!-- \/ Yoast SEO plugin. -->","yoast_head_json":{"title":"TRAVAUX DE R\u00c9F\u00c9RENCE \u2013 IMMEUBLE COLLECTIF - ENERGIE EST, Lda.","robots":{"index":"index","follow":"follow","max-snippet":"max-snippet:-1","max-image-preview":"max-image-preview:large","max-video-preview":"max-video-preview:-1"},"canonical":"https:\/\/energie.pt\/fr\/monde-energie\/nouvelles\/travaux-de-reference-immeuble-collectif-2\/","og_locale":"fr_FR","og_type":"article","og_title":"TRAVAUX DE R\u00c9F\u00c9RENCE \u2013 IMMEUBLE COLLECTIF - ENERGIE EST, Lda.","og_description":"ENERGIE pr\u00e9sente un nouveau projet de r\u00e9f\u00e9rence sur les rives du fleuve C\u00e1vado, dans le nord du Portugal. Le paysage pittoresque des rives du fleuve C\u00e1vado, dans le nord du Portugal, a \u00e9t\u00e9 le t\u00e9moin d\u2019un nouveau projet immobilier de r\u00e9f\u00e9rence d\u2019ENERGIE. Ce projet, compos\u00e9 de quatre lots, repr\u00e9sente une convergence parfaite des normes les [&hellip;]","og_url":"https:\/\/energie.pt\/fr\/monde-energie\/nouvelles\/travaux-de-reference-immeuble-collectif-2\/","og_site_name":"ENERGIE EST, Lda.","article_publisher":"https:\/\/www.facebook.com\/EnergiePortugalEst\/","article_published_time":"2023-12-18T15:53:53+00:00","article_modified_time":"2025-01-22T11:31:29+00:00","og_image":[{"width":2560,"height":1360,"url":"https:\/\/energie.pt\/wp-content\/uploads\/2023\/12\/nov_dez_obra_referencia_v1-scaled.jpg","type":"image\/jpeg"}],"author":"Serafim Paredes","twitter_card":"summary_large_image","twitter_misc":{"\u00c9crit par":"Serafim Paredes","Dur\u00e9e de lecture estim\u00e9e":"1 minute"},"schema":{"@context":"https:\/\/schema.org","@graph":[{"@type":"Article","@id":"https:\/\/energie.pt\/fr\/monde-energie\/nouvelles\/travaux-de-reference-immeuble-collectif-2\/#article","isPartOf":{"@id":"https:\/\/energie.pt\/fr\/monde-energie\/nouvelles\/travaux-de-reference-immeuble-collectif-2\/"},"author":{"name":"Serafim Paredes","@id":"https:\/\/energie.pt\/fr\/#\/schema\/person\/fbbc926447d5bcdd4272d1b2b459c176"},"headline":"TRAVAUX DE R\u00c9F\u00c9RENCE \u2013 IMMEUBLE COLLECTIF","datePublished":"2023-12-18T15:53:53+00:00","dateModified":"2025-01-22T11:31:29+00:00","mainEntityOfPage":{"@id":"https:\/\/energie.pt\/fr\/monde-energie\/nouvelles\/travaux-de-reference-immeuble-collectif-2\/"},"wordCount":230,"publisher":{"@id":"https:\/\/energie.pt\/fr\/#organization"},"image":{"@id":"https:\/\/energie.pt\/fr\/monde-energie\/nouvelles\/travaux-de-reference-immeuble-collectif-2\/#primaryimage"},"thumbnailUrl":"https:\/\/energie.pt\/wp-content\/uploads\/2023\/12\/nov_dez_obra_referencia_v1-scaled.jpg","articleSection":["Monde Energie","Nouvelles"],"inLanguage":"fr-FR"},{"@type":"WebPage","@id":"https:\/\/energie.pt\/fr\/monde-energie\/nouvelles\/travaux-de-reference-immeuble-collectif-2\/","url":"https:\/\/energie.pt\/fr\/monde-energie\/nouvelles\/travaux-de-reference-immeuble-collectif-2\/","name":"TRAVAUX DE R\u00c9F\u00c9RENCE \u2013 IMMEUBLE COLLECTIF - ENERGIE EST, Lda.","isPartOf":{"@id":"https:\/\/energie.pt\/fr\/#website"},"primaryImageOfPage":{"@id":"https:\/\/energie.pt\/fr\/monde-energie\/nouvelles\/travaux-de-reference-immeuble-collectif-2\/#primaryimage"},"image":{"@id":"https:\/\/energie.pt\/fr\/monde-energie\/nouvelles\/travaux-de-reference-immeuble-collectif-2\/#primaryimage"},"thumbnailUrl":"https:\/\/energie.pt\/wp-content\/uploads\/2023\/12\/nov_dez_obra_referencia_v1-scaled.jpg","datePublished":"2023-12-18T15:53:53+00:00","dateModified":"2025-01-22T11:31:29+00:00","breadcrumb":{"@id":"https:\/\/energie.pt\/fr\/monde-energie\/nouvelles\/travaux-de-reference-immeuble-collectif-2\/#breadcrumb"},"inLanguage":"fr-FR","potentialAction":[{"@type":"ReadAction","target":["https:\/\/energie.pt\/fr\/monde-energie\/nouvelles\/travaux-de-reference-immeuble-collectif-2\/"]}]},{"@type":"ImageObject","inLanguage":"fr-FR","@id":"https:\/\/energie.pt\/fr\/monde-energie\/nouvelles\/travaux-de-reference-immeuble-collectif-2\/#primaryimage","url":"https:\/\/energie.pt\/wp-content\/uploads\/2023\/12\/nov_dez_obra_referencia_v1-scaled.jpg","contentUrl":"https:\/\/energie.pt\/wp-content\/uploads\/2023\/12\/nov_dez_obra_referencia_v1-scaled.jpg","width":2560,"height":1360,"caption":"OBRA REFER\u00caNCIA \u2013 EDIF\u00cdCIO MULTIFAMILIAR"},{"@type":"BreadcrumbList","@id":"https:\/\/energie.pt\/fr\/monde-energie\/nouvelles\/travaux-de-reference-immeuble-collectif-2\/#breadcrumb","itemListElement":[{"@type":"ListItem","position":1,"name":"Page d'accueil","item":"https:\/\/energie.pt\/fr\/"},{"@type":"ListItem","position":2,"name":"Monde Energie","item":"https:\/\/energie.pt\/fr\/category\/monde-energie\/"},{"@type":"ListItem","position":3,"name":"Nouvelles","item":"https:\/\/energie.pt\/fr\/category\/monde-energie\/nouvelles\/"},{"@type":"ListItem","position":4,"name":"TRAVAUX DE R\u00c9F\u00c9RENCE \u2013 IMMEUBLE COLLECTIF"}]},{"@type":"WebSite","@id":"https:\/\/energie.pt\/fr\/#website","url":"https:\/\/energie.pt\/fr\/","name":"ENERGIE","description":"Solutions d'\u00e9nergie solaire thermodynamique, climatisation, pompes \u00e0 chaleur et ECS","publisher":{"@id":"https:\/\/energie.pt\/fr\/#organization"},"alternateName":"ENERGIE","potentialAction":[{"@type":"SearchAction","target":{"@type":"EntryPoint","urlTemplate":"https:\/\/energie.pt\/fr\/?s={search_term_string}"},"query-input":"required name=search_term_string"}],"inLanguage":"fr-FR"},{"@type":"Organization","@id":"https:\/\/energie.pt\/fr\/#organization","name":"Energie - Thermodynamic Solar Energy","alternateName":"Energie","url":"https:\/\/energie.pt\/fr\/","logo":{"@type":"ImageObject","inLanguage":"fr-FR","@id":"https:\/\/energie.pt\/fr\/#\/schema\/logo\/image\/","url":"https:\/\/energie.pt\/wp-content\/uploads\/2021\/06\/logo_energie.svg","contentUrl":"https:\/\/energie.pt\/wp-content\/uploads\/2021\/06\/logo_energie.svg","width":190,"height":55,"caption":"Energie - Thermodynamic Solar Energy"},"image":{"@id":"https:\/\/energie.pt\/fr\/#\/schema\/logo\/image\/"},"sameAs":["https:\/\/www.facebook.com\/EnergiePortugalEst\/","https:\/\/www.instagram.com\/energieportugal\/","https:\/\/www.youtube.com\/channel\/UCnItbF_zm_YZ1tFqzUcVgPQ","https:\/\/www.linkedin.com\/company\/energieportugal\/"]},{"@type":"Person","@id":"https:\/\/energie.pt\/fr\/#\/schema\/person\/fbbc926447d5bcdd4272d1b2b459c176","name":"Serafim Paredes","sameAs":["https:\/\/energie.pt\/"],"url":"https:\/\/energie.pt\/fr\/author\/serafim\/"}]}},"_links":{"self":[{"href":"https:\/\/energie.pt\/fr\/wp-json\/wp\/v2\/posts\/23111"}],"collection":[{"href":"https:\/\/energie.pt\/fr\/wp-json\/wp\/v2\/posts"}],"about":[{"href":"https:\/\/energie.pt\/fr\/wp-json\/wp\/v2\/types\/post"}],"author":[{"embeddable":true,"href":"https:\/\/energie.pt\/fr\/wp-json\/wp\/v2\/users\/2"}],"replies":[{"embeddable":true,"href":"https:\/\/energie.pt\/fr\/wp-json\/wp\/v2\/comments?post=23111"}],"version-history":[{"count":1,"href":"https:\/\/energie.pt\/fr\/wp-json\/wp\/v2\/posts\/23111\/revisions"}],"predecessor-version":[{"id":29959,"href":"https:\/\/energie.pt\/fr\/wp-json\/wp\/v2\/posts\/23111\/revisions\/29959"}],"wp:featuredmedia":[{"embeddable":true,"href":"https:\/\/energie.pt\/fr\/wp-json\/wp\/v2\/media\/23082"}],"wp:attachment":[{"href":"https:\/\/energie.pt\/fr\/wp-json\/wp\/v2\/media?parent=23111"}],"wp:term":[{"taxonomy":"category","embeddable":true,"href":"https:\/\/energie.pt\/fr\/wp-json\/wp\/v2\/categories?post=23111"},{"taxonomy":"post_tag","embeddable":true,"href":"https:\/\/energie.pt\/fr\/wp-json\/wp\/v2\/tags?post=23111"}],"curies":[{"name":"wp","href":"https:\/\/api.w.org\/{rel}","templated":true}]}}