{"id":23115,"date":"2023-12-18T15:59:17","date_gmt":"2023-12-18T15:59:17","guid":{"rendered":"https:\/\/energie.pt\/monde-energie\/nouvelles\/energie-remporte-une-fois-de-plus-le-statut-de-pme-dexcellence\/"},"modified":"2025-01-22T11:28:51","modified_gmt":"2025-01-22T11:28:51","slug":"energie-remporte-une-fois-de-plus-le-statut-de-pme-dexcellence","status":"publish","type":"post","link":"https:\/\/energie.pt\/fr\/monde-energie\/nouvelles\/energie-remporte-une-fois-de-plus-le-statut-de-pme-dexcellence\/","title":{"rendered":"ENERGIE REMPORTE UNE FOIS DE PLUS LE STATUT DE PME D\u2019EXCELLENCE\u2009!"},"content":{"rendered":"\n<p>Cette ann\u00e9e encore, plusieurs entreprises portugaises se sont distingu\u00e9es et ont re\u00e7u le prestigieux statut de PME d\u2019Excellence, qui reconna\u00eet leur excellence, leur solidit\u00e9 et leur contribution au march\u00e9. Ce label de r\u00e9putation est une preuve tangible de l\u2019engagement des entreprises portugaises, telles qu\u2019ENERGIE, \u00e0 atteindre des normes d\u2019excellence et \u00e0 \u00e9tablir une base solide pour des relations de confiance avec les partenaires, les clients et les fournisseurs, les institutions financi\u00e8res et les autorit\u00e9s de r\u00e9gulation.<\/p>\n\n<p>Pour les entreprises qui disposent d\u2019une vision globale et se concentrent sur la croissance internationale, le statut de PME d\u2019Excellence continue d\u2019\u00eatre un pr\u00e9cieux indicateur, conf\u00e9rant une diff\u00e9renciation et assurant la stabilit\u00e9 et la cr\u00e9dibilit\u00e9 des organisations sur le march\u00e9 mondial.<\/p>\n","protected":false},"excerpt":{"rendered":"<p>Cette ann\u00e9e encore, plusieurs entreprises portugaises se sont distingu\u00e9es et ont re\u00e7u le prestigieux statut de PME d\u2019Excellence, qui reconna\u00eet leur excellence, leur solidit\u00e9 et leur contribution au march\u00e9. Ce label de r\u00e9putation est une preuve tangible de l\u2019engagement des entreprises portugaises, telles qu\u2019ENERGIE, \u00e0 atteindre des normes d\u2019excellence et \u00e0 \u00e9tablir une base solide [&hellip;]<\/p>\n","protected":false},"author":2,"featured_media":23095,"comment_status":"closed","ping_status":"closed","sticky":false,"template":"","format":"standard","meta":{"_acf_changed":false,"footnotes":""},"categories":[263,136],"tags":[],"class_list":["post-23115","post","type-post","status-publish","format-standard","has-post-thumbnail","hentry","category-monde-energie","category-nouvelles"],"blocksy_meta":[],"acf":{"data_bimensal_da_noticia":"SEPTEMBRE | OCTOBRE \/ 2023"},"cp_meta_data":{"_encloseme":["1"],"_wpml_media_duplicate":["1"],"_wpml_media_featured":["1"],"_data_bimensal_da_noticia":["field_627e65cc70022"],"_top_nav_excluded":[""],"_cms_nav_minihome":[""],"_thumbnail_id":["23095"],"stackable_optimized_css":[""],"stackable_optimized_css_raw":["a:0:{}"],"_last_translation_edit_mode":["translation-editor"],"_wpml_word_count":["{\"total\":143,\"to_translate\":{\"en\":143,\"it\":143,\"pt-pt\":143,\"es\":143}}"],"_yoast_wpseo_primary_category":["1"],"data_bimensal_da_noticia":["SEPTEMBRE | OCTOBRE \/ 2023"]},"yoast_head":"<!-- This site is optimized with the Yoast SEO plugin v22.8 - https:\/\/yoast.com\/wordpress\/plugins\/seo\/ -->\r\n<title>ENERGIE REMPORTE UNE FOIS DE PLUS LE STATUT DE PME D\u2019EXCELLENCE\u2009! - ENERGIE EST, Lda.<\/title>\r\n<meta name=\"robots\" content=\"index, follow, max-snippet:-1, max-image-preview:large, max-video-preview:-1\" \/>\r\n<link rel=\"canonical\" href=\"https:\/\/energie.pt\/fr\/monde-energie\/nouvelles\/energie-remporte-une-fois-de-plus-le-statut-de-pme-dexcellence\/\" \/>\r\n<meta property=\"og:locale\" content=\"fr_FR\" \/>\r\n<meta property=\"og:type\" content=\"article\" \/>\r\n<meta property=\"og:title\" content=\"ENERGIE REMPORTE UNE FOIS DE PLUS LE STATUT DE PME D\u2019EXCELLENCE\u2009! - ENERGIE EST, Lda.\" \/>\r\n<meta property=\"og:description\" content=\"Cette ann\u00e9e encore, plusieurs entreprises portugaises se sont distingu\u00e9es et ont re\u00e7u le prestigieux statut de PME d\u2019Excellence, qui reconna\u00eet leur excellence, leur solidit\u00e9 et leur contribution au march\u00e9. Ce label de r\u00e9putation est une preuve tangible de l\u2019engagement des entreprises portugaises, telles qu\u2019ENERGIE, \u00e0 atteindre des normes d\u2019excellence et \u00e0 \u00e9tablir une base solide [&hellip;]\" \/>\r\n<meta property=\"og:url\" content=\"https:\/\/energie.pt\/fr\/monde-energie\/nouvelles\/energie-remporte-une-fois-de-plus-le-statut-de-pme-dexcellence\/\" \/>\r\n<meta property=\"og:site_name\" content=\"ENERGIE EST, Lda.\" \/>\r\n<meta property=\"article:publisher\" content=\"https:\/\/www.facebook.com\/EnergiePortugalEst\/\" \/>\r\n<meta property=\"article:published_time\" content=\"2023-12-18T15:59:17+00:00\" \/>\r\n<meta property=\"article:modified_time\" content=\"2025-01-22T11:28:51+00:00\" \/>\r\n<meta property=\"og:image\" content=\"https:\/\/energie.pt\/wp-content\/uploads\/2023\/12\/excelenciaL-2.png\" \/>\r\n\t<meta property=\"og:image:width\" content=\"1920\" \/>\r\n\t<meta property=\"og:image:height\" content=\"1081\" \/>\r\n\t<meta property=\"og:image:type\" content=\"image\/png\" \/>\r\n<meta name=\"author\" content=\"Serafim Paredes\" \/>\r\n<meta name=\"twitter:card\" content=\"summary_large_image\" \/>\r\n<meta name=\"twitter:label1\" content=\"\u00c9crit par\" \/>\n\t<meta name=\"twitter:data1\" content=\"Serafim Paredes\" \/>\n\t<meta name=\"twitter:label2\" content=\"Dur\u00e9e de lecture estim\u00e9e\" \/>\n\t<meta name=\"twitter:data2\" content=\"1 minute\" \/>\r\n<script type=\"application\/ld+json\" class=\"yoast-schema-graph\">{\"@context\":\"https:\/\/schema.org\",\"@graph\":[{\"@type\":\"Article\",\"@id\":\"https:\/\/energie.pt\/fr\/monde-energie\/nouvelles\/energie-remporte-une-fois-de-plus-le-statut-de-pme-dexcellence\/#article\",\"isPartOf\":{\"@id\":\"https:\/\/energie.pt\/fr\/monde-energie\/nouvelles\/energie-remporte-une-fois-de-plus-le-statut-de-pme-dexcellence\/\"},\"author\":{\"name\":\"Serafim Paredes\",\"@id\":\"https:\/\/energie.pt\/fr\/#\/schema\/person\/fbbc926447d5bcdd4272d1b2b459c176\"},\"headline\":\"ENERGIE REMPORTE UNE FOIS DE PLUS LE STATUT DE PME D\u2019EXCELLENCE\u2009!\",\"datePublished\":\"2023-12-18T15:59:17+00:00\",\"dateModified\":\"2025-01-22T11:28:51+00:00\",\"mainEntityOfPage\":{\"@id\":\"https:\/\/energie.pt\/fr\/monde-energie\/nouvelles\/energie-remporte-une-fois-de-plus-le-statut-de-pme-dexcellence\/\"},\"wordCount\":146,\"publisher\":{\"@id\":\"https:\/\/energie.pt\/fr\/#organization\"},\"image\":{\"@id\":\"https:\/\/energie.pt\/fr\/monde-energie\/nouvelles\/energie-remporte-une-fois-de-plus-le-statut-de-pme-dexcellence\/#primaryimage\"},\"thumbnailUrl\":\"https:\/\/energie.pt\/wp-content\/uploads\/2023\/12\/excelenciaL-2.png\",\"articleSection\":[\"Monde Energie\",\"Nouvelles\"],\"inLanguage\":\"fr-FR\"},{\"@type\":\"WebPage\",\"@id\":\"https:\/\/energie.pt\/fr\/monde-energie\/nouvelles\/energie-remporte-une-fois-de-plus-le-statut-de-pme-dexcellence\/\",\"url\":\"https:\/\/energie.pt\/fr\/monde-energie\/nouvelles\/energie-remporte-une-fois-de-plus-le-statut-de-pme-dexcellence\/\",\"name\":\"ENERGIE REMPORTE UNE FOIS DE PLUS LE STATUT DE PME D\u2019EXCELLENCE\u2009! - ENERGIE EST, Lda.\",\"isPartOf\":{\"@id\":\"https:\/\/energie.pt\/fr\/#website\"},\"primaryImageOfPage\":{\"@id\":\"https:\/\/energie.pt\/fr\/monde-energie\/nouvelles\/energie-remporte-une-fois-de-plus-le-statut-de-pme-dexcellence\/#primaryimage\"},\"image\":{\"@id\":\"https:\/\/energie.pt\/fr\/monde-energie\/nouvelles\/energie-remporte-une-fois-de-plus-le-statut-de-pme-dexcellence\/#primaryimage\"},\"thumbnailUrl\":\"https:\/\/energie.pt\/wp-content\/uploads\/2023\/12\/excelenciaL-2.png\",\"datePublished\":\"2023-12-18T15:59:17+00:00\",\"dateModified\":\"2025-01-22T11:28:51+00:00\",\"breadcrumb\":{\"@id\":\"https:\/\/energie.pt\/fr\/monde-energie\/nouvelles\/energie-remporte-une-fois-de-plus-le-statut-de-pme-dexcellence\/#breadcrumb\"},\"inLanguage\":\"fr-FR\",\"potentialAction\":[{\"@type\":\"ReadAction\",\"target\":[\"https:\/\/energie.pt\/fr\/monde-energie\/nouvelles\/energie-remporte-une-fois-de-plus-le-statut-de-pme-dexcellence\/\"]}]},{\"@type\":\"ImageObject\",\"inLanguage\":\"fr-FR\",\"@id\":\"https:\/\/energie.pt\/fr\/monde-energie\/nouvelles\/energie-remporte-une-fois-de-plus-le-statut-de-pme-dexcellence\/#primaryimage\",\"url\":\"https:\/\/energie.pt\/wp-content\/uploads\/2023\/12\/excelenciaL-2.png\",\"contentUrl\":\"https:\/\/energie.pt\/wp-content\/uploads\/2023\/12\/excelenciaL-2.png\",\"width\":1920,\"height\":1081,\"caption\":\"excelencia\"},{\"@type\":\"BreadcrumbList\",\"@id\":\"https:\/\/energie.pt\/fr\/monde-energie\/nouvelles\/energie-remporte-une-fois-de-plus-le-statut-de-pme-dexcellence\/#breadcrumb\",\"itemListElement\":[{\"@type\":\"ListItem\",\"position\":1,\"name\":\"Page d'accueil\",\"item\":\"https:\/\/energie.pt\/fr\/\"},{\"@type\":\"ListItem\",\"position\":2,\"name\":\"Monde Energie\",\"item\":\"https:\/\/energie.pt\/fr\/category\/monde-energie\/\"},{\"@type\":\"ListItem\",\"position\":3,\"name\":\"Nouvelles\",\"item\":\"https:\/\/energie.pt\/fr\/category\/monde-energie\/nouvelles\/\"},{\"@type\":\"ListItem\",\"position\":4,\"name\":\"ENERGIE REMPORTE UNE FOIS DE PLUS LE STATUT DE PME D\u2019EXCELLENCE\u2009!\"}]},{\"@type\":\"WebSite\",\"@id\":\"https:\/\/energie.pt\/fr\/#website\",\"url\":\"https:\/\/energie.pt\/fr\/\",\"name\":\"ENERGIE\",\"description\":\"Solutions d'\u00e9nergie solaire thermodynamique, climatisation, pompes \u00e0 chaleur et ECS\",\"publisher\":{\"@id\":\"https:\/\/energie.pt\/fr\/#organization\"},\"alternateName\":\"ENERGIE\",\"potentialAction\":[{\"@type\":\"SearchAction\",\"target\":{\"@type\":\"EntryPoint\",\"urlTemplate\":\"https:\/\/energie.pt\/fr\/?s={search_term_string}\"},\"query-input\":\"required name=search_term_string\"}],\"inLanguage\":\"fr-FR\"},{\"@type\":\"Organization\",\"@id\":\"https:\/\/energie.pt\/fr\/#organization\",\"name\":\"Energie - Thermodynamic Solar Energy\",\"alternateName\":\"Energie\",\"url\":\"https:\/\/energie.pt\/fr\/\",\"logo\":{\"@type\":\"ImageObject\",\"inLanguage\":\"fr-FR\",\"@id\":\"https:\/\/energie.pt\/fr\/#\/schema\/logo\/image\/\",\"url\":\"https:\/\/energie.pt\/wp-content\/uploads\/2021\/06\/logo_energie.svg\",\"contentUrl\":\"https:\/\/energie.pt\/wp-content\/uploads\/2021\/06\/logo_energie.svg\",\"width\":190,\"height\":55,\"caption\":\"Energie - Thermodynamic Solar Energy\"},\"image\":{\"@id\":\"https:\/\/energie.pt\/fr\/#\/schema\/logo\/image\/\"},\"sameAs\":[\"https:\/\/www.facebook.com\/EnergiePortugalEst\/\",\"https:\/\/www.instagram.com\/energieportugal\/\",\"https:\/\/www.youtube.com\/channel\/UCnItbF_zm_YZ1tFqzUcVgPQ\",\"https:\/\/www.linkedin.com\/company\/energieportugal\/\"]},{\"@type\":\"Person\",\"@id\":\"https:\/\/energie.pt\/fr\/#\/schema\/person\/fbbc926447d5bcdd4272d1b2b459c176\",\"name\":\"Serafim Paredes\",\"sameAs\":[\"https:\/\/energie.pt\/\"],\"url\":\"https:\/\/energie.pt\/fr\/author\/serafim\/\"}]}<\/script>\r\n<!-- \/ Yoast SEO plugin. -->","yoast_head_json":{"title":"ENERGIE REMPORTE UNE FOIS DE PLUS LE STATUT DE PME D\u2019EXCELLENCE\u2009! - ENERGIE EST, Lda.","robots":{"index":"index","follow":"follow","max-snippet":"max-snippet:-1","max-image-preview":"max-image-preview:large","max-video-preview":"max-video-preview:-1"},"canonical":"https:\/\/energie.pt\/fr\/monde-energie\/nouvelles\/energie-remporte-une-fois-de-plus-le-statut-de-pme-dexcellence\/","og_locale":"fr_FR","og_type":"article","og_title":"ENERGIE REMPORTE UNE FOIS DE PLUS LE STATUT DE PME D\u2019EXCELLENCE\u2009! - ENERGIE EST, Lda.","og_description":"Cette ann\u00e9e encore, plusieurs entreprises portugaises se sont distingu\u00e9es et ont re\u00e7u le prestigieux statut de PME d\u2019Excellence, qui reconna\u00eet leur excellence, leur solidit\u00e9 et leur contribution au march\u00e9. Ce label de r\u00e9putation est une preuve tangible de l\u2019engagement des entreprises portugaises, telles qu\u2019ENERGIE, \u00e0 atteindre des normes d\u2019excellence et \u00e0 \u00e9tablir une base solide [&hellip;]","og_url":"https:\/\/energie.pt\/fr\/monde-energie\/nouvelles\/energie-remporte-une-fois-de-plus-le-statut-de-pme-dexcellence\/","og_site_name":"ENERGIE EST, Lda.","article_publisher":"https:\/\/www.facebook.com\/EnergiePortugalEst\/","article_published_time":"2023-12-18T15:59:17+00:00","article_modified_time":"2025-01-22T11:28:51+00:00","og_image":[{"width":1920,"height":1081,"url":"https:\/\/energie.pt\/wp-content\/uploads\/2023\/12\/excelenciaL-2.png","type":"image\/png"}],"author":"Serafim Paredes","twitter_card":"summary_large_image","twitter_misc":{"\u00c9crit par":"Serafim Paredes","Dur\u00e9e de lecture estim\u00e9e":"1 minute"},"schema":{"@context":"https:\/\/schema.org","@graph":[{"@type":"Article","@id":"https:\/\/energie.pt\/fr\/monde-energie\/nouvelles\/energie-remporte-une-fois-de-plus-le-statut-de-pme-dexcellence\/#article","isPartOf":{"@id":"https:\/\/energie.pt\/fr\/monde-energie\/nouvelles\/energie-remporte-une-fois-de-plus-le-statut-de-pme-dexcellence\/"},"author":{"name":"Serafim Paredes","@id":"https:\/\/energie.pt\/fr\/#\/schema\/person\/fbbc926447d5bcdd4272d1b2b459c176"},"headline":"ENERGIE REMPORTE UNE FOIS DE PLUS LE STATUT DE PME D\u2019EXCELLENCE\u2009!","datePublished":"2023-12-18T15:59:17+00:00","dateModified":"2025-01-22T11:28:51+00:00","mainEntityOfPage":{"@id":"https:\/\/energie.pt\/fr\/monde-energie\/nouvelles\/energie-remporte-une-fois-de-plus-le-statut-de-pme-dexcellence\/"},"wordCount":146,"publisher":{"@id":"https:\/\/energie.pt\/fr\/#organization"},"image":{"@id":"https:\/\/energie.pt\/fr\/monde-energie\/nouvelles\/energie-remporte-une-fois-de-plus-le-statut-de-pme-dexcellence\/#primaryimage"},"thumbnailUrl":"https:\/\/energie.pt\/wp-content\/uploads\/2023\/12\/excelenciaL-2.png","articleSection":["Monde Energie","Nouvelles"],"inLanguage":"fr-FR"},{"@type":"WebPage","@id":"https:\/\/energie.pt\/fr\/monde-energie\/nouvelles\/energie-remporte-une-fois-de-plus-le-statut-de-pme-dexcellence\/","url":"https:\/\/energie.pt\/fr\/monde-energie\/nouvelles\/energie-remporte-une-fois-de-plus-le-statut-de-pme-dexcellence\/","name":"ENERGIE REMPORTE UNE FOIS DE PLUS LE STATUT DE PME D\u2019EXCELLENCE\u2009! - ENERGIE EST, Lda.","isPartOf":{"@id":"https:\/\/energie.pt\/fr\/#website"},"primaryImageOfPage":{"@id":"https:\/\/energie.pt\/fr\/monde-energie\/nouvelles\/energie-remporte-une-fois-de-plus-le-statut-de-pme-dexcellence\/#primaryimage"},"image":{"@id":"https:\/\/energie.pt\/fr\/monde-energie\/nouvelles\/energie-remporte-une-fois-de-plus-le-statut-de-pme-dexcellence\/#primaryimage"},"thumbnailUrl":"https:\/\/energie.pt\/wp-content\/uploads\/2023\/12\/excelenciaL-2.png","datePublished":"2023-12-18T15:59:17+00:00","dateModified":"2025-01-22T11:28:51+00:00","breadcrumb":{"@id":"https:\/\/energie.pt\/fr\/monde-energie\/nouvelles\/energie-remporte-une-fois-de-plus-le-statut-de-pme-dexcellence\/#breadcrumb"},"inLanguage":"fr-FR","potentialAction":[{"@type":"ReadAction","target":["https:\/\/energie.pt\/fr\/monde-energie\/nouvelles\/energie-remporte-une-fois-de-plus-le-statut-de-pme-dexcellence\/"]}]},{"@type":"ImageObject","inLanguage":"fr-FR","@id":"https:\/\/energie.pt\/fr\/monde-energie\/nouvelles\/energie-remporte-une-fois-de-plus-le-statut-de-pme-dexcellence\/#primaryimage","url":"https:\/\/energie.pt\/wp-content\/uploads\/2023\/12\/excelenciaL-2.png","contentUrl":"https:\/\/energie.pt\/wp-content\/uploads\/2023\/12\/excelenciaL-2.png","width":1920,"height":1081,"caption":"excelencia"},{"@type":"BreadcrumbList","@id":"https:\/\/energie.pt\/fr\/monde-energie\/nouvelles\/energie-remporte-une-fois-de-plus-le-statut-de-pme-dexcellence\/#breadcrumb","itemListElement":[{"@type":"ListItem","position":1,"name":"Page d'accueil","item":"https:\/\/energie.pt\/fr\/"},{"@type":"ListItem","position":2,"name":"Monde Energie","item":"https:\/\/energie.pt\/fr\/category\/monde-energie\/"},{"@type":"ListItem","position":3,"name":"Nouvelles","item":"https:\/\/energie.pt\/fr\/category\/monde-energie\/nouvelles\/"},{"@type":"ListItem","position":4,"name":"ENERGIE REMPORTE UNE FOIS DE PLUS LE STATUT DE PME D\u2019EXCELLENCE\u2009!"}]},{"@type":"WebSite","@id":"https:\/\/energie.pt\/fr\/#website","url":"https:\/\/energie.pt\/fr\/","name":"ENERGIE","description":"Solutions d'\u00e9nergie solaire thermodynamique, climatisation, pompes \u00e0 chaleur et ECS","publisher":{"@id":"https:\/\/energie.pt\/fr\/#organization"},"alternateName":"ENERGIE","potentialAction":[{"@type":"SearchAction","target":{"@type":"EntryPoint","urlTemplate":"https:\/\/energie.pt\/fr\/?s={search_term_string}"},"query-input":"required name=search_term_string"}],"inLanguage":"fr-FR"},{"@type":"Organization","@id":"https:\/\/energie.pt\/fr\/#organization","name":"Energie - Thermodynamic Solar Energy","alternateName":"Energie","url":"https:\/\/energie.pt\/fr\/","logo":{"@type":"ImageObject","inLanguage":"fr-FR","@id":"https:\/\/energie.pt\/fr\/#\/schema\/logo\/image\/","url":"https:\/\/energie.pt\/wp-content\/uploads\/2021\/06\/logo_energie.svg","contentUrl":"https:\/\/energie.pt\/wp-content\/uploads\/2021\/06\/logo_energie.svg","width":190,"height":55,"caption":"Energie - Thermodynamic Solar Energy"},"image":{"@id":"https:\/\/energie.pt\/fr\/#\/schema\/logo\/image\/"},"sameAs":["https:\/\/www.facebook.com\/EnergiePortugalEst\/","https:\/\/www.instagram.com\/energieportugal\/","https:\/\/www.youtube.com\/channel\/UCnItbF_zm_YZ1tFqzUcVgPQ","https:\/\/www.linkedin.com\/company\/energieportugal\/"]},{"@type":"Person","@id":"https:\/\/energie.pt\/fr\/#\/schema\/person\/fbbc926447d5bcdd4272d1b2b459c176","name":"Serafim Paredes","sameAs":["https:\/\/energie.pt\/"],"url":"https:\/\/energie.pt\/fr\/author\/serafim\/"}]}},"_links":{"self":[{"href":"https:\/\/energie.pt\/fr\/wp-json\/wp\/v2\/posts\/23115"}],"collection":[{"href":"https:\/\/energie.pt\/fr\/wp-json\/wp\/v2\/posts"}],"about":[{"href":"https:\/\/energie.pt\/fr\/wp-json\/wp\/v2\/types\/post"}],"author":[{"embeddable":true,"href":"https:\/\/energie.pt\/fr\/wp-json\/wp\/v2\/users\/2"}],"replies":[{"embeddable":true,"href":"https:\/\/energie.pt\/fr\/wp-json\/wp\/v2\/comments?post=23115"}],"version-history":[{"count":1,"href":"https:\/\/energie.pt\/fr\/wp-json\/wp\/v2\/posts\/23115\/revisions"}],"predecessor-version":[{"id":29951,"href":"https:\/\/energie.pt\/fr\/wp-json\/wp\/v2\/posts\/23115\/revisions\/29951"}],"wp:featuredmedia":[{"embeddable":true,"href":"https:\/\/energie.pt\/fr\/wp-json\/wp\/v2\/media\/23095"}],"wp:attachment":[{"href":"https:\/\/energie.pt\/fr\/wp-json\/wp\/v2\/media?parent=23115"}],"wp:term":[{"taxonomy":"category","embeddable":true,"href":"https:\/\/energie.pt\/fr\/wp-json\/wp\/v2\/categories?post=23115"},{"taxonomy":"post_tag","embeddable":true,"href":"https:\/\/energie.pt\/fr\/wp-json\/wp\/v2\/tags?post=23115"}],"curies":[{"name":"wp","href":"https:\/\/api.w.org\/{rel}","templated":true}]}}