{"id":16930,"date":"2017-06-13T15:53:32","date_gmt":"2017-06-13T15:53:32","guid":{"rendered":"https:\/\/energie.pt\/mondiale-energie\/notizia\/lenergia-catturata-dai-pannelli-solari-termodinamici-e-misurata-nellambito-del-sce\/"},"modified":"2025-01-23T17:07:44","modified_gmt":"2025-01-23T17:07:44","slug":"lenergia-catturata-dai-pannelli-solari-termodinamici-e-misurata-nellambito-del-sce","status":"publish","type":"post","link":"https:\/\/energie.pt\/it\/mondiale-energie\/notizia\/lenergia-catturata-dai-pannelli-solari-termodinamici-e-misurata-nellambito-del-sce\/","title":{"rendered":"L&#8217;ENERGIA CATTURATA DAI PANNELLI SOLARI TERMODINAMICI \u00c8 MISURATA NELL&#8217;AMBITO DEL SCE"},"content":{"rendered":"\n<p>Il pi\u00f9 recente progetto di costruzione collettiva sviluppato da VISCIVIL \u00e8 stato elaborato in conformit\u00e0 con la nuova normativa in materia di contabilizzazione della quantit\u00e0 di energia rinnovabile fornita con Pompa di Calore.<\/p>\n\n<p>ENERGIE, in stretta collaborazione con i suoi partner, tra cui designer, agenti e distributori, ha realizzato una serie di azioni di sensibilizzazione e informazione in tutto il Portogallo, promuovendo l&#8217;utilizzo della tecnologia Solare Termodinamica. <\/p>\n\n<p>Con il nuovo regolamento, \u00e8 possibile contabilizzare la quantit\u00e0 di energia rinnovabile fornita da Pompa di Calore, nella produzione di Acqua Calda Sanitaria (ACS), ai sensi del paragrafo 3 dell&#8217;articolo 29 del decreto legge n\u00b0 118\/2013. La contabilizzazione energetica di questi sistemi deve essere calcolata secondo il decreto 15793-H\/2013, del 3 dicembre. <\/p>\n\n<p>Distribuiti su 17 frazioni e con dimensioni in funzione della tipologia di ogni appartamento, i Sistemi Solari Termodinamici ECO garantiscono le condizioni necessarie affinch\u00e9 l&#8217;edificio sia adeguato a ricevere la certificazione secondo le leggi vigenti e a ottenere il pi\u00f9 alto tasso di certificazione energetica nella parte relativa alla produzione di Acqua Calda Sanitaria (ACS).<\/p>\n","protected":false},"excerpt":{"rendered":"<p>Il pi\u00f9 recente progetto di costruzione collettiva sviluppato da VISCIVIL \u00e8 stato elaborato in conformit\u00e0 con la nuova normativa in materia di contabilizzazione della quantit\u00e0 di energia rinnovabile fornita con Pompa di Calore. ENERGIE, in stretta collaborazione con i suoi partner, tra cui designer, agenti e distributori, ha realizzato una serie di azioni di sensibilizzazione [&hellip;]<\/p>\n","protected":false},"author":3,"featured_media":10323,"comment_status":"open","ping_status":"closed","sticky":false,"template":"","format":"standard","meta":{"_acf_changed":false,"footnotes":""},"categories":[264,138],"tags":[],"class_list":["post-16930","post","type-post","status-publish","format-standard","has-post-thumbnail","hentry","category-mondiale-energie","category-notizia"],"blocksy_meta":{"styles_descriptor":{"styles":{"desktop":"","tablet":"","mobile":""},"google_fonts":[],"version":6}},"acf":{"data_bimensal_da_noticia":"Giugno \/ 2017"},"cp_meta_data":{"_encloseme":["1"],"blocksy_post_meta_options":["a:1:{s:17:\"styles_descriptor\";a:3:{s:6:\"styles\";a:3:{s:7:\"desktop\";s:0:\"\";s:6:\"tablet\";s:0:\"\";s:6:\"mobile\";s:0:\"\";}s:12:\"google_fonts\";a:0:{}s:7:\"version\";i:6;}}"],"_wpml_media_duplicate":["1"],"_wpml_media_featured":["1"],"_data_bimensal_da_noticia":["field_627e65cc70022"],"_top_nav_excluded":[""],"_cms_nav_minihome":[""],"_wp_page_template":["default"],"_thumbnail_id":["10323"],"_last_translation_edit_mode":["translation-editor"],"stackable_optimized_css":[""],"stackable_optimized_css_raw":["a:0:{}"],"_yoast_wpseo_primary_category":["1"],"data_bimensal_da_noticia":["Giugno \/ 2017"]},"yoast_head":"<!-- This site is optimized with the Yoast SEO plugin v22.8 - https:\/\/yoast.com\/wordpress\/plugins\/seo\/ -->\r\n<title>L&#039;ENERGIA CATTURATA DAI PANNELLI SOLARI TERMODINAMICI \u00c8 MISURATA NELL&#039;AMBITO DEL SCE - ENERGIE EST, Lda.<\/title>\r\n<meta name=\"robots\" content=\"index, follow, max-snippet:-1, max-image-preview:large, max-video-preview:-1\" \/>\r\n<link rel=\"canonical\" href=\"https:\/\/energie.pt\/it\/mondiale-energie\/notizia\/lenergia-catturata-dai-pannelli-solari-termodinamici-e-misurata-nellambito-del-sce\/\" \/>\r\n<meta property=\"og:locale\" content=\"it_IT\" \/>\r\n<meta property=\"og:type\" content=\"article\" \/>\r\n<meta property=\"og:title\" content=\"L&#039;ENERGIA CATTURATA DAI PANNELLI SOLARI TERMODINAMICI \u00c8 MISURATA NELL&#039;AMBITO DEL SCE - ENERGIE EST, Lda.\" \/>\r\n<meta property=\"og:description\" content=\"Il pi\u00f9 recente progetto di costruzione collettiva sviluppato da VISCIVIL \u00e8 stato elaborato in conformit\u00e0 con la nuova normativa in materia di contabilizzazione della quantit\u00e0 di energia rinnovabile fornita con Pompa di Calore. ENERGIE, in stretta collaborazione con i suoi partner, tra cui designer, agenti e distributori, ha realizzato una serie di azioni di sensibilizzazione [&hellip;]\" \/>\r\n<meta property=\"og:url\" content=\"https:\/\/energie.pt\/it\/mondiale-energie\/notizia\/lenergia-catturata-dai-pannelli-solari-termodinamici-e-misurata-nellambito-del-sce\/\" \/>\r\n<meta property=\"og:site_name\" content=\"ENERGIE EST, Lda.\" \/>\r\n<meta property=\"article:publisher\" content=\"https:\/\/www.facebook.com\/EnergiePortugalEst\/\" \/>\r\n<meta property=\"article:published_time\" content=\"2017-06-13T15:53:32+00:00\" \/>\r\n<meta property=\"article:modified_time\" content=\"2025-01-23T17:07:44+00:00\" \/>\r\n<meta property=\"og:image\" content=\"https:\/\/energie.pt\/wp-content\/uploads\/2022\/06\/junho-2017_viscivil.jpg\" \/>\r\n\t<meta property=\"og:image:width\" content=\"1563\" \/>\r\n\t<meta property=\"og:image:height\" content=\"826\" \/>\r\n\t<meta property=\"og:image:type\" content=\"image\/jpeg\" \/>\r\n<meta name=\"author\" content=\"catiarocha\" \/>\r\n<meta name=\"twitter:card\" content=\"summary_large_image\" \/>\r\n<meta name=\"twitter:label1\" content=\"Scritto da\" \/>\n\t<meta name=\"twitter:data1\" content=\"catiarocha\" \/>\n\t<meta name=\"twitter:label2\" content=\"Tempo di lettura stimato\" \/>\n\t<meta name=\"twitter:data2\" content=\"1 minuto\" \/>\r\n<script type=\"application\/ld+json\" class=\"yoast-schema-graph\">{\"@context\":\"https:\/\/schema.org\",\"@graph\":[{\"@type\":\"Article\",\"@id\":\"https:\/\/energie.pt\/it\/mondiale-energie\/notizia\/lenergia-catturata-dai-pannelli-solari-termodinamici-e-misurata-nellambito-del-sce\/#article\",\"isPartOf\":{\"@id\":\"https:\/\/energie.pt\/it\/mondiale-energie\/notizia\/lenergia-catturata-dai-pannelli-solari-termodinamici-e-misurata-nellambito-del-sce\/\"},\"author\":{\"name\":\"catiarocha\",\"@id\":\"https:\/\/energie.pt\/it\/#\/schema\/person\/db40e6f91190f7c107f522c91d27873d\"},\"headline\":\"L&#8217;ENERGIA CATTURATA DAI PANNELLI SOLARI TERMODINAMICI \u00c8 MISURATA NELL&#8217;AMBITO DEL SCE\",\"datePublished\":\"2017-06-13T15:53:32+00:00\",\"dateModified\":\"2025-01-23T17:07:44+00:00\",\"mainEntityOfPage\":{\"@id\":\"https:\/\/energie.pt\/it\/mondiale-energie\/notizia\/lenergia-catturata-dai-pannelli-solari-termodinamici-e-misurata-nellambito-del-sce\/\"},\"wordCount\":182,\"commentCount\":0,\"publisher\":{\"@id\":\"https:\/\/energie.pt\/it\/#organization\"},\"image\":{\"@id\":\"https:\/\/energie.pt\/it\/mondiale-energie\/notizia\/lenergia-catturata-dai-pannelli-solari-termodinamici-e-misurata-nellambito-del-sce\/#primaryimage\"},\"thumbnailUrl\":\"https:\/\/energie.pt\/wp-content\/uploads\/2022\/06\/junho-2017_viscivil.jpg\",\"articleSection\":[\"Mondiale Energie\",\"Notizia\"],\"inLanguage\":\"it-IT\",\"potentialAction\":[{\"@type\":\"CommentAction\",\"name\":\"Comment\",\"target\":[\"https:\/\/energie.pt\/it\/mondiale-energie\/notizia\/lenergia-catturata-dai-pannelli-solari-termodinamici-e-misurata-nellambito-del-sce\/#respond\"]}]},{\"@type\":\"WebPage\",\"@id\":\"https:\/\/energie.pt\/it\/mondiale-energie\/notizia\/lenergia-catturata-dai-pannelli-solari-termodinamici-e-misurata-nellambito-del-sce\/\",\"url\":\"https:\/\/energie.pt\/it\/mondiale-energie\/notizia\/lenergia-catturata-dai-pannelli-solari-termodinamici-e-misurata-nellambito-del-sce\/\",\"name\":\"L'ENERGIA CATTURATA DAI PANNELLI SOLARI TERMODINAMICI \u00c8 MISURATA NELL'AMBITO DEL SCE - ENERGIE EST, Lda.\",\"isPartOf\":{\"@id\":\"https:\/\/energie.pt\/it\/#website\"},\"primaryImageOfPage\":{\"@id\":\"https:\/\/energie.pt\/it\/mondiale-energie\/notizia\/lenergia-catturata-dai-pannelli-solari-termodinamici-e-misurata-nellambito-del-sce\/#primaryimage\"},\"image\":{\"@id\":\"https:\/\/energie.pt\/it\/mondiale-energie\/notizia\/lenergia-catturata-dai-pannelli-solari-termodinamici-e-misurata-nellambito-del-sce\/#primaryimage\"},\"thumbnailUrl\":\"https:\/\/energie.pt\/wp-content\/uploads\/2022\/06\/junho-2017_viscivil.jpg\",\"datePublished\":\"2017-06-13T15:53:32+00:00\",\"dateModified\":\"2025-01-23T17:07:44+00:00\",\"breadcrumb\":{\"@id\":\"https:\/\/energie.pt\/it\/mondiale-energie\/notizia\/lenergia-catturata-dai-pannelli-solari-termodinamici-e-misurata-nellambito-del-sce\/#breadcrumb\"},\"inLanguage\":\"it-IT\",\"potentialAction\":[{\"@type\":\"ReadAction\",\"target\":[\"https:\/\/energie.pt\/it\/mondiale-energie\/notizia\/lenergia-catturata-dai-pannelli-solari-termodinamici-e-misurata-nellambito-del-sce\/\"]}]},{\"@type\":\"ImageObject\",\"inLanguage\":\"it-IT\",\"@id\":\"https:\/\/energie.pt\/it\/mondiale-energie\/notizia\/lenergia-catturata-dai-pannelli-solari-termodinamici-e-misurata-nellambito-del-sce\/#primaryimage\",\"url\":\"https:\/\/energie.pt\/wp-content\/uploads\/2022\/06\/junho-2017_viscivil.jpg\",\"contentUrl\":\"https:\/\/energie.pt\/wp-content\/uploads\/2022\/06\/junho-2017_viscivil.jpg\",\"width\":1563,\"height\":826},{\"@type\":\"BreadcrumbList\",\"@id\":\"https:\/\/energie.pt\/it\/mondiale-energie\/notizia\/lenergia-catturata-dai-pannelli-solari-termodinamici-e-misurata-nellambito-del-sce\/#breadcrumb\",\"itemListElement\":[{\"@type\":\"ListItem\",\"position\":1,\"name\":\"Homepage\",\"item\":\"https:\/\/energie.pt\/it\/\"},{\"@type\":\"ListItem\",\"position\":2,\"name\":\"Mondiale Energie\",\"item\":\"https:\/\/energie.pt\/it\/category\/mondiale-energie\/\"},{\"@type\":\"ListItem\",\"position\":3,\"name\":\"Notizia\",\"item\":\"https:\/\/energie.pt\/it\/category\/mondiale-energie\/notizia\/\"},{\"@type\":\"ListItem\",\"position\":4,\"name\":\"L&#8217;ENERGIA CATTURATA DAI PANNELLI SOLARI TERMODINAMICI \u00c8 MISURATA NELL&#8217;AMBITO DEL SCE\"}]},{\"@type\":\"WebSite\",\"@id\":\"https:\/\/energie.pt\/it\/#website\",\"url\":\"https:\/\/energie.pt\/it\/\",\"name\":\"ENERGIE\",\"description\":\"Soluzioni termodinamiche per l'energia solare, climatizzazione, pompe di calore e ACS\",\"publisher\":{\"@id\":\"https:\/\/energie.pt\/it\/#organization\"},\"alternateName\":\"ENERGIE\",\"potentialAction\":[{\"@type\":\"SearchAction\",\"target\":{\"@type\":\"EntryPoint\",\"urlTemplate\":\"https:\/\/energie.pt\/it\/?s={search_term_string}\"},\"query-input\":\"required name=search_term_string\"}],\"inLanguage\":\"it-IT\"},{\"@type\":\"Organization\",\"@id\":\"https:\/\/energie.pt\/it\/#organization\",\"name\":\"Energie - Thermodynamic Solar Energy\",\"alternateName\":\"Energie\",\"url\":\"https:\/\/energie.pt\/it\/\",\"logo\":{\"@type\":\"ImageObject\",\"inLanguage\":\"it-IT\",\"@id\":\"https:\/\/energie.pt\/it\/#\/schema\/logo\/image\/\",\"url\":\"https:\/\/energie.pt\/wp-content\/uploads\/2021\/06\/logo_energie.svg\",\"contentUrl\":\"https:\/\/energie.pt\/wp-content\/uploads\/2021\/06\/logo_energie.svg\",\"width\":190,\"height\":55,\"caption\":\"Energie - Thermodynamic Solar Energy\"},\"image\":{\"@id\":\"https:\/\/energie.pt\/it\/#\/schema\/logo\/image\/\"},\"sameAs\":[\"https:\/\/www.facebook.com\/EnergiePortugalEst\/\",\"https:\/\/www.instagram.com\/energieportugal\/\",\"https:\/\/www.youtube.com\/channel\/UCnItbF_zm_YZ1tFqzUcVgPQ\",\"https:\/\/www.linkedin.com\/company\/energieportugal\/\"]},{\"@type\":\"Person\",\"@id\":\"https:\/\/energie.pt\/it\/#\/schema\/person\/db40e6f91190f7c107f522c91d27873d\",\"name\":\"catiarocha\",\"sameAs\":[\"https:\/\/energie.pt\/\"],\"url\":\"https:\/\/energie.pt\/it\/author\/catiarocha\/\"}]}<\/script>\r\n<!-- \/ Yoast SEO plugin. -->","yoast_head_json":{"title":"L'ENERGIA CATTURATA DAI PANNELLI SOLARI TERMODINAMICI \u00c8 MISURATA NELL'AMBITO DEL SCE - ENERGIE EST, Lda.","robots":{"index":"index","follow":"follow","max-snippet":"max-snippet:-1","max-image-preview":"max-image-preview:large","max-video-preview":"max-video-preview:-1"},"canonical":"https:\/\/energie.pt\/it\/mondiale-energie\/notizia\/lenergia-catturata-dai-pannelli-solari-termodinamici-e-misurata-nellambito-del-sce\/","og_locale":"it_IT","og_type":"article","og_title":"L'ENERGIA CATTURATA DAI PANNELLI SOLARI TERMODINAMICI \u00c8 MISURATA NELL'AMBITO DEL SCE - ENERGIE EST, Lda.","og_description":"Il pi\u00f9 recente progetto di costruzione collettiva sviluppato da VISCIVIL \u00e8 stato elaborato in conformit\u00e0 con la nuova normativa in materia di contabilizzazione della quantit\u00e0 di energia rinnovabile fornita con Pompa di Calore. ENERGIE, in stretta collaborazione con i suoi partner, tra cui designer, agenti e distributori, ha realizzato una serie di azioni di sensibilizzazione [&hellip;]","og_url":"https:\/\/energie.pt\/it\/mondiale-energie\/notizia\/lenergia-catturata-dai-pannelli-solari-termodinamici-e-misurata-nellambito-del-sce\/","og_site_name":"ENERGIE EST, Lda.","article_publisher":"https:\/\/www.facebook.com\/EnergiePortugalEst\/","article_published_time":"2017-06-13T15:53:32+00:00","article_modified_time":"2025-01-23T17:07:44+00:00","og_image":[{"width":1563,"height":826,"url":"https:\/\/energie.pt\/wp-content\/uploads\/2022\/06\/junho-2017_viscivil.jpg","type":"image\/jpeg"}],"author":"catiarocha","twitter_card":"summary_large_image","twitter_misc":{"Scritto da":"catiarocha","Tempo di lettura stimato":"1 minuto"},"schema":{"@context":"https:\/\/schema.org","@graph":[{"@type":"Article","@id":"https:\/\/energie.pt\/it\/mondiale-energie\/notizia\/lenergia-catturata-dai-pannelli-solari-termodinamici-e-misurata-nellambito-del-sce\/#article","isPartOf":{"@id":"https:\/\/energie.pt\/it\/mondiale-energie\/notizia\/lenergia-catturata-dai-pannelli-solari-termodinamici-e-misurata-nellambito-del-sce\/"},"author":{"name":"catiarocha","@id":"https:\/\/energie.pt\/it\/#\/schema\/person\/db40e6f91190f7c107f522c91d27873d"},"headline":"L&#8217;ENERGIA CATTURATA DAI PANNELLI SOLARI TERMODINAMICI \u00c8 MISURATA NELL&#8217;AMBITO DEL SCE","datePublished":"2017-06-13T15:53:32+00:00","dateModified":"2025-01-23T17:07:44+00:00","mainEntityOfPage":{"@id":"https:\/\/energie.pt\/it\/mondiale-energie\/notizia\/lenergia-catturata-dai-pannelli-solari-termodinamici-e-misurata-nellambito-del-sce\/"},"wordCount":182,"commentCount":0,"publisher":{"@id":"https:\/\/energie.pt\/it\/#organization"},"image":{"@id":"https:\/\/energie.pt\/it\/mondiale-energie\/notizia\/lenergia-catturata-dai-pannelli-solari-termodinamici-e-misurata-nellambito-del-sce\/#primaryimage"},"thumbnailUrl":"https:\/\/energie.pt\/wp-content\/uploads\/2022\/06\/junho-2017_viscivil.jpg","articleSection":["Mondiale Energie","Notizia"],"inLanguage":"it-IT","potentialAction":[{"@type":"CommentAction","name":"Comment","target":["https:\/\/energie.pt\/it\/mondiale-energie\/notizia\/lenergia-catturata-dai-pannelli-solari-termodinamici-e-misurata-nellambito-del-sce\/#respond"]}]},{"@type":"WebPage","@id":"https:\/\/energie.pt\/it\/mondiale-energie\/notizia\/lenergia-catturata-dai-pannelli-solari-termodinamici-e-misurata-nellambito-del-sce\/","url":"https:\/\/energie.pt\/it\/mondiale-energie\/notizia\/lenergia-catturata-dai-pannelli-solari-termodinamici-e-misurata-nellambito-del-sce\/","name":"L'ENERGIA CATTURATA DAI PANNELLI SOLARI TERMODINAMICI \u00c8 MISURATA NELL'AMBITO DEL SCE - ENERGIE EST, Lda.","isPartOf":{"@id":"https:\/\/energie.pt\/it\/#website"},"primaryImageOfPage":{"@id":"https:\/\/energie.pt\/it\/mondiale-energie\/notizia\/lenergia-catturata-dai-pannelli-solari-termodinamici-e-misurata-nellambito-del-sce\/#primaryimage"},"image":{"@id":"https:\/\/energie.pt\/it\/mondiale-energie\/notizia\/lenergia-catturata-dai-pannelli-solari-termodinamici-e-misurata-nellambito-del-sce\/#primaryimage"},"thumbnailUrl":"https:\/\/energie.pt\/wp-content\/uploads\/2022\/06\/junho-2017_viscivil.jpg","datePublished":"2017-06-13T15:53:32+00:00","dateModified":"2025-01-23T17:07:44+00:00","breadcrumb":{"@id":"https:\/\/energie.pt\/it\/mondiale-energie\/notizia\/lenergia-catturata-dai-pannelli-solari-termodinamici-e-misurata-nellambito-del-sce\/#breadcrumb"},"inLanguage":"it-IT","potentialAction":[{"@type":"ReadAction","target":["https:\/\/energie.pt\/it\/mondiale-energie\/notizia\/lenergia-catturata-dai-pannelli-solari-termodinamici-e-misurata-nellambito-del-sce\/"]}]},{"@type":"ImageObject","inLanguage":"it-IT","@id":"https:\/\/energie.pt\/it\/mondiale-energie\/notizia\/lenergia-catturata-dai-pannelli-solari-termodinamici-e-misurata-nellambito-del-sce\/#primaryimage","url":"https:\/\/energie.pt\/wp-content\/uploads\/2022\/06\/junho-2017_viscivil.jpg","contentUrl":"https:\/\/energie.pt\/wp-content\/uploads\/2022\/06\/junho-2017_viscivil.jpg","width":1563,"height":826},{"@type":"BreadcrumbList","@id":"https:\/\/energie.pt\/it\/mondiale-energie\/notizia\/lenergia-catturata-dai-pannelli-solari-termodinamici-e-misurata-nellambito-del-sce\/#breadcrumb","itemListElement":[{"@type":"ListItem","position":1,"name":"Homepage","item":"https:\/\/energie.pt\/it\/"},{"@type":"ListItem","position":2,"name":"Mondiale Energie","item":"https:\/\/energie.pt\/it\/category\/mondiale-energie\/"},{"@type":"ListItem","position":3,"name":"Notizia","item":"https:\/\/energie.pt\/it\/category\/mondiale-energie\/notizia\/"},{"@type":"ListItem","position":4,"name":"L&#8217;ENERGIA CATTURATA DAI PANNELLI SOLARI TERMODINAMICI \u00c8 MISURATA NELL&#8217;AMBITO DEL SCE"}]},{"@type":"WebSite","@id":"https:\/\/energie.pt\/it\/#website","url":"https:\/\/energie.pt\/it\/","name":"ENERGIE","description":"Soluzioni termodinamiche per l'energia solare, climatizzazione, pompe di calore e ACS","publisher":{"@id":"https:\/\/energie.pt\/it\/#organization"},"alternateName":"ENERGIE","potentialAction":[{"@type":"SearchAction","target":{"@type":"EntryPoint","urlTemplate":"https:\/\/energie.pt\/it\/?s={search_term_string}"},"query-input":"required name=search_term_string"}],"inLanguage":"it-IT"},{"@type":"Organization","@id":"https:\/\/energie.pt\/it\/#organization","name":"Energie - Thermodynamic Solar Energy","alternateName":"Energie","url":"https:\/\/energie.pt\/it\/","logo":{"@type":"ImageObject","inLanguage":"it-IT","@id":"https:\/\/energie.pt\/it\/#\/schema\/logo\/image\/","url":"https:\/\/energie.pt\/wp-content\/uploads\/2021\/06\/logo_energie.svg","contentUrl":"https:\/\/energie.pt\/wp-content\/uploads\/2021\/06\/logo_energie.svg","width":190,"height":55,"caption":"Energie - Thermodynamic Solar Energy"},"image":{"@id":"https:\/\/energie.pt\/it\/#\/schema\/logo\/image\/"},"sameAs":["https:\/\/www.facebook.com\/EnergiePortugalEst\/","https:\/\/www.instagram.com\/energieportugal\/","https:\/\/www.youtube.com\/channel\/UCnItbF_zm_YZ1tFqzUcVgPQ","https:\/\/www.linkedin.com\/company\/energieportugal\/"]},{"@type":"Person","@id":"https:\/\/energie.pt\/it\/#\/schema\/person\/db40e6f91190f7c107f522c91d27873d","name":"catiarocha","sameAs":["https:\/\/energie.pt\/"],"url":"https:\/\/energie.pt\/it\/author\/catiarocha\/"}]}},"_links":{"self":[{"href":"https:\/\/energie.pt\/it\/wp-json\/wp\/v2\/posts\/16930"}],"collection":[{"href":"https:\/\/energie.pt\/it\/wp-json\/wp\/v2\/posts"}],"about":[{"href":"https:\/\/energie.pt\/it\/wp-json\/wp\/v2\/types\/post"}],"author":[{"embeddable":true,"href":"https:\/\/energie.pt\/it\/wp-json\/wp\/v2\/users\/3"}],"replies":[{"embeddable":true,"href":"https:\/\/energie.pt\/it\/wp-json\/wp\/v2\/comments?post=16930"}],"version-history":[{"count":1,"href":"https:\/\/energie.pt\/it\/wp-json\/wp\/v2\/posts\/16930\/revisions"}],"predecessor-version":[{"id":30595,"href":"https:\/\/energie.pt\/it\/wp-json\/wp\/v2\/posts\/16930\/revisions\/30595"}],"wp:featuredmedia":[{"embeddable":true,"href":"https:\/\/energie.pt\/it\/wp-json\/wp\/v2\/media\/10323"}],"wp:attachment":[{"href":"https:\/\/energie.pt\/it\/wp-json\/wp\/v2\/media?parent=16930"}],"wp:term":[{"taxonomy":"category","embeddable":true,"href":"https:\/\/energie.pt\/it\/wp-json\/wp\/v2\/categories?post=16930"},{"taxonomy":"post_tag","embeddable":true,"href":"https:\/\/energie.pt\/it\/wp-json\/wp\/v2\/tags?post=16930"}],"curies":[{"name":"wp","href":"https:\/\/api.w.org\/{rel}","templated":true}]}}