{"id":20211,"date":"2023-02-22T10:09:14","date_gmt":"2023-02-22T10:09:14","guid":{"rendered":"https:\/\/energie.pt\/mondiale-energie\/notizia\/lunica-ipotesi-di-futuro-e-nelle-energie-rinnovabili\/"},"modified":"2025-01-23T08:58:54","modified_gmt":"2025-01-23T08:58:54","slug":"lunica-ipotesi-di-futuro-e-nelle-energie-rinnovabili","status":"publish","type":"post","link":"https:\/\/energie.pt\/it\/mondiale-energie\/notizia\/lunica-ipotesi-di-futuro-e-nelle-energie-rinnovabili\/","title":{"rendered":"L&#8217;UNICA IPOTESI DI FUTURO \u00c8 NELLE ENERGIE RINNOVABILI"},"content":{"rendered":"\n<p>Ant\u00f3nio Guterres, Segretario Generale delle Nazioni Unite (ONU), alla riunione dell&#8217;Agenzia Internazionale per le Energie Rinnovabili del 15 gennaio ad Abu Dhabi, ha affermato che l&#8217;uso delle energie rinnovabili \u00e8 l&#8217;unico modo per evitare una catastrofe climatica e garantire cos\u00ec un futuro sul pianeta Terra per le prossime generazioni.<\/p>\n\n<p>Il costante aumento della temperatura globale avr\u00e0 conseguenze irreversibili per l&#8217;ambiente, lasciando parti del pianeta completamente inabitabili, come afferma Guterres. Attualmente, secondo i dati delle Nazioni Unite, le energie rinnovabili rappresentano solo il 30% dell&#8217;energia generata a livello globale e dovrebbero pi\u00f9 che raddoppiare entro il 2030. Abbiamo solo sette anni per invertire questo uso e alimentare il pianeta principalmente con energia rinnovabile, con l&#8217;obiettivo di preservare il pianeta per quanti pi\u00f9 anni possibile. <\/p>\n\n<p>Pertanto, ENERGIE lavora ogni giorno per riscaldare le case dei cittadini e contribuire a un pianeta pi\u00f9 sostenibile. Non solo come produttori di energia solare, ma soprattutto come abitanti del pianeta Terra e responsabili, in quanto societ\u00e0, del cambiamento climatico, \u00e8 per noi fondamentale sensibilizzare tutti sulle conseguenze future delle nostre azioni. <br\/><br\/> L&#8217;unica ipotesi di futuro per le nuove generazioni risiede nell&#8217;uso sempre pi\u00f9 cospicuo delle energie rinnovabili. &#13;\n&#13;\nOptare per apparecchiature pi\u00f9 sostenibili, efficienti e redditizie a lungo termine ci consente, con una piccola azione, di fare una grande differenza per l&#8217;ambiente. L&#8217;essenza di ENERGIE \u00e8 nella sostenibilit\u00e0, e pu\u00f2 essere anche a casa tua.&#13;\n<\/p>\n","protected":false},"excerpt":{"rendered":"<p>Ant\u00f3nio Guterres, Segretario Generale delle Nazioni Unite (ONU), alla riunione dell&#8217;Agenzia Internazionale per le Energie Rinnovabili del 15 gennaio ad Abu Dhabi, ha affermato che l&#8217;uso delle energie rinnovabili \u00e8 l&#8217;unico modo per evitare una catastrofe climatica e garantire cos\u00ec un futuro sul pianeta Terra per le prossime generazioni. Il costante aumento della temperatura globale [&hellip;]<\/p>\n","protected":false},"author":2,"featured_media":20224,"comment_status":"closed","ping_status":"closed","sticky":false,"template":"","format":"standard","meta":{"_acf_changed":false,"footnotes":""},"categories":[264,138],"tags":[],"class_list":["post-20211","post","type-post","status-publish","format-standard","has-post-thumbnail","hentry","category-mondiale-energie","category-notizia"],"blocksy_meta":{"styles_descriptor":{"styles":{"desktop":"","tablet":"","mobile":""},"google_fonts":[],"version":6}},"acf":{"data_bimensal_da_noticia":"GENNAIO | FEBBRAIO \/ 2023"},"cp_meta_data":{"_encloseme":["1"],"blocksy_post_meta_options":["a:1:{s:17:\"styles_descriptor\";a:3:{s:6:\"styles\";a:3:{s:7:\"desktop\";s:0:\"\";s:6:\"tablet\";s:0:\"\";s:6:\"mobile\";s:0:\"\";}s:12:\"google_fonts\";a:0:{}s:7:\"version\";i:6;}}"],"_wpml_media_duplicate":["1"],"_wpml_media_featured":["1"],"_data_bimensal_da_noticia":["field_627e65cc70022"],"_top_nav_excluded":[""],"_cms_nav_minihome":[""],"_last_translation_edit_mode":["translation-editor"],"_thumbnail_id":["20224"],"_yoast_wpseo_primary_category":["1"],"stackable_optimized_css":[""],"stackable_optimized_css_raw":["a:0:{}"],"data_bimensal_da_noticia":["GENNAIO | FEBBRAIO \/ 2023"],"_wpml_media_has_media":["1"]},"yoast_head":"<!-- This site is optimized with the Yoast SEO plugin v22.8 - https:\/\/yoast.com\/wordpress\/plugins\/seo\/ -->\r\n<title>L&#039;UNICA IPOTESI DI FUTURO \u00c8 NELLE ENERGIE RINNOVABILI - ENERGIE EST, Lda.<\/title>\r\n<meta name=\"robots\" content=\"index, follow, max-snippet:-1, max-image-preview:large, max-video-preview:-1\" \/>\r\n<link rel=\"canonical\" href=\"https:\/\/energie.pt\/it\/mondiale-energie\/notizia\/lunica-ipotesi-di-futuro-e-nelle-energie-rinnovabili\/\" \/>\r\n<meta property=\"og:locale\" content=\"it_IT\" \/>\r\n<meta property=\"og:type\" content=\"article\" \/>\r\n<meta property=\"og:title\" content=\"L&#039;UNICA IPOTESI DI FUTURO \u00c8 NELLE ENERGIE RINNOVABILI - ENERGIE EST, Lda.\" \/>\r\n<meta property=\"og:description\" content=\"Ant\u00f3nio Guterres, Segretario Generale delle Nazioni Unite (ONU), alla riunione dell&#8217;Agenzia Internazionale per le Energie Rinnovabili del 15 gennaio ad Abu Dhabi, ha affermato che l&#8217;uso delle energie rinnovabili \u00e8 l&#8217;unico modo per evitare una catastrofe climatica e garantire cos\u00ec un futuro sul pianeta Terra per le prossime generazioni. Il costante aumento della temperatura globale [&hellip;]\" \/>\r\n<meta property=\"og:url\" content=\"https:\/\/energie.pt\/it\/mondiale-energie\/notizia\/lunica-ipotesi-di-futuro-e-nelle-energie-rinnovabili\/\" \/>\r\n<meta property=\"og:site_name\" content=\"ENERGIE EST, Lda.\" \/>\r\n<meta property=\"article:publisher\" content=\"https:\/\/www.facebook.com\/EnergiePortugalEst\/\" \/>\r\n<meta property=\"article:published_time\" content=\"2023-02-22T10:09:14+00:00\" \/>\r\n<meta property=\"article:modified_time\" content=\"2025-01-23T08:58:54+00:00\" \/>\r\n<meta property=\"og:image\" content=\"https:\/\/energie.pt\/wp-content\/uploads\/2023\/02\/Dia-27_banner_v2.jpg\" \/>\r\n\t<meta property=\"og:image:width\" content=\"900\" \/>\r\n\t<meta property=\"og:image:height\" content=\"478\" \/>\r\n\t<meta property=\"og:image:type\" content=\"image\/jpeg\" \/>\r\n<meta name=\"author\" content=\"Serafim Paredes\" \/>\r\n<meta name=\"twitter:card\" content=\"summary_large_image\" \/>\r\n<meta name=\"twitter:label1\" content=\"Scritto da\" \/>\n\t<meta name=\"twitter:data1\" content=\"Serafim Paredes\" \/>\n\t<meta name=\"twitter:label2\" content=\"Tempo di lettura stimato\" \/>\n\t<meta name=\"twitter:data2\" content=\"1 minuto\" \/>\r\n<script type=\"application\/ld+json\" class=\"yoast-schema-graph\">{\"@context\":\"https:\/\/schema.org\",\"@graph\":[{\"@type\":\"Article\",\"@id\":\"https:\/\/energie.pt\/it\/mondiale-energie\/notizia\/lunica-ipotesi-di-futuro-e-nelle-energie-rinnovabili\/#article\",\"isPartOf\":{\"@id\":\"https:\/\/energie.pt\/it\/mondiale-energie\/notizia\/lunica-ipotesi-di-futuro-e-nelle-energie-rinnovabili\/\"},\"author\":{\"name\":\"Serafim Paredes\",\"@id\":\"https:\/\/energie.pt\/it\/#\/schema\/person\/fbbc926447d5bcdd4272d1b2b459c176\"},\"headline\":\"L&#8217;UNICA IPOTESI DI FUTURO \u00c8 NELLE ENERGIE RINNOVABILI\",\"datePublished\":\"2023-02-22T10:09:14+00:00\",\"dateModified\":\"2025-01-23T08:58:54+00:00\",\"mainEntityOfPage\":{\"@id\":\"https:\/\/energie.pt\/it\/mondiale-energie\/notizia\/lunica-ipotesi-di-futuro-e-nelle-energie-rinnovabili\/\"},\"wordCount\":241,\"publisher\":{\"@id\":\"https:\/\/energie.pt\/it\/#organization\"},\"image\":{\"@id\":\"https:\/\/energie.pt\/it\/mondiale-energie\/notizia\/lunica-ipotesi-di-futuro-e-nelle-energie-rinnovabili\/#primaryimage\"},\"thumbnailUrl\":\"https:\/\/energie.pt\/wp-content\/uploads\/2023\/02\/Dia-27_banner_v2.jpg\",\"articleSection\":[\"Mondiale Energie\",\"Notizia\"],\"inLanguage\":\"it-IT\"},{\"@type\":\"WebPage\",\"@id\":\"https:\/\/energie.pt\/it\/mondiale-energie\/notizia\/lunica-ipotesi-di-futuro-e-nelle-energie-rinnovabili\/\",\"url\":\"https:\/\/energie.pt\/it\/mondiale-energie\/notizia\/lunica-ipotesi-di-futuro-e-nelle-energie-rinnovabili\/\",\"name\":\"L'UNICA IPOTESI DI FUTURO \u00c8 NELLE ENERGIE RINNOVABILI - ENERGIE EST, Lda.\",\"isPartOf\":{\"@id\":\"https:\/\/energie.pt\/it\/#website\"},\"primaryImageOfPage\":{\"@id\":\"https:\/\/energie.pt\/it\/mondiale-energie\/notizia\/lunica-ipotesi-di-futuro-e-nelle-energie-rinnovabili\/#primaryimage\"},\"image\":{\"@id\":\"https:\/\/energie.pt\/it\/mondiale-energie\/notizia\/lunica-ipotesi-di-futuro-e-nelle-energie-rinnovabili\/#primaryimage\"},\"thumbnailUrl\":\"https:\/\/energie.pt\/wp-content\/uploads\/2023\/02\/Dia-27_banner_v2.jpg\",\"datePublished\":\"2023-02-22T10:09:14+00:00\",\"dateModified\":\"2025-01-23T08:58:54+00:00\",\"breadcrumb\":{\"@id\":\"https:\/\/energie.pt\/it\/mondiale-energie\/notizia\/lunica-ipotesi-di-futuro-e-nelle-energie-rinnovabili\/#breadcrumb\"},\"inLanguage\":\"it-IT\",\"potentialAction\":[{\"@type\":\"ReadAction\",\"target\":[\"https:\/\/energie.pt\/it\/mondiale-energie\/notizia\/lunica-ipotesi-di-futuro-e-nelle-energie-rinnovabili\/\"]}]},{\"@type\":\"ImageObject\",\"inLanguage\":\"it-IT\",\"@id\":\"https:\/\/energie.pt\/it\/mondiale-energie\/notizia\/lunica-ipotesi-di-futuro-e-nelle-energie-rinnovabili\/#primaryimage\",\"url\":\"https:\/\/energie.pt\/wp-content\/uploads\/2023\/02\/Dia-27_banner_v2.jpg\",\"contentUrl\":\"https:\/\/energie.pt\/wp-content\/uploads\/2023\/02\/Dia-27_banner_v2.jpg\",\"width\":900,\"height\":478},{\"@type\":\"BreadcrumbList\",\"@id\":\"https:\/\/energie.pt\/it\/mondiale-energie\/notizia\/lunica-ipotesi-di-futuro-e-nelle-energie-rinnovabili\/#breadcrumb\",\"itemListElement\":[{\"@type\":\"ListItem\",\"position\":1,\"name\":\"Homepage\",\"item\":\"https:\/\/energie.pt\/it\/\"},{\"@type\":\"ListItem\",\"position\":2,\"name\":\"Mondiale Energie\",\"item\":\"https:\/\/energie.pt\/it\/category\/mondiale-energie\/\"},{\"@type\":\"ListItem\",\"position\":3,\"name\":\"Notizia\",\"item\":\"https:\/\/energie.pt\/it\/category\/mondiale-energie\/notizia\/\"},{\"@type\":\"ListItem\",\"position\":4,\"name\":\"L&#8217;UNICA IPOTESI DI FUTURO \u00c8 NELLE ENERGIE RINNOVABILI\"}]},{\"@type\":\"WebSite\",\"@id\":\"https:\/\/energie.pt\/it\/#website\",\"url\":\"https:\/\/energie.pt\/it\/\",\"name\":\"ENERGIE\",\"description\":\"Soluzioni termodinamiche per l'energia solare, climatizzazione, pompe di calore e ACS\",\"publisher\":{\"@id\":\"https:\/\/energie.pt\/it\/#organization\"},\"alternateName\":\"ENERGIE\",\"potentialAction\":[{\"@type\":\"SearchAction\",\"target\":{\"@type\":\"EntryPoint\",\"urlTemplate\":\"https:\/\/energie.pt\/it\/?s={search_term_string}\"},\"query-input\":\"required name=search_term_string\"}],\"inLanguage\":\"it-IT\"},{\"@type\":\"Organization\",\"@id\":\"https:\/\/energie.pt\/it\/#organization\",\"name\":\"Energie - Thermodynamic Solar Energy\",\"alternateName\":\"Energie\",\"url\":\"https:\/\/energie.pt\/it\/\",\"logo\":{\"@type\":\"ImageObject\",\"inLanguage\":\"it-IT\",\"@id\":\"https:\/\/energie.pt\/it\/#\/schema\/logo\/image\/\",\"url\":\"https:\/\/energie.pt\/wp-content\/uploads\/2021\/06\/logo_energie.svg\",\"contentUrl\":\"https:\/\/energie.pt\/wp-content\/uploads\/2021\/06\/logo_energie.svg\",\"width\":190,\"height\":55,\"caption\":\"Energie - Thermodynamic Solar Energy\"},\"image\":{\"@id\":\"https:\/\/energie.pt\/it\/#\/schema\/logo\/image\/\"},\"sameAs\":[\"https:\/\/www.facebook.com\/EnergiePortugalEst\/\",\"https:\/\/www.instagram.com\/energieportugal\/\",\"https:\/\/www.youtube.com\/channel\/UCnItbF_zm_YZ1tFqzUcVgPQ\",\"https:\/\/www.linkedin.com\/company\/energieportugal\/\"]},{\"@type\":\"Person\",\"@id\":\"https:\/\/energie.pt\/it\/#\/schema\/person\/fbbc926447d5bcdd4272d1b2b459c176\",\"name\":\"Serafim Paredes\",\"sameAs\":[\"https:\/\/energie.pt\/\"],\"url\":\"https:\/\/energie.pt\/it\/author\/serafim\/\"}]}<\/script>\r\n<!-- \/ Yoast SEO plugin. -->","yoast_head_json":{"title":"L'UNICA IPOTESI DI FUTURO \u00c8 NELLE ENERGIE RINNOVABILI - ENERGIE EST, Lda.","robots":{"index":"index","follow":"follow","max-snippet":"max-snippet:-1","max-image-preview":"max-image-preview:large","max-video-preview":"max-video-preview:-1"},"canonical":"https:\/\/energie.pt\/it\/mondiale-energie\/notizia\/lunica-ipotesi-di-futuro-e-nelle-energie-rinnovabili\/","og_locale":"it_IT","og_type":"article","og_title":"L'UNICA IPOTESI DI FUTURO \u00c8 NELLE ENERGIE RINNOVABILI - ENERGIE EST, Lda.","og_description":"Ant\u00f3nio Guterres, Segretario Generale delle Nazioni Unite (ONU), alla riunione dell&#8217;Agenzia Internazionale per le Energie Rinnovabili del 15 gennaio ad Abu Dhabi, ha affermato che l&#8217;uso delle energie rinnovabili \u00e8 l&#8217;unico modo per evitare una catastrofe climatica e garantire cos\u00ec un futuro sul pianeta Terra per le prossime generazioni. Il costante aumento della temperatura globale [&hellip;]","og_url":"https:\/\/energie.pt\/it\/mondiale-energie\/notizia\/lunica-ipotesi-di-futuro-e-nelle-energie-rinnovabili\/","og_site_name":"ENERGIE EST, Lda.","article_publisher":"https:\/\/www.facebook.com\/EnergiePortugalEst\/","article_published_time":"2023-02-22T10:09:14+00:00","article_modified_time":"2025-01-23T08:58:54+00:00","og_image":[{"width":900,"height":478,"url":"https:\/\/energie.pt\/wp-content\/uploads\/2023\/02\/Dia-27_banner_v2.jpg","type":"image\/jpeg"}],"author":"Serafim Paredes","twitter_card":"summary_large_image","twitter_misc":{"Scritto da":"Serafim Paredes","Tempo di lettura stimato":"1 minuto"},"schema":{"@context":"https:\/\/schema.org","@graph":[{"@type":"Article","@id":"https:\/\/energie.pt\/it\/mondiale-energie\/notizia\/lunica-ipotesi-di-futuro-e-nelle-energie-rinnovabili\/#article","isPartOf":{"@id":"https:\/\/energie.pt\/it\/mondiale-energie\/notizia\/lunica-ipotesi-di-futuro-e-nelle-energie-rinnovabili\/"},"author":{"name":"Serafim Paredes","@id":"https:\/\/energie.pt\/it\/#\/schema\/person\/fbbc926447d5bcdd4272d1b2b459c176"},"headline":"L&#8217;UNICA IPOTESI DI FUTURO \u00c8 NELLE ENERGIE RINNOVABILI","datePublished":"2023-02-22T10:09:14+00:00","dateModified":"2025-01-23T08:58:54+00:00","mainEntityOfPage":{"@id":"https:\/\/energie.pt\/it\/mondiale-energie\/notizia\/lunica-ipotesi-di-futuro-e-nelle-energie-rinnovabili\/"},"wordCount":241,"publisher":{"@id":"https:\/\/energie.pt\/it\/#organization"},"image":{"@id":"https:\/\/energie.pt\/it\/mondiale-energie\/notizia\/lunica-ipotesi-di-futuro-e-nelle-energie-rinnovabili\/#primaryimage"},"thumbnailUrl":"https:\/\/energie.pt\/wp-content\/uploads\/2023\/02\/Dia-27_banner_v2.jpg","articleSection":["Mondiale Energie","Notizia"],"inLanguage":"it-IT"},{"@type":"WebPage","@id":"https:\/\/energie.pt\/it\/mondiale-energie\/notizia\/lunica-ipotesi-di-futuro-e-nelle-energie-rinnovabili\/","url":"https:\/\/energie.pt\/it\/mondiale-energie\/notizia\/lunica-ipotesi-di-futuro-e-nelle-energie-rinnovabili\/","name":"L'UNICA IPOTESI DI FUTURO \u00c8 NELLE ENERGIE RINNOVABILI - ENERGIE EST, Lda.","isPartOf":{"@id":"https:\/\/energie.pt\/it\/#website"},"primaryImageOfPage":{"@id":"https:\/\/energie.pt\/it\/mondiale-energie\/notizia\/lunica-ipotesi-di-futuro-e-nelle-energie-rinnovabili\/#primaryimage"},"image":{"@id":"https:\/\/energie.pt\/it\/mondiale-energie\/notizia\/lunica-ipotesi-di-futuro-e-nelle-energie-rinnovabili\/#primaryimage"},"thumbnailUrl":"https:\/\/energie.pt\/wp-content\/uploads\/2023\/02\/Dia-27_banner_v2.jpg","datePublished":"2023-02-22T10:09:14+00:00","dateModified":"2025-01-23T08:58:54+00:00","breadcrumb":{"@id":"https:\/\/energie.pt\/it\/mondiale-energie\/notizia\/lunica-ipotesi-di-futuro-e-nelle-energie-rinnovabili\/#breadcrumb"},"inLanguage":"it-IT","potentialAction":[{"@type":"ReadAction","target":["https:\/\/energie.pt\/it\/mondiale-energie\/notizia\/lunica-ipotesi-di-futuro-e-nelle-energie-rinnovabili\/"]}]},{"@type":"ImageObject","inLanguage":"it-IT","@id":"https:\/\/energie.pt\/it\/mondiale-energie\/notizia\/lunica-ipotesi-di-futuro-e-nelle-energie-rinnovabili\/#primaryimage","url":"https:\/\/energie.pt\/wp-content\/uploads\/2023\/02\/Dia-27_banner_v2.jpg","contentUrl":"https:\/\/energie.pt\/wp-content\/uploads\/2023\/02\/Dia-27_banner_v2.jpg","width":900,"height":478},{"@type":"BreadcrumbList","@id":"https:\/\/energie.pt\/it\/mondiale-energie\/notizia\/lunica-ipotesi-di-futuro-e-nelle-energie-rinnovabili\/#breadcrumb","itemListElement":[{"@type":"ListItem","position":1,"name":"Homepage","item":"https:\/\/energie.pt\/it\/"},{"@type":"ListItem","position":2,"name":"Mondiale Energie","item":"https:\/\/energie.pt\/it\/category\/mondiale-energie\/"},{"@type":"ListItem","position":3,"name":"Notizia","item":"https:\/\/energie.pt\/it\/category\/mondiale-energie\/notizia\/"},{"@type":"ListItem","position":4,"name":"L&#8217;UNICA IPOTESI DI FUTURO \u00c8 NELLE ENERGIE RINNOVABILI"}]},{"@type":"WebSite","@id":"https:\/\/energie.pt\/it\/#website","url":"https:\/\/energie.pt\/it\/","name":"ENERGIE","description":"Soluzioni termodinamiche per l'energia solare, climatizzazione, pompe di calore e ACS","publisher":{"@id":"https:\/\/energie.pt\/it\/#organization"},"alternateName":"ENERGIE","potentialAction":[{"@type":"SearchAction","target":{"@type":"EntryPoint","urlTemplate":"https:\/\/energie.pt\/it\/?s={search_term_string}"},"query-input":"required name=search_term_string"}],"inLanguage":"it-IT"},{"@type":"Organization","@id":"https:\/\/energie.pt\/it\/#organization","name":"Energie - Thermodynamic Solar Energy","alternateName":"Energie","url":"https:\/\/energie.pt\/it\/","logo":{"@type":"ImageObject","inLanguage":"it-IT","@id":"https:\/\/energie.pt\/it\/#\/schema\/logo\/image\/","url":"https:\/\/energie.pt\/wp-content\/uploads\/2021\/06\/logo_energie.svg","contentUrl":"https:\/\/energie.pt\/wp-content\/uploads\/2021\/06\/logo_energie.svg","width":190,"height":55,"caption":"Energie - Thermodynamic Solar Energy"},"image":{"@id":"https:\/\/energie.pt\/it\/#\/schema\/logo\/image\/"},"sameAs":["https:\/\/www.facebook.com\/EnergiePortugalEst\/","https:\/\/www.instagram.com\/energieportugal\/","https:\/\/www.youtube.com\/channel\/UCnItbF_zm_YZ1tFqzUcVgPQ","https:\/\/www.linkedin.com\/company\/energieportugal\/"]},{"@type":"Person","@id":"https:\/\/energie.pt\/it\/#\/schema\/person\/fbbc926447d5bcdd4272d1b2b459c176","name":"Serafim Paredes","sameAs":["https:\/\/energie.pt\/"],"url":"https:\/\/energie.pt\/it\/author\/serafim\/"}]}},"_links":{"self":[{"href":"https:\/\/energie.pt\/it\/wp-json\/wp\/v2\/posts\/20211"}],"collection":[{"href":"https:\/\/energie.pt\/it\/wp-json\/wp\/v2\/posts"}],"about":[{"href":"https:\/\/energie.pt\/it\/wp-json\/wp\/v2\/types\/post"}],"author":[{"embeddable":true,"href":"https:\/\/energie.pt\/it\/wp-json\/wp\/v2\/users\/2"}],"replies":[{"embeddable":true,"href":"https:\/\/energie.pt\/it\/wp-json\/wp\/v2\/comments?post=20211"}],"version-history":[{"count":1,"href":"https:\/\/energie.pt\/it\/wp-json\/wp\/v2\/posts\/20211\/revisions"}],"predecessor-version":[{"id":30126,"href":"https:\/\/energie.pt\/it\/wp-json\/wp\/v2\/posts\/20211\/revisions\/30126"}],"wp:featuredmedia":[{"embeddable":true,"href":"https:\/\/energie.pt\/it\/wp-json\/wp\/v2\/media\/20224"}],"wp:attachment":[{"href":"https:\/\/energie.pt\/it\/wp-json\/wp\/v2\/media?parent=20211"}],"wp:term":[{"taxonomy":"category","embeddable":true,"href":"https:\/\/energie.pt\/it\/wp-json\/wp\/v2\/categories?post=20211"},{"taxonomy":"post_tag","embeddable":true,"href":"https:\/\/energie.pt\/it\/wp-json\/wp\/v2\/tags?post=20211"}],"curies":[{"name":"wp","href":"https:\/\/api.w.org\/{rel}","templated":true}]}}