{"id":21273,"date":"2023-04-18T10:17:56","date_gmt":"2023-04-18T10:17:56","guid":{"rendered":"https:\/\/energie.pt\/mondiale-energie\/notizia\/fiera-ish23\/"},"modified":"2025-01-23T08:43:53","modified_gmt":"2025-01-23T08:43:53","slug":"fiera-ish23","status":"publish","type":"post","link":"https:\/\/energie.pt\/it\/mondiale-energie\/notizia\/fiera-ish23\/","title":{"rendered":"FIERA ISH&#8217;23"},"content":{"rendered":"\n<p>ENERGIE \u00e8 stata presente alla Fiera ISH dal 13 al 17 marzo 2023 a Francoforte, in Germania. ISH \u00e8 la pi\u00f9 grande fiera internazionale di AVAC e acqua calda al mondo e la nostra presenza si \u00e8 rivelata molto positiva per la nostra crescita.<\/p>\n\n<p>ISH \u00e8 stata un&#8217;ottima opportunit\u00e0 per rafforzare i contatti e le relazioni con gli attuali distributori europei e stabilire nuove partnership. \u00c8 stata anche molto utile per rafforzare la nostra visione del mercato e capire meglio la direzione che sta prendendo, aiutandoci ad affinare e consolidare la nostra strategia di crescita.<\/p>\n\n<p>Non solo ha permesso di rinforzare l&#8217;immagine del marchio ENERGIE, ma ha anche aperto le porte a nuove opportunit\u00e0 di business in Germania e in diversi paesi europei che cercano soluzioni alternative al gas per la produzione di acqua calda e per il riscaldamento centralizzato.<\/p>\n","protected":false},"excerpt":{"rendered":"<p>ENERGIE \u00e8 stata presente alla Fiera ISH dal 13 al 17 marzo 2023 a Francoforte, in Germania. ISH \u00e8 la pi\u00f9 grande fiera internazionale di AVAC e acqua calda al mondo e la nostra presenza si \u00e8 rivelata molto positiva per la nostra crescita. ISH \u00e8 stata un&#8217;ottima opportunit\u00e0 per rafforzare i contatti e le [&hellip;]<\/p>\n","protected":false},"author":2,"featured_media":21258,"comment_status":"closed","ping_status":"closed","sticky":false,"template":"","format":"standard","meta":{"_acf_changed":false,"footnotes":""},"categories":[264,138],"tags":[],"class_list":["post-21273","post","type-post","status-publish","format-standard","has-post-thumbnail","hentry","category-mondiale-energie","category-notizia"],"blocksy_meta":[],"acf":{"data_bimensal_da_noticia":"MARZO | APRILE \/ 2023"},"cp_meta_data":{"_encloseme":["1"],"_wpml_media_duplicate":["1"],"_wpml_media_featured":["1"],"_data_bimensal_da_noticia":["field_627e65cc70022"],"_top_nav_excluded":[""],"_cms_nav_minihome":[""],"_thumbnail_id":["21258"],"_last_translation_edit_mode":["translation-editor"],"_yoast_wpseo_primary_category":["1"],"stackable_optimized_css":[""],"stackable_optimized_css_raw":["a:0:{}"],"data_bimensal_da_noticia":["MARZO | APRILE \/ 2023"],"_wpml_media_has_media":["1"]},"yoast_head":"<!-- This site is optimized with the Yoast SEO plugin v22.8 - https:\/\/yoast.com\/wordpress\/plugins\/seo\/ -->\r\n<title>FIERA ISH&#039;23 - ENERGIE EST, Lda.<\/title>\r\n<meta name=\"robots\" content=\"index, follow, max-snippet:-1, max-image-preview:large, max-video-preview:-1\" \/>\r\n<link rel=\"canonical\" href=\"https:\/\/energie.pt\/it\/mondiale-energie\/notizia\/fiera-ish23\/\" \/>\r\n<meta property=\"og:locale\" content=\"it_IT\" \/>\r\n<meta property=\"og:type\" content=\"article\" \/>\r\n<meta property=\"og:title\" content=\"FIERA ISH&#039;23 - ENERGIE EST, Lda.\" \/>\r\n<meta property=\"og:description\" content=\"ENERGIE \u00e8 stata presente alla Fiera ISH dal 13 al 17 marzo 2023 a Francoforte, in Germania. ISH \u00e8 la pi\u00f9 grande fiera internazionale di AVAC e acqua calda al mondo e la nostra presenza si \u00e8 rivelata molto positiva per la nostra crescita. ISH \u00e8 stata un&#8217;ottima opportunit\u00e0 per rafforzare i contatti e le [&hellip;]\" \/>\r\n<meta property=\"og:url\" content=\"https:\/\/energie.pt\/it\/mondiale-energie\/notizia\/fiera-ish23\/\" \/>\r\n<meta property=\"og:site_name\" content=\"ENERGIE EST, Lda.\" \/>\r\n<meta property=\"article:publisher\" content=\"https:\/\/www.facebook.com\/EnergiePortugalEst\/\" \/>\r\n<meta property=\"article:published_time\" content=\"2023-04-18T10:17:56+00:00\" \/>\r\n<meta property=\"article:modified_time\" content=\"2025-01-23T08:43:53+00:00\" \/>\r\n<meta property=\"og:image\" content=\"https:\/\/energie.pt\/wp-content\/uploads\/2023\/04\/marco_abril_feira_ish.jpg\" \/>\r\n\t<meta property=\"og:image:width\" content=\"1875\" \/>\r\n\t<meta property=\"og:image:height\" content=\"996\" \/>\r\n\t<meta property=\"og:image:type\" content=\"image\/jpeg\" \/>\r\n<meta name=\"author\" content=\"Serafim Paredes\" \/>\r\n<meta name=\"twitter:card\" content=\"summary_large_image\" \/>\r\n<meta name=\"twitter:label1\" content=\"Scritto da\" \/>\n\t<meta name=\"twitter:data1\" content=\"Serafim Paredes\" \/>\n\t<meta name=\"twitter:label2\" content=\"Tempo di lettura stimato\" \/>\n\t<meta name=\"twitter:data2\" content=\"1 minuto\" \/>\r\n<script type=\"application\/ld+json\" class=\"yoast-schema-graph\">{\"@context\":\"https:\/\/schema.org\",\"@graph\":[{\"@type\":\"Article\",\"@id\":\"https:\/\/energie.pt\/it\/mondiale-energie\/notizia\/fiera-ish23\/#article\",\"isPartOf\":{\"@id\":\"https:\/\/energie.pt\/it\/mondiale-energie\/notizia\/fiera-ish23\/\"},\"author\":{\"name\":\"Serafim Paredes\",\"@id\":\"https:\/\/energie.pt\/it\/#\/schema\/person\/fbbc926447d5bcdd4272d1b2b459c176\"},\"headline\":\"FIERA ISH&#8217;23\",\"datePublished\":\"2023-04-18T10:17:56+00:00\",\"dateModified\":\"2025-01-23T08:43:53+00:00\",\"mainEntityOfPage\":{\"@id\":\"https:\/\/energie.pt\/it\/mondiale-energie\/notizia\/fiera-ish23\/\"},\"wordCount\":136,\"publisher\":{\"@id\":\"https:\/\/energie.pt\/it\/#organization\"},\"image\":{\"@id\":\"https:\/\/energie.pt\/it\/mondiale-energie\/notizia\/fiera-ish23\/#primaryimage\"},\"thumbnailUrl\":\"https:\/\/energie.pt\/wp-content\/uploads\/2023\/04\/marco_abril_feira_ish.jpg\",\"articleSection\":[\"Mondiale Energie\",\"Notizia\"],\"inLanguage\":\"it-IT\"},{\"@type\":\"WebPage\",\"@id\":\"https:\/\/energie.pt\/it\/mondiale-energie\/notizia\/fiera-ish23\/\",\"url\":\"https:\/\/energie.pt\/it\/mondiale-energie\/notizia\/fiera-ish23\/\",\"name\":\"FIERA ISH'23 - ENERGIE EST, Lda.\",\"isPartOf\":{\"@id\":\"https:\/\/energie.pt\/it\/#website\"},\"primaryImageOfPage\":{\"@id\":\"https:\/\/energie.pt\/it\/mondiale-energie\/notizia\/fiera-ish23\/#primaryimage\"},\"image\":{\"@id\":\"https:\/\/energie.pt\/it\/mondiale-energie\/notizia\/fiera-ish23\/#primaryimage\"},\"thumbnailUrl\":\"https:\/\/energie.pt\/wp-content\/uploads\/2023\/04\/marco_abril_feira_ish.jpg\",\"datePublished\":\"2023-04-18T10:17:56+00:00\",\"dateModified\":\"2025-01-23T08:43:53+00:00\",\"breadcrumb\":{\"@id\":\"https:\/\/energie.pt\/it\/mondiale-energie\/notizia\/fiera-ish23\/#breadcrumb\"},\"inLanguage\":\"it-IT\",\"potentialAction\":[{\"@type\":\"ReadAction\",\"target\":[\"https:\/\/energie.pt\/it\/mondiale-energie\/notizia\/fiera-ish23\/\"]}]},{\"@type\":\"ImageObject\",\"inLanguage\":\"it-IT\",\"@id\":\"https:\/\/energie.pt\/it\/mondiale-energie\/notizia\/fiera-ish23\/#primaryimage\",\"url\":\"https:\/\/energie.pt\/wp-content\/uploads\/2023\/04\/marco_abril_feira_ish.jpg\",\"contentUrl\":\"https:\/\/energie.pt\/wp-content\/uploads\/2023\/04\/marco_abril_feira_ish.jpg\",\"width\":1875,\"height\":996},{\"@type\":\"BreadcrumbList\",\"@id\":\"https:\/\/energie.pt\/it\/mondiale-energie\/notizia\/fiera-ish23\/#breadcrumb\",\"itemListElement\":[{\"@type\":\"ListItem\",\"position\":1,\"name\":\"Homepage\",\"item\":\"https:\/\/energie.pt\/it\/\"},{\"@type\":\"ListItem\",\"position\":2,\"name\":\"Mondiale Energie\",\"item\":\"https:\/\/energie.pt\/it\/category\/mondiale-energie\/\"},{\"@type\":\"ListItem\",\"position\":3,\"name\":\"Notizia\",\"item\":\"https:\/\/energie.pt\/it\/category\/mondiale-energie\/notizia\/\"},{\"@type\":\"ListItem\",\"position\":4,\"name\":\"FIERA ISH&#8217;23\"}]},{\"@type\":\"WebSite\",\"@id\":\"https:\/\/energie.pt\/it\/#website\",\"url\":\"https:\/\/energie.pt\/it\/\",\"name\":\"ENERGIE\",\"description\":\"Soluzioni termodinamiche per l'energia solare, climatizzazione, pompe di calore e ACS\",\"publisher\":{\"@id\":\"https:\/\/energie.pt\/it\/#organization\"},\"alternateName\":\"ENERGIE\",\"potentialAction\":[{\"@type\":\"SearchAction\",\"target\":{\"@type\":\"EntryPoint\",\"urlTemplate\":\"https:\/\/energie.pt\/it\/?s={search_term_string}\"},\"query-input\":\"required name=search_term_string\"}],\"inLanguage\":\"it-IT\"},{\"@type\":\"Organization\",\"@id\":\"https:\/\/energie.pt\/it\/#organization\",\"name\":\"Energie - Thermodynamic Solar Energy\",\"alternateName\":\"Energie\",\"url\":\"https:\/\/energie.pt\/it\/\",\"logo\":{\"@type\":\"ImageObject\",\"inLanguage\":\"it-IT\",\"@id\":\"https:\/\/energie.pt\/it\/#\/schema\/logo\/image\/\",\"url\":\"https:\/\/energie.pt\/wp-content\/uploads\/2021\/06\/logo_energie.svg\",\"contentUrl\":\"https:\/\/energie.pt\/wp-content\/uploads\/2021\/06\/logo_energie.svg\",\"width\":190,\"height\":55,\"caption\":\"Energie - Thermodynamic Solar Energy\"},\"image\":{\"@id\":\"https:\/\/energie.pt\/it\/#\/schema\/logo\/image\/\"},\"sameAs\":[\"https:\/\/www.facebook.com\/EnergiePortugalEst\/\",\"https:\/\/www.instagram.com\/energieportugal\/\",\"https:\/\/www.youtube.com\/channel\/UCnItbF_zm_YZ1tFqzUcVgPQ\",\"https:\/\/www.linkedin.com\/company\/energieportugal\/\"]},{\"@type\":\"Person\",\"@id\":\"https:\/\/energie.pt\/it\/#\/schema\/person\/fbbc926447d5bcdd4272d1b2b459c176\",\"name\":\"Serafim Paredes\",\"sameAs\":[\"https:\/\/energie.pt\/\"],\"url\":\"https:\/\/energie.pt\/it\/author\/serafim\/\"}]}<\/script>\r\n<!-- \/ Yoast SEO plugin. -->","yoast_head_json":{"title":"FIERA ISH'23 - ENERGIE EST, Lda.","robots":{"index":"index","follow":"follow","max-snippet":"max-snippet:-1","max-image-preview":"max-image-preview:large","max-video-preview":"max-video-preview:-1"},"canonical":"https:\/\/energie.pt\/it\/mondiale-energie\/notizia\/fiera-ish23\/","og_locale":"it_IT","og_type":"article","og_title":"FIERA ISH'23 - ENERGIE EST, Lda.","og_description":"ENERGIE \u00e8 stata presente alla Fiera ISH dal 13 al 17 marzo 2023 a Francoforte, in Germania. ISH \u00e8 la pi\u00f9 grande fiera internazionale di AVAC e acqua calda al mondo e la nostra presenza si \u00e8 rivelata molto positiva per la nostra crescita. ISH \u00e8 stata un&#8217;ottima opportunit\u00e0 per rafforzare i contatti e le [&hellip;]","og_url":"https:\/\/energie.pt\/it\/mondiale-energie\/notizia\/fiera-ish23\/","og_site_name":"ENERGIE EST, Lda.","article_publisher":"https:\/\/www.facebook.com\/EnergiePortugalEst\/","article_published_time":"2023-04-18T10:17:56+00:00","article_modified_time":"2025-01-23T08:43:53+00:00","og_image":[{"width":1875,"height":996,"url":"https:\/\/energie.pt\/wp-content\/uploads\/2023\/04\/marco_abril_feira_ish.jpg","type":"image\/jpeg"}],"author":"Serafim Paredes","twitter_card":"summary_large_image","twitter_misc":{"Scritto da":"Serafim Paredes","Tempo di lettura stimato":"1 minuto"},"schema":{"@context":"https:\/\/schema.org","@graph":[{"@type":"Article","@id":"https:\/\/energie.pt\/it\/mondiale-energie\/notizia\/fiera-ish23\/#article","isPartOf":{"@id":"https:\/\/energie.pt\/it\/mondiale-energie\/notizia\/fiera-ish23\/"},"author":{"name":"Serafim Paredes","@id":"https:\/\/energie.pt\/it\/#\/schema\/person\/fbbc926447d5bcdd4272d1b2b459c176"},"headline":"FIERA ISH&#8217;23","datePublished":"2023-04-18T10:17:56+00:00","dateModified":"2025-01-23T08:43:53+00:00","mainEntityOfPage":{"@id":"https:\/\/energie.pt\/it\/mondiale-energie\/notizia\/fiera-ish23\/"},"wordCount":136,"publisher":{"@id":"https:\/\/energie.pt\/it\/#organization"},"image":{"@id":"https:\/\/energie.pt\/it\/mondiale-energie\/notizia\/fiera-ish23\/#primaryimage"},"thumbnailUrl":"https:\/\/energie.pt\/wp-content\/uploads\/2023\/04\/marco_abril_feira_ish.jpg","articleSection":["Mondiale Energie","Notizia"],"inLanguage":"it-IT"},{"@type":"WebPage","@id":"https:\/\/energie.pt\/it\/mondiale-energie\/notizia\/fiera-ish23\/","url":"https:\/\/energie.pt\/it\/mondiale-energie\/notizia\/fiera-ish23\/","name":"FIERA ISH'23 - ENERGIE EST, Lda.","isPartOf":{"@id":"https:\/\/energie.pt\/it\/#website"},"primaryImageOfPage":{"@id":"https:\/\/energie.pt\/it\/mondiale-energie\/notizia\/fiera-ish23\/#primaryimage"},"image":{"@id":"https:\/\/energie.pt\/it\/mondiale-energie\/notizia\/fiera-ish23\/#primaryimage"},"thumbnailUrl":"https:\/\/energie.pt\/wp-content\/uploads\/2023\/04\/marco_abril_feira_ish.jpg","datePublished":"2023-04-18T10:17:56+00:00","dateModified":"2025-01-23T08:43:53+00:00","breadcrumb":{"@id":"https:\/\/energie.pt\/it\/mondiale-energie\/notizia\/fiera-ish23\/#breadcrumb"},"inLanguage":"it-IT","potentialAction":[{"@type":"ReadAction","target":["https:\/\/energie.pt\/it\/mondiale-energie\/notizia\/fiera-ish23\/"]}]},{"@type":"ImageObject","inLanguage":"it-IT","@id":"https:\/\/energie.pt\/it\/mondiale-energie\/notizia\/fiera-ish23\/#primaryimage","url":"https:\/\/energie.pt\/wp-content\/uploads\/2023\/04\/marco_abril_feira_ish.jpg","contentUrl":"https:\/\/energie.pt\/wp-content\/uploads\/2023\/04\/marco_abril_feira_ish.jpg","width":1875,"height":996},{"@type":"BreadcrumbList","@id":"https:\/\/energie.pt\/it\/mondiale-energie\/notizia\/fiera-ish23\/#breadcrumb","itemListElement":[{"@type":"ListItem","position":1,"name":"Homepage","item":"https:\/\/energie.pt\/it\/"},{"@type":"ListItem","position":2,"name":"Mondiale Energie","item":"https:\/\/energie.pt\/it\/category\/mondiale-energie\/"},{"@type":"ListItem","position":3,"name":"Notizia","item":"https:\/\/energie.pt\/it\/category\/mondiale-energie\/notizia\/"},{"@type":"ListItem","position":4,"name":"FIERA ISH&#8217;23"}]},{"@type":"WebSite","@id":"https:\/\/energie.pt\/it\/#website","url":"https:\/\/energie.pt\/it\/","name":"ENERGIE","description":"Soluzioni termodinamiche per l'energia solare, climatizzazione, pompe di calore e ACS","publisher":{"@id":"https:\/\/energie.pt\/it\/#organization"},"alternateName":"ENERGIE","potentialAction":[{"@type":"SearchAction","target":{"@type":"EntryPoint","urlTemplate":"https:\/\/energie.pt\/it\/?s={search_term_string}"},"query-input":"required name=search_term_string"}],"inLanguage":"it-IT"},{"@type":"Organization","@id":"https:\/\/energie.pt\/it\/#organization","name":"Energie - Thermodynamic Solar Energy","alternateName":"Energie","url":"https:\/\/energie.pt\/it\/","logo":{"@type":"ImageObject","inLanguage":"it-IT","@id":"https:\/\/energie.pt\/it\/#\/schema\/logo\/image\/","url":"https:\/\/energie.pt\/wp-content\/uploads\/2021\/06\/logo_energie.svg","contentUrl":"https:\/\/energie.pt\/wp-content\/uploads\/2021\/06\/logo_energie.svg","width":190,"height":55,"caption":"Energie - Thermodynamic Solar Energy"},"image":{"@id":"https:\/\/energie.pt\/it\/#\/schema\/logo\/image\/"},"sameAs":["https:\/\/www.facebook.com\/EnergiePortugalEst\/","https:\/\/www.instagram.com\/energieportugal\/","https:\/\/www.youtube.com\/channel\/UCnItbF_zm_YZ1tFqzUcVgPQ","https:\/\/www.linkedin.com\/company\/energieportugal\/"]},{"@type":"Person","@id":"https:\/\/energie.pt\/it\/#\/schema\/person\/fbbc926447d5bcdd4272d1b2b459c176","name":"Serafim Paredes","sameAs":["https:\/\/energie.pt\/"],"url":"https:\/\/energie.pt\/it\/author\/serafim\/"}]}},"_links":{"self":[{"href":"https:\/\/energie.pt\/it\/wp-json\/wp\/v2\/posts\/21273"}],"collection":[{"href":"https:\/\/energie.pt\/it\/wp-json\/wp\/v2\/posts"}],"about":[{"href":"https:\/\/energie.pt\/it\/wp-json\/wp\/v2\/types\/post"}],"author":[{"embeddable":true,"href":"https:\/\/energie.pt\/it\/wp-json\/wp\/v2\/users\/2"}],"replies":[{"embeddable":true,"href":"https:\/\/energie.pt\/it\/wp-json\/wp\/v2\/comments?post=21273"}],"version-history":[{"count":1,"href":"https:\/\/energie.pt\/it\/wp-json\/wp\/v2\/posts\/21273\/revisions"}],"predecessor-version":[{"id":30109,"href":"https:\/\/energie.pt\/it\/wp-json\/wp\/v2\/posts\/21273\/revisions\/30109"}],"wp:featuredmedia":[{"embeddable":true,"href":"https:\/\/energie.pt\/it\/wp-json\/wp\/v2\/media\/21258"}],"wp:attachment":[{"href":"https:\/\/energie.pt\/it\/wp-json\/wp\/v2\/media?parent=21273"}],"wp:term":[{"taxonomy":"category","embeddable":true,"href":"https:\/\/energie.pt\/it\/wp-json\/wp\/v2\/categories?post=21273"},{"taxonomy":"post_tag","embeddable":true,"href":"https:\/\/energie.pt\/it\/wp-json\/wp\/v2\/tags?post=21273"}],"curies":[{"name":"wp","href":"https:\/\/api.w.org\/{rel}","templated":true}]}}