{"id":23117,"date":"2023-12-18T15:53:53","date_gmt":"2023-12-18T15:53:53","guid":{"rendered":"https:\/\/energie.pt\/mondiale-energie\/notizia\/opera-di-riferimento-edificio-multifamiliare-7\/"},"modified":"2025-01-22T11:31:36","modified_gmt":"2025-01-22T11:31:36","slug":"opera-di-riferimento-edificio-multifamiliare-7","status":"publish","type":"post","link":"https:\/\/energie.pt\/it\/mondiale-energie\/notizia\/opera-di-riferimento-edificio-multifamiliare-7\/","title":{"rendered":"OPERA DI RIFERIMENTO \u2013 EDIFICIO MULTIFAMILIARE"},"content":{"rendered":"\n<p>ENERGIE sviluppa un nuovo progetto di riferimento sulle rive del fiume C\u00e1vado, nel nord del Portogallo.<\/p>\n\n<p>Il pittoresco paesaggio delle rive del fiume C\u00e1vado, nel nord del Portogallo, \u00e8 stato testimone di un altro eccezionale sviluppo firmato ENERGIE. Questo progetto, composto da quattro lotti, rappresenta una perfetta convergenza tra i pi\u00f9 elevati standard di comfort e tecnologia. In questo progetto sono state installate pi\u00f9 di 80 pompe di calore aerotermiche AQUAPURA, una soluzione innovativa ed efficiente.<\/p>\n\n<p>In questo progetto, i modelli AQUAPURA MONOBLOC e AQUAPURA SPLIT, adattati alle diverse esigenze, compongono l&#8217;insieme delle soluzioni installate. Queste pompe di calore aerotermiche, destinate al riscaldamento dell&#8217;acqua per uso residenziale, sono in grado di produrre acqua calda fino a 60 \u00b0C. Il punto cruciale di queste apparecchiature \u00e8 dato dalla loro notevole efficienza, convalidata dalla classe energetica A++, con uno dei pi\u00f9 alti coefficienti di prestazione (COP) sul mercato. Ad esempio, il modello da 270 litri presenta un COP di 3,9, rafforzando l&#8217;efficacia e la sostenibilit\u00e0 di questi sistemi.<\/p>\n\n<p>ENERGIE si impegna costantemente a fornire soluzioni adatte a ogni sfida. E per ogni sfida, una soluzione!<\/p>\n","protected":false},"excerpt":{"rendered":"<p>ENERGIE sviluppa un nuovo progetto di riferimento sulle rive del fiume C\u00e1vado, nel nord del Portogallo. Il pittoresco paesaggio delle rive del fiume C\u00e1vado, nel nord del Portogallo, \u00e8 stato testimone di un altro eccezionale sviluppo firmato ENERGIE. Questo progetto, composto da quattro lotti, rappresenta una perfetta convergenza tra i pi\u00f9 elevati standard di comfort [&hellip;]<\/p>\n","protected":false},"author":2,"featured_media":23083,"comment_status":"closed","ping_status":"closed","sticky":false,"template":"","format":"standard","meta":{"_acf_changed":false,"footnotes":""},"categories":[264,138],"tags":[],"class_list":["post-23117","post","type-post","status-publish","format-standard","has-post-thumbnail","hentry","category-mondiale-energie","category-notizia"],"blocksy_meta":[],"acf":{"data_bimensal_da_noticia":"SETTEMBRE | OTTOBRE\/2023"},"cp_meta_data":{"_encloseme":["1"],"_wpml_media_duplicate":["1"],"_wpml_media_featured":["1"],"_data_bimensal_da_noticia":["field_627e65cc70022"],"_top_nav_excluded":[""],"_cms_nav_minihome":[""],"_thumbnail_id":["23083"],"stackable_optimized_css":[""],"stackable_optimized_css_raw":["a:0:{}"],"_last_translation_edit_mode":["translation-editor"],"_yoast_wpseo_primary_category":["1"],"data_bimensal_da_noticia":["SETTEMBRE | OTTOBRE\/2023"],"_wpml_media_has_media":["1"]},"yoast_head":"<!-- This site is optimized with the Yoast SEO plugin v22.8 - https:\/\/yoast.com\/wordpress\/plugins\/seo\/ -->\r\n<title>OPERA DI RIFERIMENTO \u2013 EDIFICIO MULTIFAMILIARE - ENERGIE EST, Lda.<\/title>\r\n<meta name=\"robots\" content=\"index, follow, max-snippet:-1, max-image-preview:large, max-video-preview:-1\" \/>\r\n<link rel=\"canonical\" href=\"https:\/\/energie.pt\/it\/mondiale-energie\/notizia\/opera-di-riferimento-edificio-multifamiliare-7\/\" \/>\r\n<meta property=\"og:locale\" content=\"it_IT\" \/>\r\n<meta property=\"og:type\" content=\"article\" \/>\r\n<meta property=\"og:title\" content=\"OPERA DI RIFERIMENTO \u2013 EDIFICIO MULTIFAMILIARE - ENERGIE EST, Lda.\" \/>\r\n<meta property=\"og:description\" content=\"ENERGIE sviluppa un nuovo progetto di riferimento sulle rive del fiume C\u00e1vado, nel nord del Portogallo. Il pittoresco paesaggio delle rive del fiume C\u00e1vado, nel nord del Portogallo, \u00e8 stato testimone di un altro eccezionale sviluppo firmato ENERGIE. Questo progetto, composto da quattro lotti, rappresenta una perfetta convergenza tra i pi\u00f9 elevati standard di comfort [&hellip;]\" \/>\r\n<meta property=\"og:url\" content=\"https:\/\/energie.pt\/it\/mondiale-energie\/notizia\/opera-di-riferimento-edificio-multifamiliare-7\/\" \/>\r\n<meta property=\"og:site_name\" content=\"ENERGIE EST, Lda.\" \/>\r\n<meta property=\"article:publisher\" content=\"https:\/\/www.facebook.com\/EnergiePortugalEst\/\" \/>\r\n<meta property=\"article:published_time\" content=\"2023-12-18T15:53:53+00:00\" \/>\r\n<meta property=\"article:modified_time\" content=\"2025-01-22T11:31:36+00:00\" \/>\r\n<meta property=\"og:image\" content=\"https:\/\/energie.pt\/wp-content\/uploads\/2023\/12\/nov_dez_obra_referencia_v1-scaled.jpg\" \/>\r\n\t<meta property=\"og:image:width\" content=\"2560\" \/>\r\n\t<meta property=\"og:image:height\" content=\"1360\" \/>\r\n\t<meta property=\"og:image:type\" content=\"image\/jpeg\" \/>\r\n<meta name=\"author\" content=\"Serafim Paredes\" \/>\r\n<meta name=\"twitter:card\" content=\"summary_large_image\" \/>\r\n<meta name=\"twitter:label1\" content=\"Scritto da\" \/>\n\t<meta name=\"twitter:data1\" content=\"Serafim Paredes\" \/>\n\t<meta name=\"twitter:label2\" content=\"Tempo di lettura stimato\" \/>\n\t<meta name=\"twitter:data2\" content=\"1 minuto\" \/>\r\n<script type=\"application\/ld+json\" class=\"yoast-schema-graph\">{\"@context\":\"https:\/\/schema.org\",\"@graph\":[{\"@type\":\"Article\",\"@id\":\"https:\/\/energie.pt\/it\/mondiale-energie\/notizia\/opera-di-riferimento-edificio-multifamiliare-7\/#article\",\"isPartOf\":{\"@id\":\"https:\/\/energie.pt\/it\/mondiale-energie\/notizia\/opera-di-riferimento-edificio-multifamiliare-7\/\"},\"author\":{\"name\":\"Serafim Paredes\",\"@id\":\"https:\/\/energie.pt\/it\/#\/schema\/person\/fbbc926447d5bcdd4272d1b2b459c176\"},\"headline\":\"OPERA DI RIFERIMENTO \u2013 EDIFICIO MULTIFAMILIARE\",\"datePublished\":\"2023-12-18T15:53:53+00:00\",\"dateModified\":\"2025-01-22T11:31:36+00:00\",\"mainEntityOfPage\":{\"@id\":\"https:\/\/energie.pt\/it\/mondiale-energie\/notizia\/opera-di-riferimento-edificio-multifamiliare-7\/\"},\"wordCount\":187,\"publisher\":{\"@id\":\"https:\/\/energie.pt\/it\/#organization\"},\"image\":{\"@id\":\"https:\/\/energie.pt\/it\/mondiale-energie\/notizia\/opera-di-riferimento-edificio-multifamiliare-7\/#primaryimage\"},\"thumbnailUrl\":\"https:\/\/energie.pt\/wp-content\/uploads\/2023\/12\/nov_dez_obra_referencia_v1-scaled.jpg\",\"articleSection\":[\"Mondiale Energie\",\"Notizia\"],\"inLanguage\":\"it-IT\"},{\"@type\":\"WebPage\",\"@id\":\"https:\/\/energie.pt\/it\/mondiale-energie\/notizia\/opera-di-riferimento-edificio-multifamiliare-7\/\",\"url\":\"https:\/\/energie.pt\/it\/mondiale-energie\/notizia\/opera-di-riferimento-edificio-multifamiliare-7\/\",\"name\":\"OPERA DI RIFERIMENTO \u2013 EDIFICIO MULTIFAMILIARE - ENERGIE EST, Lda.\",\"isPartOf\":{\"@id\":\"https:\/\/energie.pt\/it\/#website\"},\"primaryImageOfPage\":{\"@id\":\"https:\/\/energie.pt\/it\/mondiale-energie\/notizia\/opera-di-riferimento-edificio-multifamiliare-7\/#primaryimage\"},\"image\":{\"@id\":\"https:\/\/energie.pt\/it\/mondiale-energie\/notizia\/opera-di-riferimento-edificio-multifamiliare-7\/#primaryimage\"},\"thumbnailUrl\":\"https:\/\/energie.pt\/wp-content\/uploads\/2023\/12\/nov_dez_obra_referencia_v1-scaled.jpg\",\"datePublished\":\"2023-12-18T15:53:53+00:00\",\"dateModified\":\"2025-01-22T11:31:36+00:00\",\"breadcrumb\":{\"@id\":\"https:\/\/energie.pt\/it\/mondiale-energie\/notizia\/opera-di-riferimento-edificio-multifamiliare-7\/#breadcrumb\"},\"inLanguage\":\"it-IT\",\"potentialAction\":[{\"@type\":\"ReadAction\",\"target\":[\"https:\/\/energie.pt\/it\/mondiale-energie\/notizia\/opera-di-riferimento-edificio-multifamiliare-7\/\"]}]},{\"@type\":\"ImageObject\",\"inLanguage\":\"it-IT\",\"@id\":\"https:\/\/energie.pt\/it\/mondiale-energie\/notizia\/opera-di-riferimento-edificio-multifamiliare-7\/#primaryimage\",\"url\":\"https:\/\/energie.pt\/wp-content\/uploads\/2023\/12\/nov_dez_obra_referencia_v1-scaled.jpg\",\"contentUrl\":\"https:\/\/energie.pt\/wp-content\/uploads\/2023\/12\/nov_dez_obra_referencia_v1-scaled.jpg\",\"width\":2560,\"height\":1360,\"caption\":\"OBRA REFER\u00caNCIA \u2013 EDIF\u00cdCIO MULTIFAMILIAR\"},{\"@type\":\"BreadcrumbList\",\"@id\":\"https:\/\/energie.pt\/it\/mondiale-energie\/notizia\/opera-di-riferimento-edificio-multifamiliare-7\/#breadcrumb\",\"itemListElement\":[{\"@type\":\"ListItem\",\"position\":1,\"name\":\"Homepage\",\"item\":\"https:\/\/energie.pt\/it\/\"},{\"@type\":\"ListItem\",\"position\":2,\"name\":\"Mondiale Energie\",\"item\":\"https:\/\/energie.pt\/it\/category\/mondiale-energie\/\"},{\"@type\":\"ListItem\",\"position\":3,\"name\":\"Notizia\",\"item\":\"https:\/\/energie.pt\/it\/category\/mondiale-energie\/notizia\/\"},{\"@type\":\"ListItem\",\"position\":4,\"name\":\"OPERA DI RIFERIMENTO \u2013 EDIFICIO MULTIFAMILIARE\"}]},{\"@type\":\"WebSite\",\"@id\":\"https:\/\/energie.pt\/it\/#website\",\"url\":\"https:\/\/energie.pt\/it\/\",\"name\":\"ENERGIE\",\"description\":\"Soluzioni termodinamiche per l'energia solare, climatizzazione, pompe di calore e ACS\",\"publisher\":{\"@id\":\"https:\/\/energie.pt\/it\/#organization\"},\"alternateName\":\"ENERGIE\",\"potentialAction\":[{\"@type\":\"SearchAction\",\"target\":{\"@type\":\"EntryPoint\",\"urlTemplate\":\"https:\/\/energie.pt\/it\/?s={search_term_string}\"},\"query-input\":\"required name=search_term_string\"}],\"inLanguage\":\"it-IT\"},{\"@type\":\"Organization\",\"@id\":\"https:\/\/energie.pt\/it\/#organization\",\"name\":\"Energie - Thermodynamic Solar Energy\",\"alternateName\":\"Energie\",\"url\":\"https:\/\/energie.pt\/it\/\",\"logo\":{\"@type\":\"ImageObject\",\"inLanguage\":\"it-IT\",\"@id\":\"https:\/\/energie.pt\/it\/#\/schema\/logo\/image\/\",\"url\":\"https:\/\/energie.pt\/wp-content\/uploads\/2021\/06\/logo_energie.svg\",\"contentUrl\":\"https:\/\/energie.pt\/wp-content\/uploads\/2021\/06\/logo_energie.svg\",\"width\":190,\"height\":55,\"caption\":\"Energie - Thermodynamic Solar Energy\"},\"image\":{\"@id\":\"https:\/\/energie.pt\/it\/#\/schema\/logo\/image\/\"},\"sameAs\":[\"https:\/\/www.facebook.com\/EnergiePortugalEst\/\",\"https:\/\/www.instagram.com\/energieportugal\/\",\"https:\/\/www.youtube.com\/channel\/UCnItbF_zm_YZ1tFqzUcVgPQ\",\"https:\/\/www.linkedin.com\/company\/energieportugal\/\"]},{\"@type\":\"Person\",\"@id\":\"https:\/\/energie.pt\/it\/#\/schema\/person\/fbbc926447d5bcdd4272d1b2b459c176\",\"name\":\"Serafim Paredes\",\"sameAs\":[\"https:\/\/energie.pt\/\"],\"url\":\"https:\/\/energie.pt\/it\/author\/serafim\/\"}]}<\/script>\r\n<!-- \/ Yoast SEO plugin. -->","yoast_head_json":{"title":"OPERA DI RIFERIMENTO \u2013 EDIFICIO MULTIFAMILIARE - ENERGIE EST, Lda.","robots":{"index":"index","follow":"follow","max-snippet":"max-snippet:-1","max-image-preview":"max-image-preview:large","max-video-preview":"max-video-preview:-1"},"canonical":"https:\/\/energie.pt\/it\/mondiale-energie\/notizia\/opera-di-riferimento-edificio-multifamiliare-7\/","og_locale":"it_IT","og_type":"article","og_title":"OPERA DI RIFERIMENTO \u2013 EDIFICIO MULTIFAMILIARE - ENERGIE EST, Lda.","og_description":"ENERGIE sviluppa un nuovo progetto di riferimento sulle rive del fiume C\u00e1vado, nel nord del Portogallo. Il pittoresco paesaggio delle rive del fiume C\u00e1vado, nel nord del Portogallo, \u00e8 stato testimone di un altro eccezionale sviluppo firmato ENERGIE. Questo progetto, composto da quattro lotti, rappresenta una perfetta convergenza tra i pi\u00f9 elevati standard di comfort [&hellip;]","og_url":"https:\/\/energie.pt\/it\/mondiale-energie\/notizia\/opera-di-riferimento-edificio-multifamiliare-7\/","og_site_name":"ENERGIE EST, Lda.","article_publisher":"https:\/\/www.facebook.com\/EnergiePortugalEst\/","article_published_time":"2023-12-18T15:53:53+00:00","article_modified_time":"2025-01-22T11:31:36+00:00","og_image":[{"width":2560,"height":1360,"url":"https:\/\/energie.pt\/wp-content\/uploads\/2023\/12\/nov_dez_obra_referencia_v1-scaled.jpg","type":"image\/jpeg"}],"author":"Serafim Paredes","twitter_card":"summary_large_image","twitter_misc":{"Scritto da":"Serafim Paredes","Tempo di lettura stimato":"1 minuto"},"schema":{"@context":"https:\/\/schema.org","@graph":[{"@type":"Article","@id":"https:\/\/energie.pt\/it\/mondiale-energie\/notizia\/opera-di-riferimento-edificio-multifamiliare-7\/#article","isPartOf":{"@id":"https:\/\/energie.pt\/it\/mondiale-energie\/notizia\/opera-di-riferimento-edificio-multifamiliare-7\/"},"author":{"name":"Serafim Paredes","@id":"https:\/\/energie.pt\/it\/#\/schema\/person\/fbbc926447d5bcdd4272d1b2b459c176"},"headline":"OPERA DI RIFERIMENTO \u2013 EDIFICIO MULTIFAMILIARE","datePublished":"2023-12-18T15:53:53+00:00","dateModified":"2025-01-22T11:31:36+00:00","mainEntityOfPage":{"@id":"https:\/\/energie.pt\/it\/mondiale-energie\/notizia\/opera-di-riferimento-edificio-multifamiliare-7\/"},"wordCount":187,"publisher":{"@id":"https:\/\/energie.pt\/it\/#organization"},"image":{"@id":"https:\/\/energie.pt\/it\/mondiale-energie\/notizia\/opera-di-riferimento-edificio-multifamiliare-7\/#primaryimage"},"thumbnailUrl":"https:\/\/energie.pt\/wp-content\/uploads\/2023\/12\/nov_dez_obra_referencia_v1-scaled.jpg","articleSection":["Mondiale Energie","Notizia"],"inLanguage":"it-IT"},{"@type":"WebPage","@id":"https:\/\/energie.pt\/it\/mondiale-energie\/notizia\/opera-di-riferimento-edificio-multifamiliare-7\/","url":"https:\/\/energie.pt\/it\/mondiale-energie\/notizia\/opera-di-riferimento-edificio-multifamiliare-7\/","name":"OPERA DI RIFERIMENTO \u2013 EDIFICIO MULTIFAMILIARE - ENERGIE EST, Lda.","isPartOf":{"@id":"https:\/\/energie.pt\/it\/#website"},"primaryImageOfPage":{"@id":"https:\/\/energie.pt\/it\/mondiale-energie\/notizia\/opera-di-riferimento-edificio-multifamiliare-7\/#primaryimage"},"image":{"@id":"https:\/\/energie.pt\/it\/mondiale-energie\/notizia\/opera-di-riferimento-edificio-multifamiliare-7\/#primaryimage"},"thumbnailUrl":"https:\/\/energie.pt\/wp-content\/uploads\/2023\/12\/nov_dez_obra_referencia_v1-scaled.jpg","datePublished":"2023-12-18T15:53:53+00:00","dateModified":"2025-01-22T11:31:36+00:00","breadcrumb":{"@id":"https:\/\/energie.pt\/it\/mondiale-energie\/notizia\/opera-di-riferimento-edificio-multifamiliare-7\/#breadcrumb"},"inLanguage":"it-IT","potentialAction":[{"@type":"ReadAction","target":["https:\/\/energie.pt\/it\/mondiale-energie\/notizia\/opera-di-riferimento-edificio-multifamiliare-7\/"]}]},{"@type":"ImageObject","inLanguage":"it-IT","@id":"https:\/\/energie.pt\/it\/mondiale-energie\/notizia\/opera-di-riferimento-edificio-multifamiliare-7\/#primaryimage","url":"https:\/\/energie.pt\/wp-content\/uploads\/2023\/12\/nov_dez_obra_referencia_v1-scaled.jpg","contentUrl":"https:\/\/energie.pt\/wp-content\/uploads\/2023\/12\/nov_dez_obra_referencia_v1-scaled.jpg","width":2560,"height":1360,"caption":"OBRA REFER\u00caNCIA \u2013 EDIF\u00cdCIO MULTIFAMILIAR"},{"@type":"BreadcrumbList","@id":"https:\/\/energie.pt\/it\/mondiale-energie\/notizia\/opera-di-riferimento-edificio-multifamiliare-7\/#breadcrumb","itemListElement":[{"@type":"ListItem","position":1,"name":"Homepage","item":"https:\/\/energie.pt\/it\/"},{"@type":"ListItem","position":2,"name":"Mondiale Energie","item":"https:\/\/energie.pt\/it\/category\/mondiale-energie\/"},{"@type":"ListItem","position":3,"name":"Notizia","item":"https:\/\/energie.pt\/it\/category\/mondiale-energie\/notizia\/"},{"@type":"ListItem","position":4,"name":"OPERA DI RIFERIMENTO \u2013 EDIFICIO MULTIFAMILIARE"}]},{"@type":"WebSite","@id":"https:\/\/energie.pt\/it\/#website","url":"https:\/\/energie.pt\/it\/","name":"ENERGIE","description":"Soluzioni termodinamiche per l'energia solare, climatizzazione, pompe di calore e ACS","publisher":{"@id":"https:\/\/energie.pt\/it\/#organization"},"alternateName":"ENERGIE","potentialAction":[{"@type":"SearchAction","target":{"@type":"EntryPoint","urlTemplate":"https:\/\/energie.pt\/it\/?s={search_term_string}"},"query-input":"required name=search_term_string"}],"inLanguage":"it-IT"},{"@type":"Organization","@id":"https:\/\/energie.pt\/it\/#organization","name":"Energie - Thermodynamic Solar Energy","alternateName":"Energie","url":"https:\/\/energie.pt\/it\/","logo":{"@type":"ImageObject","inLanguage":"it-IT","@id":"https:\/\/energie.pt\/it\/#\/schema\/logo\/image\/","url":"https:\/\/energie.pt\/wp-content\/uploads\/2021\/06\/logo_energie.svg","contentUrl":"https:\/\/energie.pt\/wp-content\/uploads\/2021\/06\/logo_energie.svg","width":190,"height":55,"caption":"Energie - Thermodynamic Solar Energy"},"image":{"@id":"https:\/\/energie.pt\/it\/#\/schema\/logo\/image\/"},"sameAs":["https:\/\/www.facebook.com\/EnergiePortugalEst\/","https:\/\/www.instagram.com\/energieportugal\/","https:\/\/www.youtube.com\/channel\/UCnItbF_zm_YZ1tFqzUcVgPQ","https:\/\/www.linkedin.com\/company\/energieportugal\/"]},{"@type":"Person","@id":"https:\/\/energie.pt\/it\/#\/schema\/person\/fbbc926447d5bcdd4272d1b2b459c176","name":"Serafim Paredes","sameAs":["https:\/\/energie.pt\/"],"url":"https:\/\/energie.pt\/it\/author\/serafim\/"}]}},"_links":{"self":[{"href":"https:\/\/energie.pt\/it\/wp-json\/wp\/v2\/posts\/23117"}],"collection":[{"href":"https:\/\/energie.pt\/it\/wp-json\/wp\/v2\/posts"}],"about":[{"href":"https:\/\/energie.pt\/it\/wp-json\/wp\/v2\/types\/post"}],"author":[{"embeddable":true,"href":"https:\/\/energie.pt\/it\/wp-json\/wp\/v2\/users\/2"}],"replies":[{"embeddable":true,"href":"https:\/\/energie.pt\/it\/wp-json\/wp\/v2\/comments?post=23117"}],"version-history":[{"count":1,"href":"https:\/\/energie.pt\/it\/wp-json\/wp\/v2\/posts\/23117\/revisions"}],"predecessor-version":[{"id":29960,"href":"https:\/\/energie.pt\/it\/wp-json\/wp\/v2\/posts\/23117\/revisions\/29960"}],"wp:featuredmedia":[{"embeddable":true,"href":"https:\/\/energie.pt\/it\/wp-json\/wp\/v2\/media\/23083"}],"wp:attachment":[{"href":"https:\/\/energie.pt\/it\/wp-json\/wp\/v2\/media?parent=23117"}],"wp:term":[{"taxonomy":"category","embeddable":true,"href":"https:\/\/energie.pt\/it\/wp-json\/wp\/v2\/categories?post=23117"},{"taxonomy":"post_tag","embeddable":true,"href":"https:\/\/energie.pt\/it\/wp-json\/wp\/v2\/tags?post=23117"}],"curies":[{"name":"wp","href":"https:\/\/api.w.org\/{rel}","templated":true}]}}