{"id":32873,"date":"2025-10-14T11:39:29","date_gmt":"2025-10-14T11:39:29","guid":{"rendered":"https:\/\/energie.pt\/mondiale-energie\/notizia\/nuovo-accumulatore-di-inerzia-hydrokit\/"},"modified":"2025-10-22T11:28:46","modified_gmt":"2025-10-22T11:28:46","slug":"nuovo-accumulatore-di-inerzia-hydrokit","status":"publish","type":"post","link":"https:\/\/energie.pt\/it\/mondiale-energie\/nuovo-accumulatore-di-inerzia-hydrokit\/","title":{"rendered":"NUOVO ACCUMULATORE DI INERZIA HYDROKIT"},"content":{"rendered":"\n<div class=\"wp-block-stackable-columns stk-block-columns stk-block stk-7c49c42\" data-block-id=\"7c49c42\"><div class=\"stk-row stk-inner-blocks stk-block-content stk-content-align stk-7c49c42-column\">\n<div class=\"wp-block-stackable-column stk-block-column stk-column stk-block stk-985e112\" data-v=\"4\" data-block-id=\"985e112\"><style>@media screen and (min-width:768px){.stk-985e112{flex:var(--stk-flex-grow,1) 1 25% !important}}<\/style><div class=\"stk-column-wrapper stk-block-column__content stk-container stk-985e112-container stk--no-background stk--no-padding\"><div class=\"stk-block-content stk-inner-blocks stk-985e112-inner-blocks\">\n<figure class=\"wp-block-gallery has-nested-images columns-default is-cropped wp-block-gallery-1 is-layout-flex wp-block-gallery-is-layout-flex\">\n<figure class=\"wp-block-image size-large\"><img loading=\"lazy\" decoding=\"async\" width=\"1024\" height=\"683\" src=\"https:\/\/energie.pt\/wp-content\/uploads\/2025\/10\/27.10_6-1024x683.jpg\" alt=\"\" class=\"wp-image-32849\" srcset=\"https:\/\/energie.pt\/wp-content\/uploads\/2025\/10\/27.10_6-1024x683.jpg 1024w, https:\/\/energie.pt\/wp-content\/uploads\/2025\/10\/27.10_6-300x200.jpg 300w, https:\/\/energie.pt\/wp-content\/uploads\/2025\/10\/27.10_6-768x512.jpg 768w, https:\/\/energie.pt\/wp-content\/uploads\/2025\/10\/27.10_6-1536x1024.jpg 1536w, https:\/\/energie.pt\/wp-content\/uploads\/2025\/10\/27.10_6-2048x1365.jpg 2048w\" sizes=\"(max-width: 1024px) 100vw, 1024px\" \/><\/figure>\n<\/figure>\n<\/div><\/div><\/div>\n\n\n\n<div class=\"wp-block-stackable-column stk-block-column stk-column stk-block stk-ee2064c\" data-v=\"4\" data-block-id=\"ee2064c\"><style>@media screen and (min-width:768px){.stk-ee2064c{flex:var(--stk-flex-grow,1) 1 25% !important}}<\/style><div class=\"stk-column-wrapper stk-block-column__content stk-container stk-ee2064c-container stk--no-background stk--no-padding\"><div class=\"stk-block-content stk-inner-blocks stk-ee2064c-inner-blocks\">\n<figure class=\"wp-block-gallery has-nested-images columns-default is-cropped wp-block-gallery-2 is-layout-flex wp-block-gallery-is-layout-flex\">\n<figure class=\"wp-block-image size-large\"><img loading=\"lazy\" decoding=\"async\" width=\"1024\" height=\"683\" src=\"https:\/\/energie.pt\/wp-content\/uploads\/2025\/10\/27.10_5-1024x683.jpg\" alt=\"\" class=\"wp-image-32854\" srcset=\"https:\/\/energie.pt\/wp-content\/uploads\/2025\/10\/27.10_5-1024x683.jpg 1024w, https:\/\/energie.pt\/wp-content\/uploads\/2025\/10\/27.10_5-300x200.jpg 300w, https:\/\/energie.pt\/wp-content\/uploads\/2025\/10\/27.10_5-768x512.jpg 768w, https:\/\/energie.pt\/wp-content\/uploads\/2025\/10\/27.10_5-1536x1024.jpg 1536w, https:\/\/energie.pt\/wp-content\/uploads\/2025\/10\/27.10_5-2048x1365.jpg 2048w\" sizes=\"(max-width: 1024px) 100vw, 1024px\" \/><\/figure>\n<\/figure>\n<\/div><\/div><\/div>\n\n\n\n<div class=\"wp-block-stackable-column stk-block-column stk-column stk-block stk-1d7c46e\" data-v=\"4\" data-block-id=\"1d7c46e\"><style>@media screen and (min-width:768px){.stk-1d7c46e{flex:var(--stk-flex-grow,1) 1 25% !important}}<\/style><div class=\"stk-column-wrapper stk-block-column__content stk-container stk-1d7c46e-container stk--no-background stk--no-padding\"><div class=\"stk-block-content stk-inner-blocks stk-1d7c46e-inner-blocks\">\n<figure class=\"wp-block-gallery has-nested-images columns-default is-cropped wp-block-gallery-3 is-layout-flex wp-block-gallery-is-layout-flex\">\n<figure class=\"wp-block-image size-large\"><img loading=\"lazy\" decoding=\"async\" width=\"1024\" height=\"683\" src=\"https:\/\/energie.pt\/wp-content\/uploads\/2025\/10\/27.10_4-1024x683.jpg\" alt=\"\" class=\"wp-image-32859\" srcset=\"https:\/\/energie.pt\/wp-content\/uploads\/2025\/10\/27.10_4-1024x683.jpg 1024w, https:\/\/energie.pt\/wp-content\/uploads\/2025\/10\/27.10_4-300x200.jpg 300w, https:\/\/energie.pt\/wp-content\/uploads\/2025\/10\/27.10_4-768x512.jpg 768w, https:\/\/energie.pt\/wp-content\/uploads\/2025\/10\/27.10_4-1536x1024.jpg 1536w, https:\/\/energie.pt\/wp-content\/uploads\/2025\/10\/27.10_4-2048x1365.jpg 2048w\" sizes=\"(max-width: 1024px) 100vw, 1024px\" \/><\/figure>\n<\/figure>\n<\/div><\/div><\/div>\n\n\n\n<div class=\"wp-block-stackable-column stk-block-column stk-column stk-block stk-2a13252\" data-v=\"4\" data-block-id=\"2a13252\"><style>@media screen and (min-width:768px){.stk-2a13252{flex:var(--stk-flex-grow,1) 1 25% !important}}<\/style><div class=\"stk-column-wrapper stk-block-column__content stk-container stk-2a13252-container stk--no-background stk--no-padding\"><div class=\"stk-block-content stk-inner-blocks stk-2a13252-inner-blocks\">\n<figure class=\"wp-block-gallery has-nested-images columns-default is-cropped wp-block-gallery-4 is-layout-flex wp-block-gallery-is-layout-flex\">\n<figure class=\"wp-block-image size-large\"><img loading=\"lazy\" decoding=\"async\" width=\"1024\" height=\"683\" src=\"https:\/\/energie.pt\/wp-content\/uploads\/2025\/10\/27.10_2-1024x683.jpg\" alt=\"\" class=\"wp-image-32864\" srcset=\"https:\/\/energie.pt\/wp-content\/uploads\/2025\/10\/27.10_2-1024x683.jpg 1024w, https:\/\/energie.pt\/wp-content\/uploads\/2025\/10\/27.10_2-300x200.jpg 300w, https:\/\/energie.pt\/wp-content\/uploads\/2025\/10\/27.10_2-768x512.jpg 768w, https:\/\/energie.pt\/wp-content\/uploads\/2025\/10\/27.10_2-1536x1024.jpg 1536w, https:\/\/energie.pt\/wp-content\/uploads\/2025\/10\/27.10_2-2048x1366.jpg 2048w\" sizes=\"(max-width: 1024px) 100vw, 1024px\" \/><\/figure>\n<\/figure>\n<\/div><\/div><\/div>\n<\/div><\/div>\n\n<p>ENERGIE presenta i nuovi accumulatori di inerzia HYDROKIT<\/p>\n\n<p>L\u2019installazione di un accumulatore di inerzia non deve essere complessa. Con questa visione ENERGIE ha sviluppato l\u2019HYDROKIT, una soluzione pronta all\u2019uso che semplifica il processo, riduce i tempi di montaggio e garantisce maggiore efficienza in ogni progetto.<\/p>\n\n<p>Dopo il modello da 100 litri, la gamma HYDROKIT include ora anche la versione da 200 litri, disponibile in configurazioni a uno o due circuiti, che offre maggiore versatilit\u00e0 per applicazioni di climatizzazione e\/o acqua calda sanitaria (ACS).<\/p>\n\n<p>Principali vantaggi di HYDROKIT:<\/p>\n\n<p>Compatibile con tutte le marche di pompe di calore<\/p>\n\n<p>Struttura in acciaio inox, disponibile da 100 L e 200 L<\/p>\n\n<p>Configurazione flessibile: uno o due circuiti<\/p>\n\n<p>Installazione ottimizzata, con un risparmio fino a 3 ore di lavoro<\/p>\n\n<p>Perdite di calore minime per la massima resa<\/p>\n\n<p>Riduzione dei costi di installazione<\/p>\n\n<p>Con HYDROKIT, i professionisti non devono pi\u00f9 affrontare la complessit\u00e0 dei sistemi convenzionali assemblati pezzo per pezzo. Il risultato \u00e8 una soluzione pi\u00f9 pratica, rapida ed economica, che garantisce comfort e prestazioni all\u2019utente finale.<\/p>\n\n<p>Guarda il video qui: <a href=\"https:\/\/youtube.com\/shorts\/YuLpml6ZZcE\">HYDROKIT<\/a><\/p>\n","protected":false},"excerpt":{"rendered":"<p>ENERGIE presenta i nuovi accumulatori di inerzia HYDROKIT L\u2019installazione di un accumulatore di inerzia non deve essere complessa. Con questa visione ENERGIE ha sviluppato l\u2019HYDROKIT, una soluzione pronta all\u2019uso che semplifica il processo, riduce i tempi di montaggio e garantisce maggiore efficienza in ogni progetto. Dopo il modello da 100 litri, la gamma HYDROKIT include [&hellip;]<\/p>\n","protected":false},"author":2,"featured_media":32880,"comment_status":"closed","ping_status":"closed","sticky":false,"template":"","format":"standard","meta":{"_acf_changed":false,"footnotes":""},"categories":[264,138],"tags":[],"class_list":["post-32873","post","type-post","status-publish","format-standard","has-post-thumbnail","hentry","category-mondiale-energie","category-notizia"],"blocksy_meta":{"disable_featured_image":"yes","styles_descriptor":{"styles":{"desktop":"","tablet":"","mobile":""},"google_fonts":[],"version":6}},"acf":{"data_bimensal_da_noticia":"SETTEMBRE | OTTOBRE \/2025"},"cp_meta_data":{"_wpml_media_duplicate":["1"],"_wpml_media_featured":["1"],"_data_bimensal_da_noticia":["field_627e65cc70022"],"_top_nav_excluded":[""],"_cms_nav_minihome":[""],"data_bimensal_da_noticia":["SETTEMBRE | OTTOBRE \/2025"],"blocksy_post_meta_options":["a:2:{s:22:\"disable_featured_image\";s:3:\"yes\";s:17:\"styles_descriptor\";a:3:{s:6:\"styles\";a:3:{s:7:\"desktop\";s:0:\"\";s:6:\"tablet\";s:0:\"\";s:6:\"mobile\";s:0:\"\";}s:12:\"google_fonts\";a:0:{}s:7:\"version\";i:6;}}"],"stackable_optimized_css":["@media screen and (min-width:768px){.stk-985e112,.stk-ee2064c,.stk-1d7c46e,.stk-2a13252{flex:var(--stk-flex-grow,1) 1 25% !important}}"],"stackable_optimized_css_raw":["a:4:{s:7:\"985e112\";a:1:{i:0;a:2:{i:0;s:110:\"<style>@media screen and (min-width:768px){.stk-985e112{flex:var(--stk-flex-grow,1) 1 25% !important}}<\/style>\";i:1;s:95:\"@media screen and (min-width:768px){.stk-985e112{flex:var(--stk-flex-grow,1) 1 25% !important}}\";}}s:7:\"ee2064c\";a:1:{i:0;a:2:{i:0;s:110:\"<style>@media screen and (min-width:768px){.stk-ee2064c{flex:var(--stk-flex-grow,1) 1 25% !important}}<\/style>\";i:1;s:95:\"@media screen and (min-width:768px){.stk-ee2064c{flex:var(--stk-flex-grow,1) 1 25% !important}}\";}}s:7:\"1d7c46e\";a:1:{i:0;a:2:{i:0;s:110:\"<style>@media screen and (min-width:768px){.stk-1d7c46e{flex:var(--stk-flex-grow,1) 1 25% !important}}<\/style>\";i:1;s:95:\"@media screen and (min-width:768px){.stk-1d7c46e{flex:var(--stk-flex-grow,1) 1 25% !important}}\";}}s:7:\"2a13252\";a:1:{i:0;a:2:{i:0;s:110:\"<style>@media screen and (min-width:768px){.stk-2a13252{flex:var(--stk-flex-grow,1) 1 25% !important}}<\/style>\";i:1;s:95:\"@media screen and (min-width:768px){.stk-2a13252{flex:var(--stk-flex-grow,1) 1 25% !important}}\";}}}"],"_wpml_media_has_media":["1"],"_last_translation_edit_mode":["translation-editor"],"_thumbnail_id":["32880"],"_edit_last":["2"],"_encloseme":["1"],"_edit_lock":["1761132500:2"],"_yoast_wpseo_primary_category":["130"]},"yoast_head":"<!-- This site is optimized with the Yoast SEO plugin v22.8 - https:\/\/yoast.com\/wordpress\/plugins\/seo\/ -->\r\n<title>NUOVO ACCUMULATORE DI INERZIA HYDROKIT - ENERGIE EST, Lda.<\/title>\r\n<meta name=\"robots\" content=\"index, follow, max-snippet:-1, max-image-preview:large, max-video-preview:-1\" \/>\r\n<link rel=\"canonical\" href=\"https:\/\/energie.pt\/it\/mondiale-energie\/nuovo-accumulatore-di-inerzia-hydrokit\/\" \/>\r\n<meta property=\"og:locale\" content=\"it_IT\" \/>\r\n<meta property=\"og:type\" content=\"article\" \/>\r\n<meta property=\"og:title\" content=\"NUOVO ACCUMULATORE DI INERZIA HYDROKIT - ENERGIE EST, Lda.\" \/>\r\n<meta property=\"og:description\" content=\"ENERGIE presenta i nuovi accumulatori di inerzia HYDROKIT L\u2019installazione di un accumulatore di inerzia non deve essere complessa. Con questa visione ENERGIE ha sviluppato l\u2019HYDROKIT, una soluzione pronta all\u2019uso che semplifica il processo, riduce i tempi di montaggio e garantisce maggiore efficienza in ogni progetto. Dopo il modello da 100 litri, la gamma HYDROKIT include [&hellip;]\" \/>\r\n<meta property=\"og:url\" content=\"https:\/\/energie.pt\/it\/mondiale-energie\/nuovo-accumulatore-di-inerzia-hydrokit\/\" \/>\r\n<meta property=\"og:site_name\" content=\"ENERGIE EST, Lda.\" \/>\r\n<meta property=\"article:publisher\" content=\"https:\/\/www.facebook.com\/EnergiePortugalEst\/\" \/>\r\n<meta property=\"article:published_time\" content=\"2025-10-14T11:39:29+00:00\" \/>\r\n<meta property=\"article:modified_time\" content=\"2025-10-22T11:28:46+00:00\" \/>\r\n<meta property=\"og:image\" content=\"https:\/\/energie.pt\/wp-content\/uploads\/2025\/10\/SET_OUT_hydrokit-1024x543.png\" \/>\r\n\t<meta property=\"og:image:width\" content=\"1024\" \/>\r\n\t<meta property=\"og:image:height\" content=\"543\" \/>\r\n\t<meta property=\"og:image:type\" content=\"image\/png\" \/>\r\n<meta name=\"author\" content=\"Serafim Paredes\" \/>\r\n<meta name=\"twitter:card\" content=\"summary_large_image\" \/>\r\n<meta name=\"twitter:label1\" content=\"Scritto da\" \/>\n\t<meta name=\"twitter:data1\" content=\"Serafim Paredes\" \/>\n\t<meta name=\"twitter:label2\" content=\"Tempo di lettura stimato\" \/>\n\t<meta name=\"twitter:data2\" content=\"1 minuto\" \/>\r\n<script type=\"application\/ld+json\" class=\"yoast-schema-graph\">{\"@context\":\"https:\/\/schema.org\",\"@graph\":[{\"@type\":\"Article\",\"@id\":\"https:\/\/energie.pt\/it\/mondiale-energie\/nuovo-accumulatore-di-inerzia-hydrokit\/#article\",\"isPartOf\":{\"@id\":\"https:\/\/energie.pt\/it\/mondiale-energie\/nuovo-accumulatore-di-inerzia-hydrokit\/\"},\"author\":{\"name\":\"Serafim Paredes\",\"@id\":\"https:\/\/energie.pt\/it\/#\/schema\/person\/fbbc926447d5bcdd4272d1b2b459c176\"},\"headline\":\"NUOVO ACCUMULATORE DI INERZIA HYDROKIT\",\"datePublished\":\"2025-10-14T11:39:29+00:00\",\"dateModified\":\"2025-10-22T11:28:46+00:00\",\"mainEntityOfPage\":{\"@id\":\"https:\/\/energie.pt\/it\/mondiale-energie\/nuovo-accumulatore-di-inerzia-hydrokit\/\"},\"wordCount\":180,\"publisher\":{\"@id\":\"https:\/\/energie.pt\/it\/#organization\"},\"image\":{\"@id\":\"https:\/\/energie.pt\/it\/mondiale-energie\/nuovo-accumulatore-di-inerzia-hydrokit\/#primaryimage\"},\"thumbnailUrl\":\"https:\/\/energie.pt\/wp-content\/uploads\/2025\/10\/SET_OUT_hydrokit.png\",\"articleSection\":[\"Mondiale Energie\",\"Notizia\"],\"inLanguage\":\"it-IT\"},{\"@type\":\"WebPage\",\"@id\":\"https:\/\/energie.pt\/it\/mondiale-energie\/nuovo-accumulatore-di-inerzia-hydrokit\/\",\"url\":\"https:\/\/energie.pt\/it\/mondiale-energie\/nuovo-accumulatore-di-inerzia-hydrokit\/\",\"name\":\"NUOVO ACCUMULATORE DI INERZIA HYDROKIT - ENERGIE EST, Lda.\",\"isPartOf\":{\"@id\":\"https:\/\/energie.pt\/it\/#website\"},\"primaryImageOfPage\":{\"@id\":\"https:\/\/energie.pt\/it\/mondiale-energie\/nuovo-accumulatore-di-inerzia-hydrokit\/#primaryimage\"},\"image\":{\"@id\":\"https:\/\/energie.pt\/it\/mondiale-energie\/nuovo-accumulatore-di-inerzia-hydrokit\/#primaryimage\"},\"thumbnailUrl\":\"https:\/\/energie.pt\/wp-content\/uploads\/2025\/10\/SET_OUT_hydrokit.png\",\"datePublished\":\"2025-10-14T11:39:29+00:00\",\"dateModified\":\"2025-10-22T11:28:46+00:00\",\"breadcrumb\":{\"@id\":\"https:\/\/energie.pt\/it\/mondiale-energie\/nuovo-accumulatore-di-inerzia-hydrokit\/#breadcrumb\"},\"inLanguage\":\"it-IT\",\"potentialAction\":[{\"@type\":\"ReadAction\",\"target\":[\"https:\/\/energie.pt\/it\/mondiale-energie\/nuovo-accumulatore-di-inerzia-hydrokit\/\"]}]},{\"@type\":\"ImageObject\",\"inLanguage\":\"it-IT\",\"@id\":\"https:\/\/energie.pt\/it\/mondiale-energie\/nuovo-accumulatore-di-inerzia-hydrokit\/#primaryimage\",\"url\":\"https:\/\/energie.pt\/wp-content\/uploads\/2025\/10\/SET_OUT_hydrokit.png\",\"contentUrl\":\"https:\/\/energie.pt\/wp-content\/uploads\/2025\/10\/SET_OUT_hydrokit.png\",\"width\":2251,\"height\":1194},{\"@type\":\"BreadcrumbList\",\"@id\":\"https:\/\/energie.pt\/it\/mondiale-energie\/nuovo-accumulatore-di-inerzia-hydrokit\/#breadcrumb\",\"itemListElement\":[{\"@type\":\"ListItem\",\"position\":1,\"name\":\"Homepage\",\"item\":\"https:\/\/energie.pt\/it\/\"},{\"@type\":\"ListItem\",\"position\":2,\"name\":\"Mondiale Energie\",\"item\":\"https:\/\/energie.pt\/it\/category\/mondiale-energie\/\"},{\"@type\":\"ListItem\",\"position\":3,\"name\":\"NUOVO ACCUMULATORE DI INERZIA HYDROKIT\"}]},{\"@type\":\"WebSite\",\"@id\":\"https:\/\/energie.pt\/it\/#website\",\"url\":\"https:\/\/energie.pt\/it\/\",\"name\":\"ENERGIE\",\"description\":\"Soluzioni termodinamiche per l'energia solare, climatizzazione, pompe di calore e ACS\",\"publisher\":{\"@id\":\"https:\/\/energie.pt\/it\/#organization\"},\"alternateName\":\"ENERGIE\",\"potentialAction\":[{\"@type\":\"SearchAction\",\"target\":{\"@type\":\"EntryPoint\",\"urlTemplate\":\"https:\/\/energie.pt\/it\/?s={search_term_string}\"},\"query-input\":\"required name=search_term_string\"}],\"inLanguage\":\"it-IT\"},{\"@type\":\"Organization\",\"@id\":\"https:\/\/energie.pt\/it\/#organization\",\"name\":\"Energie - Thermodynamic Solar Energy\",\"alternateName\":\"Energie\",\"url\":\"https:\/\/energie.pt\/it\/\",\"logo\":{\"@type\":\"ImageObject\",\"inLanguage\":\"it-IT\",\"@id\":\"https:\/\/energie.pt\/it\/#\/schema\/logo\/image\/\",\"url\":\"https:\/\/energie.pt\/wp-content\/uploads\/2021\/06\/logo_energie.svg\",\"contentUrl\":\"https:\/\/energie.pt\/wp-content\/uploads\/2021\/06\/logo_energie.svg\",\"width\":190,\"height\":55,\"caption\":\"Energie - Thermodynamic Solar Energy\"},\"image\":{\"@id\":\"https:\/\/energie.pt\/it\/#\/schema\/logo\/image\/\"},\"sameAs\":[\"https:\/\/www.facebook.com\/EnergiePortugalEst\/\",\"https:\/\/www.instagram.com\/energieportugal\/\",\"https:\/\/www.youtube.com\/channel\/UCnItbF_zm_YZ1tFqzUcVgPQ\",\"https:\/\/www.linkedin.com\/company\/energieportugal\/\"]},{\"@type\":\"Person\",\"@id\":\"https:\/\/energie.pt\/it\/#\/schema\/person\/fbbc926447d5bcdd4272d1b2b459c176\",\"name\":\"Serafim Paredes\",\"sameAs\":[\"https:\/\/energie.pt\/\"],\"url\":\"https:\/\/energie.pt\/it\/author\/serafim\/\"}]}<\/script>\r\n<!-- \/ Yoast SEO plugin. -->","yoast_head_json":{"title":"NUOVO ACCUMULATORE DI INERZIA HYDROKIT - ENERGIE EST, Lda.","robots":{"index":"index","follow":"follow","max-snippet":"max-snippet:-1","max-image-preview":"max-image-preview:large","max-video-preview":"max-video-preview:-1"},"canonical":"https:\/\/energie.pt\/it\/mondiale-energie\/nuovo-accumulatore-di-inerzia-hydrokit\/","og_locale":"it_IT","og_type":"article","og_title":"NUOVO ACCUMULATORE DI INERZIA HYDROKIT - ENERGIE EST, Lda.","og_description":"ENERGIE presenta i nuovi accumulatori di inerzia HYDROKIT L\u2019installazione di un accumulatore di inerzia non deve essere complessa. Con questa visione ENERGIE ha sviluppato l\u2019HYDROKIT, una soluzione pronta all\u2019uso che semplifica il processo, riduce i tempi di montaggio e garantisce maggiore efficienza in ogni progetto. Dopo il modello da 100 litri, la gamma HYDROKIT include [&hellip;]","og_url":"https:\/\/energie.pt\/it\/mondiale-energie\/nuovo-accumulatore-di-inerzia-hydrokit\/","og_site_name":"ENERGIE EST, Lda.","article_publisher":"https:\/\/www.facebook.com\/EnergiePortugalEst\/","article_published_time":"2025-10-14T11:39:29+00:00","article_modified_time":"2025-10-22T11:28:46+00:00","og_image":[{"width":1024,"height":543,"url":"https:\/\/energie.pt\/wp-content\/uploads\/2025\/10\/SET_OUT_hydrokit-1024x543.png","type":"image\/png"}],"author":"Serafim Paredes","twitter_card":"summary_large_image","twitter_misc":{"Scritto da":"Serafim Paredes","Tempo di lettura stimato":"1 minuto"},"schema":{"@context":"https:\/\/schema.org","@graph":[{"@type":"Article","@id":"https:\/\/energie.pt\/it\/mondiale-energie\/nuovo-accumulatore-di-inerzia-hydrokit\/#article","isPartOf":{"@id":"https:\/\/energie.pt\/it\/mondiale-energie\/nuovo-accumulatore-di-inerzia-hydrokit\/"},"author":{"name":"Serafim Paredes","@id":"https:\/\/energie.pt\/it\/#\/schema\/person\/fbbc926447d5bcdd4272d1b2b459c176"},"headline":"NUOVO ACCUMULATORE DI INERZIA HYDROKIT","datePublished":"2025-10-14T11:39:29+00:00","dateModified":"2025-10-22T11:28:46+00:00","mainEntityOfPage":{"@id":"https:\/\/energie.pt\/it\/mondiale-energie\/nuovo-accumulatore-di-inerzia-hydrokit\/"},"wordCount":180,"publisher":{"@id":"https:\/\/energie.pt\/it\/#organization"},"image":{"@id":"https:\/\/energie.pt\/it\/mondiale-energie\/nuovo-accumulatore-di-inerzia-hydrokit\/#primaryimage"},"thumbnailUrl":"https:\/\/energie.pt\/wp-content\/uploads\/2025\/10\/SET_OUT_hydrokit.png","articleSection":["Mondiale Energie","Notizia"],"inLanguage":"it-IT"},{"@type":"WebPage","@id":"https:\/\/energie.pt\/it\/mondiale-energie\/nuovo-accumulatore-di-inerzia-hydrokit\/","url":"https:\/\/energie.pt\/it\/mondiale-energie\/nuovo-accumulatore-di-inerzia-hydrokit\/","name":"NUOVO ACCUMULATORE DI INERZIA HYDROKIT - ENERGIE EST, Lda.","isPartOf":{"@id":"https:\/\/energie.pt\/it\/#website"},"primaryImageOfPage":{"@id":"https:\/\/energie.pt\/it\/mondiale-energie\/nuovo-accumulatore-di-inerzia-hydrokit\/#primaryimage"},"image":{"@id":"https:\/\/energie.pt\/it\/mondiale-energie\/nuovo-accumulatore-di-inerzia-hydrokit\/#primaryimage"},"thumbnailUrl":"https:\/\/energie.pt\/wp-content\/uploads\/2025\/10\/SET_OUT_hydrokit.png","datePublished":"2025-10-14T11:39:29+00:00","dateModified":"2025-10-22T11:28:46+00:00","breadcrumb":{"@id":"https:\/\/energie.pt\/it\/mondiale-energie\/nuovo-accumulatore-di-inerzia-hydrokit\/#breadcrumb"},"inLanguage":"it-IT","potentialAction":[{"@type":"ReadAction","target":["https:\/\/energie.pt\/it\/mondiale-energie\/nuovo-accumulatore-di-inerzia-hydrokit\/"]}]},{"@type":"ImageObject","inLanguage":"it-IT","@id":"https:\/\/energie.pt\/it\/mondiale-energie\/nuovo-accumulatore-di-inerzia-hydrokit\/#primaryimage","url":"https:\/\/energie.pt\/wp-content\/uploads\/2025\/10\/SET_OUT_hydrokit.png","contentUrl":"https:\/\/energie.pt\/wp-content\/uploads\/2025\/10\/SET_OUT_hydrokit.png","width":2251,"height":1194},{"@type":"BreadcrumbList","@id":"https:\/\/energie.pt\/it\/mondiale-energie\/nuovo-accumulatore-di-inerzia-hydrokit\/#breadcrumb","itemListElement":[{"@type":"ListItem","position":1,"name":"Homepage","item":"https:\/\/energie.pt\/it\/"},{"@type":"ListItem","position":2,"name":"Mondiale Energie","item":"https:\/\/energie.pt\/it\/category\/mondiale-energie\/"},{"@type":"ListItem","position":3,"name":"NUOVO ACCUMULATORE DI INERZIA HYDROKIT"}]},{"@type":"WebSite","@id":"https:\/\/energie.pt\/it\/#website","url":"https:\/\/energie.pt\/it\/","name":"ENERGIE","description":"Soluzioni termodinamiche per l'energia solare, climatizzazione, pompe di calore e ACS","publisher":{"@id":"https:\/\/energie.pt\/it\/#organization"},"alternateName":"ENERGIE","potentialAction":[{"@type":"SearchAction","target":{"@type":"EntryPoint","urlTemplate":"https:\/\/energie.pt\/it\/?s={search_term_string}"},"query-input":"required name=search_term_string"}],"inLanguage":"it-IT"},{"@type":"Organization","@id":"https:\/\/energie.pt\/it\/#organization","name":"Energie - Thermodynamic Solar Energy","alternateName":"Energie","url":"https:\/\/energie.pt\/it\/","logo":{"@type":"ImageObject","inLanguage":"it-IT","@id":"https:\/\/energie.pt\/it\/#\/schema\/logo\/image\/","url":"https:\/\/energie.pt\/wp-content\/uploads\/2021\/06\/logo_energie.svg","contentUrl":"https:\/\/energie.pt\/wp-content\/uploads\/2021\/06\/logo_energie.svg","width":190,"height":55,"caption":"Energie - Thermodynamic Solar Energy"},"image":{"@id":"https:\/\/energie.pt\/it\/#\/schema\/logo\/image\/"},"sameAs":["https:\/\/www.facebook.com\/EnergiePortugalEst\/","https:\/\/www.instagram.com\/energieportugal\/","https:\/\/www.youtube.com\/channel\/UCnItbF_zm_YZ1tFqzUcVgPQ","https:\/\/www.linkedin.com\/company\/energieportugal\/"]},{"@type":"Person","@id":"https:\/\/energie.pt\/it\/#\/schema\/person\/fbbc926447d5bcdd4272d1b2b459c176","name":"Serafim Paredes","sameAs":["https:\/\/energie.pt\/"],"url":"https:\/\/energie.pt\/it\/author\/serafim\/"}]}},"_links":{"self":[{"href":"https:\/\/energie.pt\/it\/wp-json\/wp\/v2\/posts\/32873"}],"collection":[{"href":"https:\/\/energie.pt\/it\/wp-json\/wp\/v2\/posts"}],"about":[{"href":"https:\/\/energie.pt\/it\/wp-json\/wp\/v2\/types\/post"}],"author":[{"embeddable":true,"href":"https:\/\/energie.pt\/it\/wp-json\/wp\/v2\/users\/2"}],"replies":[{"embeddable":true,"href":"https:\/\/energie.pt\/it\/wp-json\/wp\/v2\/comments?post=32873"}],"version-history":[{"count":1,"href":"https:\/\/energie.pt\/it\/wp-json\/wp\/v2\/posts\/32873\/revisions"}],"predecessor-version":[{"id":32874,"href":"https:\/\/energie.pt\/it\/wp-json\/wp\/v2\/posts\/32873\/revisions\/32874"}],"wp:featuredmedia":[{"embeddable":true,"href":"https:\/\/energie.pt\/it\/wp-json\/wp\/v2\/media\/32880"}],"wp:attachment":[{"href":"https:\/\/energie.pt\/it\/wp-json\/wp\/v2\/media?parent=32873"}],"wp:term":[{"taxonomy":"category","embeddable":true,"href":"https:\/\/energie.pt\/it\/wp-json\/wp\/v2\/categories?post=32873"},{"taxonomy":"post_tag","embeddable":true,"href":"https:\/\/energie.pt\/it\/wp-json\/wp\/v2\/tags?post=32873"}],"curies":[{"name":"wp","href":"https:\/\/api.w.org\/{rel}","templated":true}]}}